{"id":522334,"date":"2024-04-11T12:49:24","date_gmt":"2024-04-11T16:49:24","guid":{"rendered":"https:\/\/diariodominicano.com\/?p=522334"},"modified":"2024-04-11T12:54:01","modified_gmt":"2024-04-11T16:54:01","slug":"el-map-informa-reubico-empleados-de-carrera-de-la-omsa-tras-proceso-de-transicion-a-empresa-publica","status":"publish","type":"post","link":"https:\/\/diariodominicano.com\/?p=522334","title":{"rendered":"MAP \u00a0reubica\u00a0 empleados \u00a0de\u00a0 carrera\u00a0 de la\u00a0 OMSA \u00a0tras\u00a0proceso \u00a0de\u00a0 transici\u00f3n\u00a0a\u00a0 empresa\u00a0 p\u00fablica"},"content":{"rendered":"\n<p><strong>Santo Domingo, RD. \u2013<\/strong>&nbsp;El Ministerio de Administraci\u00f3n&nbsp;P\u00fablica&nbsp;(MAP) inform\u00f3 de la reubicaci\u00f3n de 19&nbsp;empleados&nbsp;p\u00fablicos pertenecientes al Sistema de&nbsp;Carrera&nbsp;Administrativa, quienes optaron por ser trasladados&nbsp;a otros entes y \u00f3rganos, luego del&nbsp;proceso&nbsp;de reforma de la&nbsp;Oficina Metropolitana de Servicios de Autobuses (OMSA)&nbsp;a&nbsp;empresa&nbsp;p\u00fablica, donde desempe\u00f1aban labores.<\/p>\n\n\n\n<p>La medida, responde a que,&nbsp;al momento de esta transformaci\u00f3n, la instituci\u00f3n operaba bajo el \u00e1mbito de aplicaci\u00f3n de la Ley No. 41-08 de Funci\u00f3n&nbsp;P\u00fablica, y dada esta&nbsp;transici\u00f3n, su personal se regir\u00e1 bajo el C\u00f3digo Laboral, tal como se\u00f1ala el principio III de la Ley 16-92 del C\u00f3digo&nbsp;de Trabajo y los Decretos No.167-23 y No. 520-23.<\/p>\n\n\n\n<p>Como resultado, los 19 servidores mantendr\u00e1n su estatus de&nbsp;Carrera&nbsp;Administrativa al ser trasladados a cuatro ministerios y una direcci\u00f3n general, reconoci\u00e9ndoles as\u00ed sus derechos, los cuales se refuerzan en el art\u00edculo 4 de la Ley No. 107-13 sobre los Derechos de las Personas en sus Relaciones con la Administraci\u00f3n y de Procedimientos Administrativo.<\/p>\n\n\n\n<p>Desde la promulgaci\u00f3n de la Ley 41-08 de Funci\u00f3n&nbsp;P\u00fablica, esta es la primera vez que&nbsp;empleados&nbsp;de&nbsp;Carrera&nbsp;son reubicados en otras instituciones del Estado, marcando as\u00ed un hito que fortalece la profesionalizaci\u00f3n de la funci\u00f3n&nbsp;p\u00fablica&nbsp;en esta gesti\u00f3n de gobierno.<\/p>\n\n\n\n<p>++++++<\/p>\n\n\n\n<p>Departamento de Comunicaciones&nbsp;MAP<\/p>\n\n\n\n<p><strong>809-682-3298 ext. 2202<\/strong><\/p>\n","protected":false},"excerpt":{"rendered":"<p>Santo Domingo, RD. \u2013&nbsp;El Ministerio de Administraci\u00f3n&nbsp;P\u00fablica&nbsp;(MAP) inform\u00f3 de la reubicaci\u00f3n de 19&nbsp;empleados&nbsp;p\u00fablicos pertenecientes al Sistema de&nbsp;Carrera&nbsp;Administrativa, quienes optaron por ser trasladados&nbsp;a otros entes y \u00f3rganos, luego del&nbsp;proceso&nbsp;de reforma de la&nbsp;Oficina Metropolitana de Servicios de Autobuses (OMSA)&nbsp;a&nbsp;empresa&nbsp;p\u00fablica, donde desempe\u00f1aban labores. La medida, responde a que,&nbsp;al momento de esta transformaci\u00f3n, la instituci\u00f3n operaba bajo el \u00e1mbito [&hellip;]<\/p>\n","protected":false},"author":7,"featured_media":522471,"comment_status":"closed","ping_status":"","sticky":true,"template":"","format":"standard","meta":{"footnotes":""},"categories":[20,27],"tags":[],"class_list":["post-522334","post","type-post","status-publish","format-standard","has-post-thumbnail","hentry","category-dominicana-hoy","category-portada"],"_links":{"self":[{"href":"https:\/\/diariodominicano.com\/index.php?rest_route=\/wp\/v2\/posts\/522334","targetHints":{"allow":["GET"]}}],"collection":[{"href":"https:\/\/diariodominicano.com\/index.php?rest_route=\/wp\/v2\/posts"}],"about":[{"href":"https:\/\/diariodominicano.com\/index.php?rest_route=\/wp\/v2\/types\/post"}],"author":[{"embeddable":true,"href":"https:\/\/diariodominicano.com\/index.php?rest_route=\/wp\/v2\/users\/7"}],"replies":[{"embeddable":true,"href":"https:\/\/diariodominicano.com\/index.php?rest_route=%2Fwp%2Fv2%2Fcomments&post=522334"}],"version-history":[{"count":3,"href":"https:\/\/diariodominicano.com\/index.php?rest_route=\/wp\/v2\/posts\/522334\/revisions"}],"predecessor-version":[{"id":522481,"href":"https:\/\/diariodominicano.com\/index.php?rest_route=\/wp\/v2\/posts\/522334\/revisions\/522481"}],"wp:featuredmedia":[{"embeddable":true,"href":"https:\/\/diariodominicano.com\/index.php?rest_route=\/wp\/v2\/media\/522471"}],"wp:attachment":[{"href":"https:\/\/diariodominicano.com\/index.php?rest_route=%2Fwp%2Fv2%2Fmedia&parent=522334"}],"wp:term":[{"taxonomy":"category","embeddable":true,"href":"https:\/\/diariodominicano.com\/index.php?rest_route=%2Fwp%2Fv2%2Fcategories&post=522334"},{"taxonomy":"post_tag","embeddable":true,"href":"https:\/\/diariodominicano.com\/index.php?rest_route=%2Fwp%2Fv2%2Ftags&post=522334"}],"curies":[{"name":"wp","href":"https:\/\/api.w.org\/{rel}","templated":true}]}}