{"id":522333,"date":"2024-04-11T12:07:46","date_gmt":"2024-04-11T16:07:46","guid":{"rendered":"https:\/\/diariodominicano.com\/?p=522333"},"modified":"2024-04-11T13:43:43","modified_gmt":"2024-04-11T17:43:43","slug":"feda-impulsa-la-diversificacion-agropecuaria-del-este","status":"publish","type":"post","link":"https:\/\/diariodominicano.com\/?p=522333","title":{"rendered":"El FEDA anuncia impulsa la diversificaci\u00f3n agropecuaria del Este"},"content":{"rendered":"\n<p><em>Feria Ecotur\u00edstica y de Producci\u00f3n marca un hito en el desarrollo local\u00a0<\/em> <\/p>\n\n\n\n<p>El Fondo Especial para el Desarrollo Agropecuario (FEDA) est\u00e1 liderando un impulso hacia la diversificaci\u00f3n agropecuaria del Este, motivando la introducci\u00f3n de nuevos sectores agropecuarios y de econom\u00edas de escala como la agroindustrializaci\u00f3n, la producci\u00f3n de coco, tilapia y afianzando la mejora del sectores tradicionales como el cacao, el arroz y ganader\u00eda, as\u00ed lo asegur\u00f3 el director del FEDA, Hecmilio Galv\u00e1n, durante la Conferencia sobre Producci\u00f3n y Situaci\u00f3n del Sector Agropecuario en las provincias de Hato Mayor, El Seibo y Saman\u00e1 donde destac\u00f3 la importancia de ampliar la producci\u00f3n y explorar nuevos sectores en la regi\u00f3n.<\/p>\n\n\n\n<p>Seg\u00fan Galv\u00e1n, la celebraci\u00f3n de&nbsp; La XXVIII Feria Ecotur\u00edstica y de Producci\u00f3n en Sabana de la Mar marca un hito en el renacimiento de la regi\u00f3n porque es una gran oportunidad para conocer los avances y poner en perspectivas las necesidades de la Regi\u00f3n en dicho evento que se extender\u00e1 hasta el 14 de abril de este a\u00f1o y que promete ofrecer una experiencia \u00fanica para los visitantes.<\/p>\n\n\n\n<p>El municipio de Sabana de la Mar, conocido por su producci\u00f3n tradicional que abarca desde arroz hasta ganader\u00eda, se enfrenta al desaf\u00edo de expandirse hacia otros cultivos y sectores de manera m\u00e1s moderna y productiva. Para abordar esta meta, el FEDA planea introducir al menos 40 mil semillas de coco y la instalaci\u00f3n de un vivero de producci\u00f3n de coco, fomentando as\u00ed la diversificaci\u00f3n y fortaleciendo el emprendimiento local.<\/p>\n\n\n\n<p>Galv\u00e1n enfatiz\u00f3 la importancia de trabajar con la juventud y las mujeres en el desarrollo econ\u00f3mico de la regi\u00f3n, promoviendo la creaci\u00f3n de asociaciones para el desarrollo y consolidando el turismo como un pilar fundamental para el crecimiento local.<\/p>\n\n\n\n<p>Destacando la presencia de India como pa\u00eds invitado, la feria subraya la importancia del intercambio cultural y econ\u00f3mico. El embajador de la India, Ramu Abbagani, extendi\u00f3 una c\u00e1lida invitaci\u00f3n a todos los presentes a visitar su pa\u00eds, fortaleciendo as\u00ed los lazos diplom\u00e1ticos entre ambas naciones.<\/p>\n\n\n\n<p>Durante la feria, se llevar\u00e1 a cabo capacitaciones especializadas sobre el cultivo del coco y del cacao, impulsadas por el FEDA, abordando aspectos cruciales como la preparaci\u00f3n del terreno y las t\u00e9cnicas de siembra. Los asistentes tendr\u00e1n la oportunidad de aprender sobre las mejores pr\u00e1cticas para maximizar la producci\u00f3n y garantizar la calidad de estos cultivos tan importantes para la regi\u00f3n.&nbsp;<\/p>\n\n\n\n<p>Esta feria, celebrada veinticinco a\u00f1os despu\u00e9s de la primera edici\u00f3n en 1999, ha experimentado una transformaci\u00f3n radical, evolucionando desde sus humildes comienzos hasta convertirse en la semilla de lo que se plant\u00f3 en la primera edici\u00f3n. Lo que una vez fue un evento modesto ha florecido en una celebraci\u00f3n vibrante y pr\u00f3spera que atrae a visitantes de todo el mundo. La visi\u00f3n y el esfuerzo dedicados en aquel entonces ahora se reflejan en el crecimiento sostenible y la abundancia que define la feria en la actualidad. Es un testimonio vivo del progreso y la determinaci\u00f3n de la comunidad de Sabana de la Mar en su camino hacia un futuro a\u00fan m\u00e1s brillante.<\/p>\n\n\n\n<p>La Feria Ecotur\u00edstica y de Producci\u00f3n no solo es un evento, es un testimonio del prometedor futuro que aguarda a Sabana de la Mar y una muestra del compromiso del FEDA y sus habitantes en construir un camino hacia un desarrollo sostenible y pr\u00f3spero.&nbsp;<\/p>\n\n\n\n<h3 class=\"wp-block-heading\"><strong>FONDO ESPECIAL PARA EL DESARROLLO AGROPECUARIO FEDA<\/strong><strong> <\/strong><strong>&lt;<\/strong><a href=\"mailto:relacionespublicasfeda@gmail.com\"><strong>relacionespublicasfeda@gmail.com<\/strong><\/a><strong>&gt;&nbsp;<\/strong><\/h3>\n","protected":false},"excerpt":{"rendered":"<p>Feria Ecotur\u00edstica y de Producci\u00f3n marca un hito en el desarrollo local\u00a0 El Fondo Especial para el Desarrollo Agropecuario (FEDA) est\u00e1 liderando un impulso hacia la diversificaci\u00f3n agropecuaria del Este, motivando la introducci\u00f3n de nuevos sectores agropecuarios y de econom\u00edas de escala como la agroindustrializaci\u00f3n, la producci\u00f3n de coco, tilapia y afianzando la mejora del [&hellip;]<\/p>\n","protected":false},"author":7,"featured_media":522448,"comment_status":"closed","ping_status":"","sticky":true,"template":"","format":"standard","meta":{"footnotes":""},"categories":[20,27],"tags":[],"class_list":["post-522333","post","type-post","status-publish","format-standard","has-post-thumbnail","hentry","category-dominicana-hoy","category-portada"],"_links":{"self":[{"href":"https:\/\/diariodominicano.com\/index.php?rest_route=\/wp\/v2\/posts\/522333","targetHints":{"allow":["GET"]}}],"collection":[{"href":"https:\/\/diariodominicano.com\/index.php?rest_route=\/wp\/v2\/posts"}],"about":[{"href":"https:\/\/diariodominicano.com\/index.php?rest_route=\/wp\/v2\/types\/post"}],"author":[{"embeddable":true,"href":"https:\/\/diariodominicano.com\/index.php?rest_route=\/wp\/v2\/users\/7"}],"replies":[{"embeddable":true,"href":"https:\/\/diariodominicano.com\/index.php?rest_route=%2Fwp%2Fv2%2Fcomments&post=522333"}],"version-history":[{"count":4,"href":"https:\/\/diariodominicano.com\/index.php?rest_route=\/wp\/v2\/posts\/522333\/revisions"}],"predecessor-version":[{"id":522497,"href":"https:\/\/diariodominicano.com\/index.php?rest_route=\/wp\/v2\/posts\/522333\/revisions\/522497"}],"wp:featuredmedia":[{"embeddable":true,"href":"https:\/\/diariodominicano.com\/index.php?rest_route=\/wp\/v2\/media\/522448"}],"wp:attachment":[{"href":"https:\/\/diariodominicano.com\/index.php?rest_route=%2Fwp%2Fv2%2Fmedia&parent=522333"}],"wp:term":[{"taxonomy":"category","embeddable":true,"href":"https:\/\/diariodominicano.com\/index.php?rest_route=%2Fwp%2Fv2%2Fcategories&post=522333"},{"taxonomy":"post_tag","embeddable":true,"href":"https:\/\/diariodominicano.com\/index.php?rest_route=%2Fwp%2Fv2%2Ftags&post=522333"}],"curies":[{"name":"wp","href":"https:\/\/api.w.org\/{rel}","templated":true}]}}