{"id":52217,"date":"2020-06-30T14:43:43","date_gmt":"2020-06-30T14:43:43","guid":{"rendered":"http:\/\/diariodominicano.ddns.net\/?p=52217"},"modified":"2020-06-30T14:43:43","modified_gmt":"2020-06-30T14:43:43","slug":"iibi-inaugura-banco-de-germoplasma-para-la-seguridad-alimentaria","status":"publish","type":"post","link":"https:\/\/diariodominicano.com\/?p=52217","title":{"rendered":"IIBI inaugura Banco de Germoplasma para la Seguridad Alimentaria&#13;"},"content":{"rendered":"<p><body><\/p>\n<p><img decoding=\"async\" src=\"img3\/IIBI-30-6-20.jpg\" \/>  <\/p>\n<p><span class=\"text1noticias\"> <\/span><\/p>\n<p><span class=\"text1noticias\">diariodominicano.com<\/span><\/p>\n<p><span class=\"text1noticias\"> <\/span><\/p>\n<p><span class=\"text1noticias\"> Santo Domingo, R. D., 30 de junio, 2020. &#8211; El Instituto de Innovaci\u00f3n en Biotecnolog\u00eda e Industria (IIBI), inaugur\u00f3 este martes el Banco de Germoplasma del Centro de Biotecnolog\u00eda Vegetal con el objetivo de fortalecer la seguridad alimentaria, conservar la diversidad gen\u00e9tica de especies vegetales de inter\u00e9s agr\u00edcola del pa\u00eds y promover las ventajas comparativas en t\u00e9rminos de biodiversidad.<\/span><\/p>\n<p><span class=\"text1noticias\"> <\/span><\/p>\n<p><span class=\"text1noticias\">Dicho lugar, que hasta el momento conserva m\u00e1s de 80 variedades de mus\u00e1ceas, tub\u00e9rculos y plantas medicinales, permitir\u00e1 contar con una diversidad gen\u00e9tica fundamental para suplir las necesidades de los sectores productivo, acad\u00e9mico y cient\u00edfico de Rep\u00fablica Dominicana.<\/span><\/p>\n<p><span class=\"text1noticias\"> <\/span><\/p>\n<p><span class=\"text1noticias\">Al encabezar el acto de inauguraci\u00f3n, la Directora Ejecutiva del IIBI, doctora Agripina Ram\u00edrez, resalt\u00f3 la importancia de este nuevo banco de germoplasma para el agricultor que desee producir plantas sanas de inter\u00e9s agr\u00edcola, multiplicadas in vitro. <\/span><\/p>\n<p><span class=\"text1noticias\"> <\/span><\/p>\n<p><span class=\"text1noticias\">\u00abEsta iniciativa naci\u00f3 del inter\u00e9s prioritario del pa\u00eds de garantizar la conservaci\u00f3n de varios cultivares a nivel in vitro y en campo, alineado a la visi\u00f3n actualizada de la declaraci\u00f3n del a\u00f1o 2020 como el \u00abA\u00f1o de la Consolidaci\u00f3n de la Seguridad Alimentaria\u00bb, as\u00ed como de acompa\u00f1ar a nuestros productores para que obtengan cosechas sustentables y de calidad que les permitan competir en el mercado, sostuvo.<\/span><\/p>\n<p><span class=\"text1noticias\"> <\/span><\/p>\n<p><span class=\"text1noticias\">La titular del IIBI indic\u00f3 que los bancos de germoplasmas se constituyen en aliados de la sustentabilidad ambiental territorial y global, por lo que consider\u00f3 necesario fomentar el aprovechamiento de la biodiversidad de manera adecuada, considerando su conservaci\u00f3n y su uso sustentable.<\/span><\/p>\n<p><span class=\"text1noticias\"> <\/span><\/p>\n<p><span class=\"text1noticias\">\u00abEl establecimiento de bancos de germoplasmas in vitro y conservaci\u00f3n ex situ o campo abierto, se han convertido en una alternativa para conservar la diversidad gen\u00e9tica en algunas especies vegetales de inter\u00e9s agr\u00edcola, en la obtenci\u00f3n de pl\u00e1ntulas de calidad de buen rendimiento y resistencia a diversas plagas y enfermedades\u00bb, puntualiz\u00f3. <\/span><\/p>\n<p><span class=\"text1noticias\"> <\/span><\/p>\n<p><span class=\"text1noticias\">En ese sentido, destac\u00f3 la importancia de contar con un registro adecuado de diversas variedades de especies vegetales para el desarrollo de proyectos de investigaci\u00f3n, cuyos resultados generen un mejor aprovechamiento de los recursos gen\u00e9ticos y la competitividad del sector agr\u00edcola nacional.<\/span><\/p>\n<p><span class=\"text1noticias\"> <\/span><\/p>\n<p><span class=\"text1noticias\">El Banco de Germoplasma del IIBI servir\u00e1 de base para agregar valor a los diferentes rubros para proyectos de industrializaci\u00f3n en las \u00e1reas de Biotecnolog\u00eda Industrial, Farmac\u00e9utica, Vegetal y Aplicada al Medio Ambiente, mediante el cual ser\u00e1 posible la multiplicaci\u00f3n de genotipos de inter\u00e9s para ponerlos a disposici\u00f3n de los productores y diferentes asociaciones del sector.<\/span><\/p>\n<p><span class=\"text1noticias\"> <\/span><\/p>\n<p><span class=\"text1noticias\">En dicho banco se encuentran rubros de varias especies comerciales, entre ellas una colecci\u00f3n de 21 variedades mus\u00e1ceas (bananos, pl\u00e1tanos y rulos), yuca, batata, pi\u00f1a, pitahaya, yaut\u00eda, flor de jamaica, as\u00ed como plantas medicinales, entre otras.<\/span><\/p>\n<p><span class=\"text1noticias\"> <\/span><\/p>\n<p><span class=\"text1noticias\">Con esta iniciativa, el IIBI contribuye con el cumplimiento de los lineamientos de la Estrategia Nacional de Desarrollo, los Objetivos de Desarrollo Sostenible, as\u00ed como tambi\u00e9n con las directrices de la Ley de Biodiversidad, en beneficio de nuestros productores y en favor de la seguridad alimentaria.<\/span><\/p>\n<p><span class=\"text1noticias\"> <\/span><\/p>\n<p><span class=\"text1noticias\">La actividad cont\u00f3 con la presencia de Rafael P\u00e9rez Duverg\u00e9, Director Ejecutivo del Instituto Dominicano de Investigaciones Agropecuarias y Forestales (IDIAF); Miguel Mart\u00ednez, encargado del Centro de Tecnolog\u00edas Agr\u00edcolas de esa entidad. Tambi\u00e9n estuvieron presentes Fausto Monegro del Instituto Agrario Dominicano (IAD) y Luis S\u00e1nchez del Departamento de Inocuidad Agroalimentaria del Ministerio de Agricultura.<\/span><\/p>\n<p><span class=\"text1noticias\"> <\/span><\/p>\n<p><span class=\"text1noticias\">Esta iniciativa cont\u00f3 con el apoyo de instituciones como el Ministerio de Educaci\u00f3n Superior, Ciencia y Tecnolog\u00eda (MESCYT), el Ministerio de Medio Ambiente y Recursos Naturales, Ministerio de Agricultura, Instituto Agrario Dominicano (IAD) y el Instituto Dominicano de Investigaciones Agropecuarias y Foresta<\/span>les (IDIAF). <\/p>\n<\/p>\n<p><span class=\"text1noticias\">Fuente: IIBI Comunicaciones<\/span><\/p>\n<p><span class=\"text1noticias\">Diana C. Rodr\u00edguez<\/span><\/p>\n<p><span class=\"text1noticias\">Encargada de Comunicaciones <\/span><\/p>\n<h6> 2020-06-30 14:43:43 <\/h6>\n<p><!--\n<link rel=\"stylesheet\" href=\"css\/bootstrap.min.css\">\n\n\n<ul class=\"pagination\">\n\t    \n\t\n\n<li >\n\t<a href='?page_no=457'>Previous<\/a>\n\t<\/li>\n\n\n       \n    \n\n<li><a href='?page_no=1'>1<\/a><\/li>\n\n\n\n<li><a href='?page_no=2'>2<\/a><\/li>\n\n\n\n<li><a>...<\/a><\/li>\n\n\n\n<li><a href='?page_no=456'>456<\/a><\/li>\n\n\n\n<li><a href='?page_no=457'>457<\/a><\/li>\n\n\n\n<li class='active'><a>458<\/a><\/li>\n\n\n\n<li><a href='?page_no=459'>459<\/a><\/li>\n\n\n\n<li><a href='?page_no=460'>460<\/a><\/li>\n\n\n\n<li><a>...<\/a><\/li>\n\n\n\n<li><a href='?page_no=22911'>22911<\/a><\/li>\n\n\n\n<li><a href='?page_no=22912'>22912<\/a><\/li>\n\n    \n\t\n\n<li >\n\t<a href='?page_no=459'>Next<\/a>\n\t<\/li>\n\n\n    \n\n<li><a href='?page_no=22912'>Last &rsaquo;&rsaquo;<\/a><\/li>\n\n<\/ul>\n\n\n--><br \/>\n<\/body><\/p>\n","protected":false},"excerpt":{"rendered":"<p>diariodominicano.com Santo Domingo, R. D., 30 de junio, 2020. &#8211; El Instituto de Innovaci\u00f3n en Biotecnolog\u00eda e Industria (IIBI), inaugur\u00f3 este martes el Banco de Germoplasma del Centro de Biotecnolog\u00eda Vegetal con el objetivo de fortalecer la seguridad alimentaria, conservar la diversidad gen\u00e9tica de especies vegetales de inter\u00e9s agr\u00edcola del pa\u00eds y promover las ventajas [&hellip;]<\/p>\n","protected":false},"author":3,"featured_media":0,"comment_status":"open","ping_status":"open","sticky":false,"template":"","format":"standard","meta":{"footnotes":""},"categories":[21],"tags":[],"class_list":["post-52217","post","type-post","status-publish","format-standard","hentry","category-cultura"],"_links":{"self":[{"href":"https:\/\/diariodominicano.com\/index.php?rest_route=\/wp\/v2\/posts\/52217","targetHints":{"allow":["GET"]}}],"collection":[{"href":"https:\/\/diariodominicano.com\/index.php?rest_route=\/wp\/v2\/posts"}],"about":[{"href":"https:\/\/diariodominicano.com\/index.php?rest_route=\/wp\/v2\/types\/post"}],"author":[{"embeddable":true,"href":"https:\/\/diariodominicano.com\/index.php?rest_route=\/wp\/v2\/users\/3"}],"replies":[{"embeddable":true,"href":"https:\/\/diariodominicano.com\/index.php?rest_route=%2Fwp%2Fv2%2Fcomments&post=52217"}],"version-history":[{"count":0,"href":"https:\/\/diariodominicano.com\/index.php?rest_route=\/wp\/v2\/posts\/52217\/revisions"}],"wp:attachment":[{"href":"https:\/\/diariodominicano.com\/index.php?rest_route=%2Fwp%2Fv2%2Fmedia&parent=52217"}],"wp:term":[{"taxonomy":"category","embeddable":true,"href":"https:\/\/diariodominicano.com\/index.php?rest_route=%2Fwp%2Fv2%2Fcategories&post=52217"},{"taxonomy":"post_tag","embeddable":true,"href":"https:\/\/diariodominicano.com\/index.php?rest_route=%2Fwp%2Fv2%2Ftags&post=52217"}],"curies":[{"name":"wp","href":"https:\/\/api.w.org\/{rel}","templated":true}]}}