{"id":52195,"date":"2020-07-01T08:23:16","date_gmt":"2020-07-01T08:23:16","guid":{"rendered":"http:\/\/diariodominicano.ddns.net\/?p=52195"},"modified":"2020-07-01T08:23:16","modified_gmt":"2020-07-01T08:23:16","slug":"ramon-caceres-juramentado-presidente-de-la-republica-con-la-constitucion-de-1908","status":"publish","type":"post","link":"https:\/\/diariodominicano.com\/?p=52195","title":{"rendered":"Ram\u00f3n C\u00e1ceres juramentado presidente de la Rep\u00fablica con la Constituci\u00f3n de 1908"},"content":{"rendered":"<p><body><\/p>\n<p><img decoding=\"async\" src=\"img3\/Ramon-Mon-Caceres.jpg\" \/>  <\/p>\n<p><strong>Diariodominicano.com<\/strong><\/p>\n<p><strong>Ram\u00f3n C\u00e1ceres juramentado presidente de la Rep\u00fablica con la Constituci\u00f3n de 1908<\/strong><\/p>\n<p><strong>Ram\u00f3n C\u00e1ceres no cumpli\u00f3 su per\u00edodo de Gobierno, porque fue asesinado el 19 de noviembre de 1911.  Hab\u00eda sido  electo el 30 de mayo de 1908 y tom\u00f3 posesi\u00f3n el  1 de julio.<\/strong><\/p>\n<p><strong>Por H\u00e9ctor Tineo Nolasco<\/strong><\/p>\n<p><strong>Diariodominicano.com<\/strong><\/p>\n<\/p>\n<p><strong>  <\/strong><\/p>\n<p><strong>  SANTO DOMINGO,  el  1 de julio de 1908,<\/strong> fue juramentado  el Presidente de la Rep\u00fablica, Ram\u00f3n C\u00e1ceres, quien hab\u00eda sido  electo con la Constituci\u00f3n de Abril de 1908, que establec\u00eda un per\u00edodo de Gobierno de 6 a\u00f1os.<\/p>\n<\/p>\n<p>    Asimismo, esa carta magna elimin\u00f3 la figura del Vicepresidente de la Rep\u00fablica.<\/p>\n<\/p>\n<p>  Ram\u00f3n C\u00e1ceres no cumpli\u00f3 su per\u00edodo de Gobierno, porque fue asesinado el 19 de noviembre de 1911.  Hab\u00eda sido  electo el 30 de mayo de 1908 y tom\u00f3 posesi\u00f3n el  1 de julio.<\/p>\n<\/p>\n<p>      Mon C\u00e1ceres particip\u00f3 en actividades pol\u00edticas desde muy joven. Fue uno de los integrantes del complot que culmin\u00f3 con el asesinato del Presidente Ulises Heureaux, el 26 de julio de 1899, en Moca.<\/p>\n<\/p>\n<p>     Cuando fue electo Presidente de la Rep\u00fablica, el 30 de Mayo de 1908, se desempe\u00f1aba como Presidente provisional, tras  la ca\u00edda del Presidente Carlos Morales Languasco, en 1905.<\/p>\n<\/p>\n<p>    En su administraci\u00f3n el Presidente Ram\u00f3n ?Mon- C\u00e1ceres se distingui\u00f3 por el proceso de reorganizaci\u00f3n del Estado dominicano y porque invert\u00eda los excedentes de las Aduanas en obras de infraestructura. <\/p>\n<\/p>\n<p>El asesinato de Mon C\u00e1ceres<\/p>\n<\/p>\n<p>El presidente  Mon C\u00e1ceres  fue asesinado el  19 de noviembre de 1911 en la zona de G\u00fcibia,  en la ciudad  de  Santo Domingo. Fue  atacado a balazos  en el momento que daba un paseo en coche  por  la carretera que conduce a Haina. <\/p>\n<\/p>\n<p>Al llegar a G\u00fcibia, fue sorprendido por una emboscada que organiz\u00f3 el general Luis Tejera, quien era hijo del ministro de Relaciones Exteriores, el historiador y abogado Emiliano Tejera.<\/p>\n<\/p>\n<p>     De acuerdo con una versi\u00f3n que se dio en la \u00e9poca, el grupo que encabezaba Luis Tejera ten\u00eda el prop\u00f3sito de secuestrar al Jefe del Estado, pero al ser enfrentado por el edec\u00e1n, dispararon.<\/p>\n<\/p>\n<p>    En el instante del atentado el Presidente de la Rep\u00fablica  iba acompa\u00f1ado de su edec\u00e1n el coronel Ram\u00f3n (Chip\u00ed) P\u00e9rez, quien conduc\u00eda el coche del Presidente.<\/p>\n<\/p>\n<p>   Al llegar a G\u00fcibia, advirtieron que un grupo de hombres estaban parados al lado de un veh\u00edculo, quienes al aproximarse el coche le cerraron el paso y gritaron: \u00abalto, r\u00edndanse, preso\u00bb.  El cochero intent\u00f3 escapar, pero los conjurados dispararon contra Mon C\u00e1ceres, quien se desplom\u00f3 herido de muerte.<\/p>\n<\/p>\n<p>   \tAl escuchar los disparos, tres miembros de la Guardia Republicana que se encontraban en la zona se presentaron al lugar y atacaron a los asesinos del Presidente.  En el incidente el cabecilla del grupo, Luis Tejera fue herido. Una versi\u00f3n da cuenta de que   luego fue  ejecutado por disposici\u00f3n del Jefe de la Guardia, general Alfredo Victoria, pero otra versi\u00f3n indica que Tejera muri\u00f3 ahogado en el r\u00edo Haina, en un intento por escapar.<\/p>\n<\/p>\n<p>     \tTras el atentado  circularon versiones de que el general Alfredo Victoria, tomar\u00eda el poder.<\/p>\n<\/p>\n<p>    \tLuis Tejera desde hac\u00eda alg\u00fan tiempo estaba en un proyecto para derrocar al Presidente Mon C\u00e1ceres, quien no le confiri\u00f3 importancia a las versiones en ese sentido, porque  estimaba  en la ciudad de Santo Domingo nadie quer\u00eda atentar contra su vida.<\/p>\n<\/p>\n<\/p>\n<\/p>\n<\/p>\n<\/p>\n<h6> 2020-07-01 08:23:16 <\/h6>\n<p><!--\n<link rel=\"stylesheet\" href=\"css\/bootstrap.min.css\">\n\n\n<ul class=\"pagination\">\n\t    \n\t\n\n<li >\n\t<a href='?page_no=455'>Previous<\/a>\n\t<\/li>\n\n\n       \n    \n\n<li><a href='?page_no=1'>1<\/a><\/li>\n\n\n\n<li><a href='?page_no=2'>2<\/a><\/li>\n\n\n\n<li><a>...<\/a><\/li>\n\n\n\n<li><a href='?page_no=454'>454<\/a><\/li>\n\n\n\n<li><a href='?page_no=455'>455<\/a><\/li>\n\n\n\n<li class='active'><a>456<\/a><\/li>\n\n\n\n<li><a href='?page_no=457'>457<\/a><\/li>\n\n\n\n<li><a href='?page_no=458'>458<\/a><\/li>\n\n\n\n<li><a>...<\/a><\/li>\n\n\n\n<li><a href='?page_no=22911'>22911<\/a><\/li>\n\n\n\n<li><a href='?page_no=22912'>22912<\/a><\/li>\n\n    \n\t\n\n<li >\n\t<a href='?page_no=457'>Next<\/a>\n\t<\/li>\n\n\n    \n\n<li><a href='?page_no=22912'>Last &rsaquo;&rsaquo;<\/a><\/li>\n\n<\/ul>\n\n\n--><br \/>\n<\/body><\/p>\n","protected":false},"excerpt":{"rendered":"<p>Diariodominicano.com Ram\u00f3n C\u00e1ceres juramentado presidente de la Rep\u00fablica con la Constituci\u00f3n de 1908 Ram\u00f3n C\u00e1ceres no cumpli\u00f3 su per\u00edodo de Gobierno, porque fue asesinado el 19 de noviembre de 1911. Hab\u00eda sido electo el 30 de mayo de 1908 y tom\u00f3 posesi\u00f3n el 1 de julio. Por H\u00e9ctor Tineo Nolasco Diariodominicano.com SANTO DOMINGO, el 1 [&hellip;]<\/p>\n","protected":false},"author":3,"featured_media":0,"comment_status":"open","ping_status":"open","sticky":false,"template":"","format":"standard","meta":{"footnotes":""},"categories":[21],"tags":[],"class_list":["post-52195","post","type-post","status-publish","format-standard","hentry","category-cultura"],"_links":{"self":[{"href":"https:\/\/diariodominicano.com\/index.php?rest_route=\/wp\/v2\/posts\/52195","targetHints":{"allow":["GET"]}}],"collection":[{"href":"https:\/\/diariodominicano.com\/index.php?rest_route=\/wp\/v2\/posts"}],"about":[{"href":"https:\/\/diariodominicano.com\/index.php?rest_route=\/wp\/v2\/types\/post"}],"author":[{"embeddable":true,"href":"https:\/\/diariodominicano.com\/index.php?rest_route=\/wp\/v2\/users\/3"}],"replies":[{"embeddable":true,"href":"https:\/\/diariodominicano.com\/index.php?rest_route=%2Fwp%2Fv2%2Fcomments&post=52195"}],"version-history":[{"count":0,"href":"https:\/\/diariodominicano.com\/index.php?rest_route=\/wp\/v2\/posts\/52195\/revisions"}],"wp:attachment":[{"href":"https:\/\/diariodominicano.com\/index.php?rest_route=%2Fwp%2Fv2%2Fmedia&parent=52195"}],"wp:term":[{"taxonomy":"category","embeddable":true,"href":"https:\/\/diariodominicano.com\/index.php?rest_route=%2Fwp%2Fv2%2Fcategories&post=52195"},{"taxonomy":"post_tag","embeddable":true,"href":"https:\/\/diariodominicano.com\/index.php?rest_route=%2Fwp%2Fv2%2Ftags&post=52195"}],"curies":[{"name":"wp","href":"https:\/\/api.w.org\/{rel}","templated":true}]}}