{"id":521911,"date":"2024-04-09T12:56:09","date_gmt":"2024-04-09T16:56:09","guid":{"rendered":"https:\/\/diariodominicano.com\/?p=521911"},"modified":"2024-04-09T12:56:09","modified_gmt":"2024-04-09T16:56:09","slug":"presidente-dominicano-expone-proyecto-de-ley-de-libertad-de-expresion","status":"publish","type":"post","link":"https:\/\/diariodominicano.com\/?p=521911","title":{"rendered":"Presidente dominicano expone proyecto de ley de libertad de expresi\u00f3n"},"content":{"rendered":"\n<p>diariodominicano.com<\/p>\n\n\n\n<p>Santo Domingo, 9 abr (Prensa Latina) El presidente dominicano, Luis Abinader, present\u00f3 el anteproyecto de ley de \u201cLibertad de Expresi\u00f3n, Medios Audiovisuales y Plataformas Digitales\u201d que busca actualizar la legislaci\u00f3n vigente sobre esta cuesti\u00f3n, trascendi\u00f3 hoy.<\/p>\n\n\n\n<p>El mandatario dio a conocer anoche ante la prensa nacional diversos aspectos del proyecto de ley, luego de explicar que una comisi\u00f3n consultiva integrada por juristas y comunicadores tuvo a cargo la entrega del borrador al Poder Ejecutivo.<\/p>\n\n\n\n<p>Abinader sostuvo que el marco legislativo del a\u00f1o 1962 \u201cno responde al marco constitucional actual ni a las necesidades y desaf\u00edos de los nuevos tiempos\u201d.<\/p>\n\n\n\n<p>Los principios generales del anteproyecto de Ley son el acceso universal, la tolerancia a la cr\u00edtica, la no censura, el debido proceso, la equidad e inclusi\u00f3n en el lenguaje, la transparencia, neutralidad de las redes, diversidad y pluralismo, y no condiciones previas.<\/p>\n\n\n\n<p>Tambi\u00e9n contempla el acceso a las fuentes de informaci\u00f3n y los archivos, la prohibici\u00f3n de restricciones, entre otras, indic\u00f3 el jefe de Estado.<\/p>\n\n\n\n<p>Durante la exposici\u00f3n del contenido, Namphi Rodr\u00edguez, coordinador de dicha comisi\u00f3n, se\u00f1al\u00f3 que uno de los elementos centrales es la libertad de expresi\u00f3n en cualquier forma y por cualquier medio; esto comprende la b\u00fasqueda, recibimiento y difusi\u00f3n de informaciones e ideas de toda \u00edndole, as\u00ed como la prohibici\u00f3n de censura previa.<\/p>\n\n\n\n<p>Por igual establece que habr\u00e1 un director responsable del contenido al frente de cada publicaci\u00f3n diaria o peri\u00f3dica, en los medios radiales, televisivos o digitales.<\/p>\n\n\n\n<p>La aprobaci\u00f3n de este anteproyecto crear\u00eda el Instituto Nacional de la Comunicaci\u00f3n (Inacom) como \u00f3rgano regulador, con autonom\u00eda funcional y financiera, que estar\u00eda integrado por un consejo directivo y una direcci\u00f3n ejecutiva.<\/p>\n\n\n\n<p>De igual forma se derogan la Ley 6132 de 1962, de Expresi\u00f3n y Difusi\u00f3n del Pensamiento, y la Ley 1951 de 1949, que crea la Comisi\u00f3n Nacional de Espect\u00e1culos P\u00fablicos y Radiofon\u00eda.<\/p>\n\n\n\n<p>mem\/mpv<\/p>\n","protected":false},"excerpt":{"rendered":"<p>diariodominicano.com Santo Domingo, 9 abr (Prensa Latina) El presidente dominicano, Luis Abinader, present\u00f3 el anteproyecto de ley de \u201cLibertad de Expresi\u00f3n, Medios Audiovisuales y Plataformas Digitales\u201d que busca actualizar la legislaci\u00f3n vigente sobre esta cuesti\u00f3n, trascendi\u00f3 hoy. El mandatario dio a conocer anoche ante la prensa nacional diversos aspectos del proyecto de ley, luego de [&hellip;]<\/p>\n","protected":false},"author":5,"featured_media":521912,"comment_status":"closed","ping_status":"","sticky":true,"template":"","format":"standard","meta":{"footnotes":""},"categories":[20,27],"tags":[],"class_list":["post-521911","post","type-post","status-publish","format-standard","has-post-thumbnail","hentry","category-dominicana-hoy","category-portada"],"_links":{"self":[{"href":"https:\/\/diariodominicano.com\/index.php?rest_route=\/wp\/v2\/posts\/521911","targetHints":{"allow":["GET"]}}],"collection":[{"href":"https:\/\/diariodominicano.com\/index.php?rest_route=\/wp\/v2\/posts"}],"about":[{"href":"https:\/\/diariodominicano.com\/index.php?rest_route=\/wp\/v2\/types\/post"}],"author":[{"embeddable":true,"href":"https:\/\/diariodominicano.com\/index.php?rest_route=\/wp\/v2\/users\/5"}],"replies":[{"embeddable":true,"href":"https:\/\/diariodominicano.com\/index.php?rest_route=%2Fwp%2Fv2%2Fcomments&post=521911"}],"version-history":[{"count":1,"href":"https:\/\/diariodominicano.com\/index.php?rest_route=\/wp\/v2\/posts\/521911\/revisions"}],"predecessor-version":[{"id":521913,"href":"https:\/\/diariodominicano.com\/index.php?rest_route=\/wp\/v2\/posts\/521911\/revisions\/521913"}],"wp:featuredmedia":[{"embeddable":true,"href":"https:\/\/diariodominicano.com\/index.php?rest_route=\/wp\/v2\/media\/521912"}],"wp:attachment":[{"href":"https:\/\/diariodominicano.com\/index.php?rest_route=%2Fwp%2Fv2%2Fmedia&parent=521911"}],"wp:term":[{"taxonomy":"category","embeddable":true,"href":"https:\/\/diariodominicano.com\/index.php?rest_route=%2Fwp%2Fv2%2Fcategories&post=521911"},{"taxonomy":"post_tag","embeddable":true,"href":"https:\/\/diariodominicano.com\/index.php?rest_route=%2Fwp%2Fv2%2Ftags&post=521911"}],"curies":[{"name":"wp","href":"https:\/\/api.w.org\/{rel}","templated":true}]}}