{"id":521900,"date":"2024-04-09T12:07:17","date_gmt":"2024-04-09T16:07:17","guid":{"rendered":"https:\/\/diariodominicano.com\/?p=521900"},"modified":"2024-04-09T12:07:17","modified_gmt":"2024-04-09T16:07:17","slug":"alcaldesa-carolina-mejia-viaja-a-europa-para-fortalecer-lazos-internacionales-y-promover-el-desarrollo-local","status":"publish","type":"post","link":"https:\/\/diariodominicano.com\/?p=521900","title":{"rendered":"Alcaldesa Carolina Mej\u00eda viaja a Europa para fortalecer lazos internacionales y promover el desarrollo local"},"content":{"rendered":"\n<p>diariodominicano.com<\/p>\n\n\n\n<p>Santo Domingo, R. D.,\u20029 de abril, 2024.- La alcaldesa del Distrito Nacional, Carolina Mej\u00eda, viaj\u00f3 ayer lunes hacia Madrid para cumplir con una agenda oficial municipal, acad\u00e9mica y pol\u00edtica, que incluye reuniones bilaterales y firma de acuerdos, as\u00ed como su investidura como Acad\u00e9mica de Honor en la Real Academia de Doctores de Espa\u00f1a (RAED).<\/p>\n\n\n\n<p>Carolina tiene agenda en Sevilla, Lugo y Barcelona, donde sostendr\u00e1 reuniones con alcaldes y autoridades locales para discutir temas de cooperaci\u00f3n intermunicipal y desarrollo urbano.<\/p>\n\n\n\n<p>Firma de acuerdo<\/p>\n\n\n\n<p>Este martes, la alcaldesa Carolina Mej\u00eda lleg\u00f3 a Sevilla, donde se reuni\u00f3 con el alcalde, Jos\u00e9 Luis Sanz y sostendr\u00e1 un encuentro con el arzobispo Jos\u00e9 \u00c1ngel Saiz Meneses en el Palacio Arzobispal. Durante la tarde, firmar\u00e1 un convenio con la Universidad de Sevilla con el objetivo de fortalecer la cooperaci\u00f3n acad\u00e9mica y cultural.&nbsp;<\/p>\n\n\n\n<p>El mi\u00e9rcoles, la alcaldesa continuar\u00e1 su agenda en Sevilla donde sostendr\u00e1 reuniones con autoridades locales y empresarios de la ciudad. Tambi\u00e9n firmar\u00e1 acuerdos con representantes del sector empresarial y realizar\u00e1 visitas a hermandades locales, adem\u00e1s de una reuni\u00f3n con la domunidad dominicana.<\/p>\n\n\n\n<p>La agenda de la alcaldesa continuar\u00e1 el jueves en Galicia, donde tiene previsto participar en actividades con empresarios, autoridades locales y la comunidad dominicana. Sostendr\u00e1 un encuentro con la Confederaci\u00f3n de Empresarios de Galicia, el arzobispo de Santiago y la alcaldesa de Lugo, entre otros.<\/p>\n\n\n\n<p>El viernes, la alcaldesa partir\u00e1 hacia Milano donde sostendr\u00e1 una visita al Parlamento y al ayuntamiento. La agenda de Mej\u00eda continuar\u00e1 en Barcelona, donde tiene previsto participar en actividades pol\u00edticas y acad\u00e9micas, as\u00ed como en encuentros con la comunidad dominicana y autoridades locales.<\/p>\n\n\n\n<p>La alcaldesa, quien adem\u00e1s es Secretaria General del Partido Revolucionario Moderno (PRM), partido de Gobierno de Rep\u00fablica Dominicana, ha sido invitada &nbsp;a encuentros con l\u00edderes del Partido Socialista Obrero Espa\u00f1ol (PSOE) en Madrid, Andaluc\u00eda y Galicia.<\/p>\n\n\n\n<p>Investidura Acad\u00e9mica<\/p>\n\n\n\n<p>Durante su viaje, la alcaldesa ser\u00e1 investida como Acad\u00e9mica de Honor en la Real Academia de Doctores de Espa\u00f1a (RAED) en Barcelona, en reconocimiento a su labor y contribuci\u00f3n al desarrollo acad\u00e9mico y cultural.<\/p>\n\n\n\n<p><strong>Direccion de Comunicaciones<\/strong><\/p>\n\n\n\n<p><strong>Martes 09 de abril 2024<\/strong><\/p>\n\n\n\n<p>&#8230;<\/p>\n","protected":false},"excerpt":{"rendered":"<p>diariodominicano.com Santo Domingo, R. D.,\u20029 de abril, 2024.- La alcaldesa del Distrito Nacional, Carolina Mej\u00eda, viaj\u00f3 ayer lunes hacia Madrid para cumplir con una agenda oficial municipal, acad\u00e9mica y pol\u00edtica, que incluye reuniones bilaterales y firma de acuerdos, as\u00ed como su investidura como Acad\u00e9mica de Honor en la Real Academia de Doctores de Espa\u00f1a (RAED). [&hellip;]<\/p>\n","protected":false},"author":5,"featured_media":521907,"comment_status":"closed","ping_status":"","sticky":true,"template":"","format":"standard","meta":{"footnotes":""},"categories":[20,27],"tags":[],"class_list":["post-521900","post","type-post","status-publish","format-standard","has-post-thumbnail","hentry","category-dominicana-hoy","category-portada"],"_links":{"self":[{"href":"https:\/\/diariodominicano.com\/index.php?rest_route=\/wp\/v2\/posts\/521900","targetHints":{"allow":["GET"]}}],"collection":[{"href":"https:\/\/diariodominicano.com\/index.php?rest_route=\/wp\/v2\/posts"}],"about":[{"href":"https:\/\/diariodominicano.com\/index.php?rest_route=\/wp\/v2\/types\/post"}],"author":[{"embeddable":true,"href":"https:\/\/diariodominicano.com\/index.php?rest_route=\/wp\/v2\/users\/5"}],"replies":[{"embeddable":true,"href":"https:\/\/diariodominicano.com\/index.php?rest_route=%2Fwp%2Fv2%2Fcomments&post=521900"}],"version-history":[{"count":1,"href":"https:\/\/diariodominicano.com\/index.php?rest_route=\/wp\/v2\/posts\/521900\/revisions"}],"predecessor-version":[{"id":521908,"href":"https:\/\/diariodominicano.com\/index.php?rest_route=\/wp\/v2\/posts\/521900\/revisions\/521908"}],"wp:featuredmedia":[{"embeddable":true,"href":"https:\/\/diariodominicano.com\/index.php?rest_route=\/wp\/v2\/media\/521907"}],"wp:attachment":[{"href":"https:\/\/diariodominicano.com\/index.php?rest_route=%2Fwp%2Fv2%2Fmedia&parent=521900"}],"wp:term":[{"taxonomy":"category","embeddable":true,"href":"https:\/\/diariodominicano.com\/index.php?rest_route=%2Fwp%2Fv2%2Fcategories&post=521900"},{"taxonomy":"post_tag","embeddable":true,"href":"https:\/\/diariodominicano.com\/index.php?rest_route=%2Fwp%2Fv2%2Ftags&post=521900"}],"curies":[{"name":"wp","href":"https:\/\/api.w.org\/{rel}","templated":true}]}}