{"id":521864,"date":"2024-04-09T01:41:43","date_gmt":"2024-04-09T05:41:43","guid":{"rendered":"https:\/\/diariodominicano.com\/?p=521864"},"modified":"2024-04-09T01:41:43","modified_gmt":"2024-04-09T05:41:43","slug":"huelga-general-revolucionaria-en-cuba-un-acercamiento-al-triunfo","status":"publish","type":"post","link":"https:\/\/diariodominicano.com\/?p=521864","title":{"rendered":"Huelga General Revolucionaria en Cuba, un acercamiento al triunfo"},"content":{"rendered":"\n<p>La Habana, 9 abr (Prensa Latina) Cuba conmemora hoy el aniversario 66 de la Huelga General revolucionaria, acci\u00f3n dirigida a paralizar la naci\u00f3n caribe\u00f1a y desatar un movimiento de masas que derrocara la dictadura de Fulgencio Batista (1952-1958).<\/p>\n\n\n\n<ul class=\"wp-block-list\">\n<li><a href=\"https:\/\/www.prensa-latina.cu\/2024\/04\/09\/\"><time>abril 9, 2024 | 00:36<\/time><\/a><\/li>\n<\/ul>\n\n\n\n<p>Convocada por el Movimiento 26 de julio y protagonizada en su gran mayor\u00eda por j\u00f3venes obreros y trabajadores humildes, la huelga tuvo en La Habana y Villa Clara (centro) sus m\u00e1ximos exponentes.<\/p>\n\n\n\n<p>En diversas ciudades del pa\u00eds m\u00e1s de 100 luchadores perdieron la vida los d\u00edas 9 y 10 de abril de 1958 por la brutal represi\u00f3n de la dictadura batistiana.<\/p>\n\n\n\n<p>Seg\u00fan registros hist\u00f3ricos, a pesar de que la acci\u00f3n no alcanz\u00f3 el \u00e9xito esperado, su ejemplo dej\u00f3 valiosas experiencias al movimiento revolucionario y constituy\u00f3 un verdadero derroche de hero\u00edsmo.<\/p>\n\n\n\n<p>Tras el rev\u00e9s, el l\u00edder hist\u00f3rico, Fidel Castro, envi\u00f3 una carta al integrante del Movimiento 26 de julio, Faustino P\u00e9rez, donde le dec\u00eda: tengo la m\u00e1s firme esperanza de que en menos tiempo de lo que muchos son capaces de imaginar, habremos convertido la derrota en victoria.<\/p>\n\n\n\n<p>Ocho meses despu\u00e9s la Revoluci\u00f3n cubana logr\u00f3 su triunfo y con \u00e9l inici\u00f3 una nueva etapa en la historia del pa\u00eds.<\/p>\n\n\n\n<p>lam\/mpp<\/p>\n","protected":false},"excerpt":{"rendered":"<p>La Habana, 9 abr (Prensa Latina) Cuba conmemora hoy el aniversario 66 de la Huelga General revolucionaria, acci\u00f3n dirigida a paralizar la naci\u00f3n caribe\u00f1a y desatar un movimiento de masas que derrocara la dictadura de Fulgencio Batista (1952-1958). Convocada por el Movimiento 26 de julio y protagonizada en su gran mayor\u00eda por j\u00f3venes obreros y [&hellip;]<\/p>\n","protected":false},"author":28,"featured_media":521865,"comment_status":"closed","ping_status":"","sticky":false,"template":"","format":"standard","meta":{"footnotes":""},"categories":[26],"tags":[],"class_list":["post-521864","post","type-post","status-publish","format-standard","has-post-thumbnail","hentry","category-efemerides"],"_links":{"self":[{"href":"https:\/\/diariodominicano.com\/index.php?rest_route=\/wp\/v2\/posts\/521864","targetHints":{"allow":["GET"]}}],"collection":[{"href":"https:\/\/diariodominicano.com\/index.php?rest_route=\/wp\/v2\/posts"}],"about":[{"href":"https:\/\/diariodominicano.com\/index.php?rest_route=\/wp\/v2\/types\/post"}],"author":[{"embeddable":true,"href":"https:\/\/diariodominicano.com\/index.php?rest_route=\/wp\/v2\/users\/28"}],"replies":[{"embeddable":true,"href":"https:\/\/diariodominicano.com\/index.php?rest_route=%2Fwp%2Fv2%2Fcomments&post=521864"}],"version-history":[{"count":1,"href":"https:\/\/diariodominicano.com\/index.php?rest_route=\/wp\/v2\/posts\/521864\/revisions"}],"predecessor-version":[{"id":521866,"href":"https:\/\/diariodominicano.com\/index.php?rest_route=\/wp\/v2\/posts\/521864\/revisions\/521866"}],"wp:featuredmedia":[{"embeddable":true,"href":"https:\/\/diariodominicano.com\/index.php?rest_route=\/wp\/v2\/media\/521865"}],"wp:attachment":[{"href":"https:\/\/diariodominicano.com\/index.php?rest_route=%2Fwp%2Fv2%2Fmedia&parent=521864"}],"wp:term":[{"taxonomy":"category","embeddable":true,"href":"https:\/\/diariodominicano.com\/index.php?rest_route=%2Fwp%2Fv2%2Fcategories&post=521864"},{"taxonomy":"post_tag","embeddable":true,"href":"https:\/\/diariodominicano.com\/index.php?rest_route=%2Fwp%2Fv2%2Ftags&post=521864"}],"curies":[{"name":"wp","href":"https:\/\/api.w.org\/{rel}","templated":true}]}}