{"id":521757,"date":"2024-04-09T12:09:49","date_gmt":"2024-04-09T16:09:49","guid":{"rendered":"https:\/\/diariodominicano.com\/?p=521757"},"modified":"2024-04-09T12:09:49","modified_gmt":"2024-04-09T16:09:49","slug":"grandes-estrellas-iberoamericanas-haran-presencia-en-la-xi-edicion-de-los-premios-platino","status":"publish","type":"post","link":"https:\/\/diariodominicano.com\/?p=521757","title":{"rendered":"Grandes estrellas iberoamericanas har\u00e1n presencia en la XI edici\u00f3n de los Premios PLATINO"},"content":{"rendered":"\n<p><strong>Santo Domingo, martes 9 de abril 2024.\u2013<\/strong>&nbsp;La Entidad de Gesti\u00f3n de Derechos de los Productores Audiovisuales (EGEDA DOMINICANA) representante de los Premios PLATINO en el pa\u00eds, anunci\u00f3 las&nbsp;estrellas del audiovisual iberoamericano nominadas que volver\u00e1n a darse cita una vez m\u00e1s el pr\u00f3ximo s\u00e1bado&nbsp;<strong>20 de abril<\/strong>&nbsp;en el Teatro Gran Tlachco del mexicano parque&nbsp;<strong>Xcaret, en Riviera Maya,<\/strong>&nbsp;durante la celebraci\u00f3n de la&nbsp;<strong>XI edici\u00f3n de los Premios PLATINO XCARET.<\/strong><\/p>\n\n\n\n<p>Esta edici\u00f3n contar\u00e1 con la presencia de la ic\u00f3nica actriz argentina Cecilia Roth, nominada al Platino de Honor. Asimismo, bajo la conducci\u00f3n de&nbsp;<strong>Esmeralda Pimentel y M\u00e1jida Issa.<\/strong><\/p>\n\n\n\n<p>Entre los grandes protagonistas de la noche, destacar\u00e1 la presencia de los int\u00e9rpretes<strong>&nbsp;Carolina Yuste (<em>Saben Aquell<\/em>), Dolores Fonzi (<em>Blondi<\/em>), Enzo Vogrincic (<em>La sociedad de la nieve<\/em>), Lola Amores (<em>La mujer salvaje<\/em>) y Marcelo Subiotto (<em>Puan<\/em>), nominados a los galardones de Mejor Interpretaci\u00f3n masculina y femenina. Asimismo, Antonia Zegers (<em>El Conde<\/em>), y Alejandra Flechner (<em>Puan<\/em>),<\/strong>&nbsp;asistir\u00e1n por sus nominaciones a Mejor interpretaci\u00f3n femenina de reparto. De entre los nominados a Mejor direcci\u00f3n, estar\u00e1n presentes&nbsp;<strong>Juan Antonio Bayona (<em>La sociedad de la nieve<\/em>), Lila Avil\u00e9s (<em>T\u00f3tem<\/em>) y Pablo Larra\u00edn (<em>El Conde<\/em>).<\/strong><\/p>\n\n\n\n<p>En el terreno de las series,&nbsp;<strong>Aline K\u00fcppenheim (<em>Los mil d\u00edas de Allende<\/em>), Gustavo Bassani (<em>Iosi, el esp\u00eda arrepentido T2<\/em>), Lola Due\u00f1as (<em>La Mes\u00edas<\/em>), Micaela Riera (<em>El amor despu\u00e9s de amor<\/em>) y Santiago Korovsky (<em>Divisi\u00f3n Palermo<\/em>)<\/strong>&nbsp;har\u00e1n acto de presencia como nominados a&nbsp;<strong>Mejor Interpretaci\u00f3n Masculina y Femenina en Series,<\/strong>&nbsp;mientras que&nbsp;<strong>Andy Chango (<em>El amor despu\u00e9s del amor<\/em>), Daniel Hendler&nbsp;<em>(Divisi\u00f3n Palermo<\/em>), Emiliano Zurita (<em>La cabeza de Joaqu\u00edn Murrieta<\/em>), Manolo Solo (3<em>0 Monedas T2<\/em>), Minerva Casero (<em>Iosi, el esp\u00eda arrepentido T2<\/em>) y Pilar Gamboa (<em>Divisi\u00f3n Palermo<\/em>)<\/strong>&nbsp;acudir\u00e1n por sus nominaciones a&nbsp;<strong>Mejor Interpretaci\u00f3n masculina y femenina de Reparto en Series.<\/strong><\/p>\n\n\n\n<p>A la celebraci\u00f3n se unir\u00e1n grandes talentos del audiovisual que ejercer\u00e1n de entregadores de la preciada estatuilla como&nbsp;<strong>Alberto Guerra, Alejandro Speitzer, Alfonso Herrera, Alice Braga, Ana Claudia Talanc\u00f3n, Bego Vargas, Blanca Su\u00e1rez, Cristina Uma\u00f1a, Cristo Fern\u00e1ndez, Diego Calva, Enrique Arce, Gabriel Leone, Gaby Espino, Joaqu\u00edn Furriel, Jorge L\u00f3pez, Luisiana Lopilato, Maite Perroni, Manny P\u00e9rez, Manolo Caro, Manu R\u00edos, Maxi Iglesias, Mina Serrano, Renata Notni, Santiago Mitre, Sara Linares, Sebasti\u00e1n Carvajal y Yalitza Aparicio.<\/strong><\/p>\n\n\n\n<p>Tambi\u00e9n desfilar\u00e1n por la alfombra roja, presentada por Elena S\u00e1nchez, personalidades de las artes, la cultura y las redes como&nbsp;<strong>Alberto Mateo, Ale Nones, Ana Layevska, Andr\u00e9 Lamoglia, Andr\u00e9s Koi, Benjam\u00edn Vicu\u00f1a, Beto Pasillas, Carlos D\u00edaz Borreguito, Carlos Torres, Carolina Ram\u00edrez, Corina Smith, Erik Hayser, Galilea Montijo, Iv\u00e1n S\u00e1nchez, Javier Ibarreche, Jes\u00fas Mosquera, Juan Carlos Arciniegas, Jonathan Morales, Mabel Moreno, Mane de la Parra, Mar Saura, Marc Clotet, Marilia, Mat\u00edas Ferreira, Michael Ronda, Michel Brown, Pol Granch, Rafa Cebri\u00e1n, Sof Arag\u00f3n y Vicente Tamayo.<\/strong><\/p>\n\n\n\n<p><strong>Sobre los Premios PLATINO<\/strong><\/p>\n","protected":false},"excerpt":{"rendered":"<p>Santo Domingo, martes 9 de abril 2024.\u2013&nbsp;La Entidad de Gesti\u00f3n de Derechos de los Productores Audiovisuales (EGEDA DOMINICANA) representante de los Premios PLATINO en el pa\u00eds, anunci\u00f3 las&nbsp;estrellas del audiovisual iberoamericano nominadas que volver\u00e1n a darse cita una vez m\u00e1s el pr\u00f3ximo s\u00e1bado&nbsp;20 de abril&nbsp;en el Teatro Gran Tlachco del mexicano parque&nbsp;Xcaret, en Riviera Maya,&nbsp;durante [&hellip;]<\/p>\n","protected":false},"author":7,"featured_media":521909,"comment_status":"closed","ping_status":"","sticky":true,"template":"","format":"standard","meta":{"footnotes":""},"categories":[25,27],"tags":[],"class_list":["post-521757","post","type-post","status-publish","format-standard","has-post-thumbnail","hentry","category-gente","category-portada"],"_links":{"self":[{"href":"https:\/\/diariodominicano.com\/index.php?rest_route=\/wp\/v2\/posts\/521757","targetHints":{"allow":["GET"]}}],"collection":[{"href":"https:\/\/diariodominicano.com\/index.php?rest_route=\/wp\/v2\/posts"}],"about":[{"href":"https:\/\/diariodominicano.com\/index.php?rest_route=\/wp\/v2\/types\/post"}],"author":[{"embeddable":true,"href":"https:\/\/diariodominicano.com\/index.php?rest_route=\/wp\/v2\/users\/7"}],"replies":[{"embeddable":true,"href":"https:\/\/diariodominicano.com\/index.php?rest_route=%2Fwp%2Fv2%2Fcomments&post=521757"}],"version-history":[{"count":1,"href":"https:\/\/diariodominicano.com\/index.php?rest_route=\/wp\/v2\/posts\/521757\/revisions"}],"predecessor-version":[{"id":521910,"href":"https:\/\/diariodominicano.com\/index.php?rest_route=\/wp\/v2\/posts\/521757\/revisions\/521910"}],"wp:featuredmedia":[{"embeddable":true,"href":"https:\/\/diariodominicano.com\/index.php?rest_route=\/wp\/v2\/media\/521909"}],"wp:attachment":[{"href":"https:\/\/diariodominicano.com\/index.php?rest_route=%2Fwp%2Fv2%2Fmedia&parent=521757"}],"wp:term":[{"taxonomy":"category","embeddable":true,"href":"https:\/\/diariodominicano.com\/index.php?rest_route=%2Fwp%2Fv2%2Fcategories&post=521757"},{"taxonomy":"post_tag","embeddable":true,"href":"https:\/\/diariodominicano.com\/index.php?rest_route=%2Fwp%2Fv2%2Ftags&post=521757"}],"curies":[{"name":"wp","href":"https:\/\/api.w.org\/{rel}","templated":true}]}}