{"id":521753,"date":"2024-04-09T00:43:24","date_gmt":"2024-04-09T04:43:24","guid":{"rendered":"https:\/\/diariodominicano.com\/?p=521753"},"modified":"2024-04-09T00:43:24","modified_gmt":"2024-04-09T04:43:24","slug":"profugos-del-anexo-causan-gran-euforia-en-veracruz","status":"publish","type":"post","link":"https:\/\/diariodominicano.com\/?p=521753","title":{"rendered":"\u201cPr\u00f3fugos del Anexo\u201d causan gran euforia en Veracruz"},"content":{"rendered":"\n<p>Sin duda alguna, la gira \u201cPr\u00f3fugos del Anexo\u201d se sigue consolidando como la mejor del a\u00f1o e incluso de todos los tiempos, en lo que a m\u00fasica regional mexicana se refiere, pues en cada sitio donde se presentan Juli\u00f3n \u00c1lvarez y Alfredo Olivas causan sensaci\u00f3n, logrando abarrotar los estadios m\u00e1s importantes del pa\u00eds.<\/p>\n\n\n\n<p>El s\u00e1bado 6 de abril fue el turno del p\u00fablico Veracruzano de ser testigo de la gran euforia que provocan estos dos grandes exponentes de la m\u00fasica, pues el Estadio Beto \u00c1vila retumb\u00f3 con cada una de sus interpretaciones, donde los asistentes estuvieron unidos en una sola voz para cantar junto con ellos.<\/p>\n\n\n\n<p>Adem\u00e1s de tener un rotundo sold out en Veracruz, cabe mencionar que algunas personas no lograron obtener boleto debido a la alta demanda, por lo cual Juli\u00f3n y Alfredo agradecieron por tantas muestras de cari\u00f1o y esperan pronto regresar a este lugar.<\/p>\n\n\n\n<figure class=\"wp-block-gallery has-nested-images columns-default is-cropped wp-block-gallery-1 is-layout-flex wp-block-gallery-is-layout-flex\">\n<figure class=\"wp-block-image size-large\"><img loading=\"lazy\" decoding=\"async\" width=\"1024\" height=\"671\" data-id=\"521808\" src=\"https:\/\/diariodominicano.com\/wp-content\/uploads\/2024\/04\/Profugos-del-Anexo-gran-euforia-en-Veracruz-1024x671.jpg\" alt=\"\" class=\"wp-image-521808\" srcset=\"https:\/\/diariodominicano.com\/wp-content\/uploads\/2024\/04\/Profugos-del-Anexo-gran-euforia-en-Veracruz-1024x671.jpg 1024w, https:\/\/diariodominicano.com\/wp-content\/uploads\/2024\/04\/Profugos-del-Anexo-gran-euforia-en-Veracruz-300x197.jpg 300w, https:\/\/diariodominicano.com\/wp-content\/uploads\/2024\/04\/Profugos-del-Anexo-gran-euforia-en-Veracruz-768x504.jpg 768w, https:\/\/diariodominicano.com\/wp-content\/uploads\/2024\/04\/Profugos-del-Anexo-gran-euforia-en-Veracruz-1536x1007.jpg 1536w, https:\/\/diariodominicano.com\/wp-content\/uploads\/2024\/04\/Profugos-del-Anexo-gran-euforia-en-Veracruz-816x535.jpg 816w, https:\/\/diariodominicano.com\/wp-content\/uploads\/2024\/04\/Profugos-del-Anexo-gran-euforia-en-Veracruz.jpg 1647w\" sizes=\"auto, (max-width: 1024px) 100vw, 1024px\" \/><figcaption class=\"wp-element-caption\">default<\/figcaption><\/figure>\n\n\n\n<figure class=\"wp-block-image size-large\"><img loading=\"lazy\" decoding=\"async\" width=\"1024\" height=\"689\" data-id=\"521807\" src=\"https:\/\/diariodominicano.com\/wp-content\/uploads\/2024\/04\/Profugos-del-Anexo-causan-gran-euforia-en-Veracruz--1024x689.jpg\" alt=\"\" class=\"wp-image-521807\" srcset=\"https:\/\/diariodominicano.com\/wp-content\/uploads\/2024\/04\/Profugos-del-Anexo-causan-gran-euforia-en-Veracruz--1024x689.jpg 1024w, https:\/\/diariodominicano.com\/wp-content\/uploads\/2024\/04\/Profugos-del-Anexo-causan-gran-euforia-en-Veracruz--300x202.jpg 300w, https:\/\/diariodominicano.com\/wp-content\/uploads\/2024\/04\/Profugos-del-Anexo-causan-gran-euforia-en-Veracruz--768x517.jpg 768w, https:\/\/diariodominicano.com\/wp-content\/uploads\/2024\/04\/Profugos-del-Anexo-causan-gran-euforia-en-Veracruz--1536x1034.jpg 1536w, https:\/\/diariodominicano.com\/wp-content\/uploads\/2024\/04\/Profugos-del-Anexo-causan-gran-euforia-en-Veracruz--816x549.jpg 816w, https:\/\/diariodominicano.com\/wp-content\/uploads\/2024\/04\/Profugos-del-Anexo-causan-gran-euforia-en-Veracruz-.jpg 1605w\" sizes=\"auto, (max-width: 1024px) 100vw, 1024px\" \/><\/figure>\n\n\n\n<figure class=\"wp-block-image size-large\"><img loading=\"lazy\" decoding=\"async\" width=\"1024\" height=\"683\" data-id=\"521806\" src=\"https:\/\/diariodominicano.com\/wp-content\/uploads\/2024\/04\/Profugos-del-Anexo-causan-gran-euforia-en-Veracruz-1024x683.jpg\" alt=\"\" class=\"wp-image-521806\" srcset=\"https:\/\/diariodominicano.com\/wp-content\/uploads\/2024\/04\/Profugos-del-Anexo-causan-gran-euforia-en-Veracruz-1024x683.jpg 1024w, https:\/\/diariodominicano.com\/wp-content\/uploads\/2024\/04\/Profugos-del-Anexo-causan-gran-euforia-en-Veracruz-300x200.jpg 300w, https:\/\/diariodominicano.com\/wp-content\/uploads\/2024\/04\/Profugos-del-Anexo-causan-gran-euforia-en-Veracruz-768x512.jpg 768w, https:\/\/diariodominicano.com\/wp-content\/uploads\/2024\/04\/Profugos-del-Anexo-causan-gran-euforia-en-Veracruz-1536x1024.jpg 1536w, https:\/\/diariodominicano.com\/wp-content\/uploads\/2024\/04\/Profugos-del-Anexo-causan-gran-euforia-en-Veracruz-816x544.jpg 816w, https:\/\/diariodominicano.com\/wp-content\/uploads\/2024\/04\/Profugos-del-Anexo-causan-gran-euforia-en-Veracruz.jpg 1620w\" sizes=\"auto, (max-width: 1024px) 100vw, 1024px\" \/><\/figure>\n<\/figure>\n\n\n\n<p>No le pierdan la pista a las redes sociales de Juli\u00f3n y Alfredo donde se dar\u00e1n a conocer las pr\u00f3ximas fechas de la gira, es una experiencia que definitivamente tienen que vivir.<\/p>\n\n\n\n<p><\/p>\n","protected":false},"excerpt":{"rendered":"<p>Sin duda alguna, la gira \u201cPr\u00f3fugos del Anexo\u201d se sigue consolidando como la mejor del a\u00f1o e incluso de todos los tiempos, en lo que a m\u00fasica regional mexicana se refiere, pues en cada sitio donde se presentan Juli\u00f3n \u00c1lvarez y Alfredo Olivas causan sensaci\u00f3n, logrando abarrotar los estadios m\u00e1s importantes del pa\u00eds. El s\u00e1bado [&hellip;]<\/p>\n","protected":false},"author":7,"featured_media":521807,"comment_status":"closed","ping_status":"","sticky":true,"template":"","format":"standard","meta":{"footnotes":""},"categories":[25,27],"tags":[],"class_list":["post-521753","post","type-post","status-publish","format-standard","has-post-thumbnail","hentry","category-gente","category-portada"],"_links":{"self":[{"href":"https:\/\/diariodominicano.com\/index.php?rest_route=\/wp\/v2\/posts\/521753","targetHints":{"allow":["GET"]}}],"collection":[{"href":"https:\/\/diariodominicano.com\/index.php?rest_route=\/wp\/v2\/posts"}],"about":[{"href":"https:\/\/diariodominicano.com\/index.php?rest_route=\/wp\/v2\/types\/post"}],"author":[{"embeddable":true,"href":"https:\/\/diariodominicano.com\/index.php?rest_route=\/wp\/v2\/users\/7"}],"replies":[{"embeddable":true,"href":"https:\/\/diariodominicano.com\/index.php?rest_route=%2Fwp%2Fv2%2Fcomments&post=521753"}],"version-history":[{"count":1,"href":"https:\/\/diariodominicano.com\/index.php?rest_route=\/wp\/v2\/posts\/521753\/revisions"}],"predecessor-version":[{"id":521810,"href":"https:\/\/diariodominicano.com\/index.php?rest_route=\/wp\/v2\/posts\/521753\/revisions\/521810"}],"wp:featuredmedia":[{"embeddable":true,"href":"https:\/\/diariodominicano.com\/index.php?rest_route=\/wp\/v2\/media\/521807"}],"wp:attachment":[{"href":"https:\/\/diariodominicano.com\/index.php?rest_route=%2Fwp%2Fv2%2Fmedia&parent=521753"}],"wp:term":[{"taxonomy":"category","embeddable":true,"href":"https:\/\/diariodominicano.com\/index.php?rest_route=%2Fwp%2Fv2%2Fcategories&post=521753"},{"taxonomy":"post_tag","embeddable":true,"href":"https:\/\/diariodominicano.com\/index.php?rest_route=%2Fwp%2Fv2%2Ftags&post=521753"}],"curies":[{"name":"wp","href":"https:\/\/api.w.org\/{rel}","templated":true}]}}