{"id":52173,"date":"2020-07-01T23:52:16","date_gmt":"2020-07-01T23:52:16","guid":{"rendered":"http:\/\/diariodominicano.ddns.net\/?p=52173"},"modified":"2020-07-01T23:52:16","modified_gmt":"2020-07-01T23:52:16","slug":"donan-documentos-pertenecientes-a-emilio-rodriguez-demorizi","status":"publish","type":"post","link":"https:\/\/diariodominicano.com\/?p=52173","title":{"rendered":"Donan documentos pertenecientes a Emilio Rodr\u00edguez Demorizi"},"content":{"rendered":"<p><body><\/p>\n<p><img decoding=\"async\" src=\"img3\/IMG-20200618-WA0024.jpg\" \/>  <\/p>\n<p><strong>Diariodominicano.com<\/strong><\/p>\n<p><strong>Donan documentos pertenecientes a Emilio Rodr\u00edguez Demorizi<\/strong><\/p>\n<p><strong>Santo Domingo, 1 de julio 2020.- <\/strong> El Archivo General de la Naci\u00f3n (AGN) recibi\u00f3 la donaci\u00f3n de una partida de documentos pertenecientes al historiador Emilio Rodr\u00edguez Demorizi.<\/p>\n<p>La donaci\u00f3n fue recibida por el Dr. Roberto Cass\u00e1, director del Archivo General de la Naci\u00f3n, de manos de Alejandro Ruiz Rodr\u00edguez-Demorizi, nieto del reconocido intelectual, considerado el padre de la Historia contempor\u00e1nea dominicana. La actividad cont\u00f3, adem\u00e1s, con la presencia de Jos\u00e9 V\u00edlchez, subdirector, Aquiles Castro, encargado del Departamento de Conservaci\u00f3n y Raymundo Gonz\u00e1lez, asesor hist\u00f3rico de la instituci\u00f3n.<\/p>\n<p>La donaci\u00f3n consiste en alrededor de 20 cajas con distintos documentos, entre ellos correspondencia, manuscritos y publicaciones raras muy antiguas, con encomiable valor hist\u00f3rico debido a la fuente que  los remite.<\/p>\n<p>Cass\u00e1 asegur\u00f3 mientras revisaba uno de los folders, que la colecci\u00f3n contiene material in\u00e9dito que considera ser\u00e1 importante para la historiograf\u00eda nacional.<\/p>\n<p>El material ser\u00e1 sometido a los procesos t\u00e9cnicos de anoxia, limpieza y restauraci\u00f3n para su posterior descripci\u00f3n y digitalizaci\u00f3n.<\/p>\n<\/p>\n<h6> 2020-07-01 23:52:16 <\/h6>\n<p><!--\n<link rel=\"stylesheet\" href=\"css\/bootstrap.min.css\">\n\n\n<ul class=\"pagination\">\n\t    \n\t\n\n<li >\n\t<a href='?page_no=453'>Previous<\/a>\n\t<\/li>\n\n\n       \n    \n\n<li><a href='?page_no=1'>1<\/a><\/li>\n\n\n\n<li><a href='?page_no=2'>2<\/a><\/li>\n\n\n\n<li><a>...<\/a><\/li>\n\n\n\n<li><a href='?page_no=452'>452<\/a><\/li>\n\n\n\n<li><a href='?page_no=453'>453<\/a><\/li>\n\n\n\n<li class='active'><a>454<\/a><\/li>\n\n\n\n<li><a href='?page_no=455'>455<\/a><\/li>\n\n\n\n<li><a href='?page_no=456'>456<\/a><\/li>\n\n\n\n<li><a>...<\/a><\/li>\n\n\n\n<li><a href='?page_no=22911'>22911<\/a><\/li>\n\n\n\n<li><a href='?page_no=22912'>22912<\/a><\/li>\n\n    \n\t\n\n<li >\n\t<a href='?page_no=455'>Next<\/a>\n\t<\/li>\n\n\n    \n\n<li><a href='?page_no=22912'>Last &rsaquo;&rsaquo;<\/a><\/li>\n\n<\/ul>\n\n\n--><br \/>\n<\/body><\/p>\n","protected":false},"excerpt":{"rendered":"<p>Diariodominicano.com Donan documentos pertenecientes a Emilio Rodr\u00edguez Demorizi Santo Domingo, 1 de julio 2020.- El Archivo General de la Naci\u00f3n (AGN) recibi\u00f3 la donaci\u00f3n de una partida de documentos pertenecientes al historiador Emilio Rodr\u00edguez Demorizi. La donaci\u00f3n fue recibida por el Dr. Roberto Cass\u00e1, director del Archivo General de la Naci\u00f3n, de manos de Alejandro [&hellip;]<\/p>\n","protected":false},"author":3,"featured_media":0,"comment_status":"open","ping_status":"open","sticky":false,"template":"","format":"standard","meta":{"footnotes":""},"categories":[21],"tags":[],"class_list":["post-52173","post","type-post","status-publish","format-standard","hentry","category-cultura"],"_links":{"self":[{"href":"https:\/\/diariodominicano.com\/index.php?rest_route=\/wp\/v2\/posts\/52173","targetHints":{"allow":["GET"]}}],"collection":[{"href":"https:\/\/diariodominicano.com\/index.php?rest_route=\/wp\/v2\/posts"}],"about":[{"href":"https:\/\/diariodominicano.com\/index.php?rest_route=\/wp\/v2\/types\/post"}],"author":[{"embeddable":true,"href":"https:\/\/diariodominicano.com\/index.php?rest_route=\/wp\/v2\/users\/3"}],"replies":[{"embeddable":true,"href":"https:\/\/diariodominicano.com\/index.php?rest_route=%2Fwp%2Fv2%2Fcomments&post=52173"}],"version-history":[{"count":0,"href":"https:\/\/diariodominicano.com\/index.php?rest_route=\/wp\/v2\/posts\/52173\/revisions"}],"wp:attachment":[{"href":"https:\/\/diariodominicano.com\/index.php?rest_route=%2Fwp%2Fv2%2Fmedia&parent=52173"}],"wp:term":[{"taxonomy":"category","embeddable":true,"href":"https:\/\/diariodominicano.com\/index.php?rest_route=%2Fwp%2Fv2%2Fcategories&post=52173"},{"taxonomy":"post_tag","embeddable":true,"href":"https:\/\/diariodominicano.com\/index.php?rest_route=%2Fwp%2Fv2%2Ftags&post=52173"}],"curies":[{"name":"wp","href":"https:\/\/api.w.org\/{rel}","templated":true}]}}