{"id":521630,"date":"2024-04-08T21:08:18","date_gmt":"2024-04-09T01:08:18","guid":{"rendered":"https:\/\/diariodominicano.com\/?p=521630"},"modified":"2024-04-08T21:08:18","modified_gmt":"2024-04-09T01:08:18","slug":"defensor-del-pueblo-visita-las-instalaciones-de-industrias-san-miguel-ism","status":"publish","type":"post","link":"https:\/\/diariodominicano.com\/?p=521630","title":{"rendered":"Defensor del Pueblo visita las instalaciones de Industrias San Miguel (ISM)\u00a0"},"content":{"rendered":"\n<ul class=\"wp-block-list\">\n<li>Durante la visita, el Defensor del Pueblo se familiariz\u00f3 con los diversos programas y acciones de responsabilidad social implementados por ISM en Santiago Rodr\u00edguez, entre los que destacan la construcci\u00f3n de parques infantiles y el acceso al agua potable.\u00a0<\/li>\n<\/ul>\n\n\n\n<p><strong>Santo Domingo, 08 de abril de 2024.<\/strong> En un gesto de colaboraci\u00f3n y transparencia, Industrias San Miguel (ISM) recibi\u00f3 a Pablo Ulloa, Defensor del Pueblo, en su planta de producci\u00f3n ubicada en Santiago Rodr\u00edguez, con el prop\u00f3sito de conocer de primera mano las instalaciones donde se fabrican las reconocidas marcas Kola Real, Frutop, Cool Heaven y Generade.<\/p>\n\n\n\n<figure class=\"wp-block-image size-large\"><img loading=\"lazy\" decoding=\"async\" width=\"1024\" height=\"618\" src=\"https:\/\/diariodominicano.com\/wp-content\/uploads\/2024\/04\/Equipo-de-ISM-junto-a-defensor-del-pueblo-Pablo-Ulloa-1024x618.jpeg\" alt=\"\" class=\"wp-image-521658\" srcset=\"https:\/\/diariodominicano.com\/wp-content\/uploads\/2024\/04\/Equipo-de-ISM-junto-a-defensor-del-pueblo-Pablo-Ulloa-1024x618.jpeg 1024w, https:\/\/diariodominicano.com\/wp-content\/uploads\/2024\/04\/Equipo-de-ISM-junto-a-defensor-del-pueblo-Pablo-Ulloa-300x181.jpeg 300w, https:\/\/diariodominicano.com\/wp-content\/uploads\/2024\/04\/Equipo-de-ISM-junto-a-defensor-del-pueblo-Pablo-Ulloa-768x464.jpeg 768w, https:\/\/diariodominicano.com\/wp-content\/uploads\/2024\/04\/Equipo-de-ISM-junto-a-defensor-del-pueblo-Pablo-Ulloa-1536x927.jpeg 1536w, https:\/\/diariodominicano.com\/wp-content\/uploads\/2024\/04\/Equipo-de-ISM-junto-a-defensor-del-pueblo-Pablo-Ulloa-816x493.jpeg 816w, https:\/\/diariodominicano.com\/wp-content\/uploads\/2024\/04\/Equipo-de-ISM-junto-a-defensor-del-pueblo-Pablo-Ulloa.jpeg 1600w\" sizes=\"auto, (max-width: 1024px) 100vw, 1024px\" \/><\/figure>\n\n\n\n<p>El encuentro, que transcurri\u00f3 en un ambiente de cordialidad y di\u00e1logo constructivo, ofreci\u00f3 la oportunidad de mostrar no solo los procesos de producci\u00f3n de las marcas, sino tambi\u00e9n las diversas iniciativas comunitarias llevadas a cabo por ISM en la provincia.&nbsp;<\/p>\n\n\n\n<p>Durante la visita, se destacaron las acciones como el acceso sostenible al agua potable en Santiago Rodr\u00edguez en colaboraci\u00f3n con la Agencia de los Estados Unidos para el Desarrollo Internacional (USAID) y la Fundaci\u00f3n Rural Economic Development Dominicana (REDDOM), as\u00ed como el aporte brindado a Edenorte para la mejora del suministro el\u00e9ctrico, la construcci\u00f3n de parques infantiles, jornadas de reforestaci\u00f3n y la limpieza de costas y r\u00edos.<\/p>\n\n\n\n<p>\u00abLa presencia del Defensor del Pueblo en nuestras instalaciones subraya el firme compromiso de ambas entidades con los principios fundamentales de transparencia, responsabilidad social y bienestar comunitario. Esta visita refleja nuestra dedicaci\u00f3n compartida hacia la promoci\u00f3n de valores \u00e9ticos y el fortalecimiento de la colaboraci\u00f3n en beneficio de la sociedad\u00bb, expres\u00f3 Zislo Janampa, representante de la gerencia de ISM.<\/p>\n\n\n\n<p>ISM ha respaldado al Defensor del Pueblo, como entidad responsable de salvaguardar los derechos tanto individuales como colectivos de los ciudadanos, as\u00ed como de asegurar el adecuado funcionamiento de la Administraci\u00f3n P\u00fablica, con donaci\u00f3n de productos para los encuentros que llevan a cabo en el marco de su iniciativa de \u00abLa Constituci\u00f3n Animada\u00bb.<\/p>\n\n\n\n<p>Al finalizar el recorrido, se comparti\u00f3 un almuerzo durante el cual se exploraron posibilidades de colaboraci\u00f3n futura en actividades e iniciativas de inter\u00e9s colectivo.<\/p>\n\n\n\n<p>La delegaci\u00f3n del Defensor del Pueblo estuvo compuesta por el Dr. Pablo Ulloa, Heissa Pujals, Enlace Interinstitucional, Chanelle Pesqueira, encargada de redes, G\u00e9nesis Alm\u00e1nzar de Protocolo y Jorge Ferreira, Coordinador de la estrategia de expansi\u00f3n territorial y vinculaci\u00f3n Ciudadana. Por parte de ISM, se cont\u00f3 con la presencia de Zislo Janampa, representante de la gerencia, Astrid Beltr\u00e9, Gerente de Comunicaciones, y Kelvi Espinal, jefe de relaciones laborales y Krismelis Ure\u00f1a, Coordinadora de Responsabilidad social.&nbsp;&nbsp;<\/p>\n\n\n\n<p><strong>Pie de fotos:&nbsp;<\/strong><\/p>\n\n\n\n<p><strong>Foto principal: <\/strong>Zislo Janampa y Pablo Ulloa<\/p>\n\n\n\n<p><strong>Foto 2:<\/strong> Equipo de ISM junto a defensor del pueblo Pablo Ulloa.&nbsp;<\/p>\n\n\n\n<p><strong>Foto 3:<\/strong> Recorrido por las instalaciones de ISM&nbsp;&nbsp;<\/p>\n","protected":false},"excerpt":{"rendered":"<p>Santo Domingo, 08 de abril de 2024. En un gesto de colaboraci\u00f3n y transparencia, Industrias San Miguel (ISM) recibi\u00f3 a Pablo Ulloa, Defensor del Pueblo, en su planta de producci\u00f3n ubicada en Santiago Rodr\u00edguez, con el prop\u00f3sito de conocer de primera mano las instalaciones donde se fabrican las reconocidas marcas Kola Real, Frutop, Cool Heaven [&hellip;]<\/p>\n","protected":false},"author":7,"featured_media":521659,"comment_status":"closed","ping_status":"","sticky":true,"template":"","format":"standard","meta":{"footnotes":""},"categories":[20,27],"tags":[],"class_list":["post-521630","post","type-post","status-publish","format-standard","has-post-thumbnail","hentry","category-dominicana-hoy","category-portada"],"_links":{"self":[{"href":"https:\/\/diariodominicano.com\/index.php?rest_route=\/wp\/v2\/posts\/521630","targetHints":{"allow":["GET"]}}],"collection":[{"href":"https:\/\/diariodominicano.com\/index.php?rest_route=\/wp\/v2\/posts"}],"about":[{"href":"https:\/\/diariodominicano.com\/index.php?rest_route=\/wp\/v2\/types\/post"}],"author":[{"embeddable":true,"href":"https:\/\/diariodominicano.com\/index.php?rest_route=\/wp\/v2\/users\/7"}],"replies":[{"embeddable":true,"href":"https:\/\/diariodominicano.com\/index.php?rest_route=%2Fwp%2Fv2%2Fcomments&post=521630"}],"version-history":[{"count":1,"href":"https:\/\/diariodominicano.com\/index.php?rest_route=\/wp\/v2\/posts\/521630\/revisions"}],"predecessor-version":[{"id":521660,"href":"https:\/\/diariodominicano.com\/index.php?rest_route=\/wp\/v2\/posts\/521630\/revisions\/521660"}],"wp:featuredmedia":[{"embeddable":true,"href":"https:\/\/diariodominicano.com\/index.php?rest_route=\/wp\/v2\/media\/521659"}],"wp:attachment":[{"href":"https:\/\/diariodominicano.com\/index.php?rest_route=%2Fwp%2Fv2%2Fmedia&parent=521630"}],"wp:term":[{"taxonomy":"category","embeddable":true,"href":"https:\/\/diariodominicano.com\/index.php?rest_route=%2Fwp%2Fv2%2Fcategories&post=521630"},{"taxonomy":"post_tag","embeddable":true,"href":"https:\/\/diariodominicano.com\/index.php?rest_route=%2Fwp%2Fv2%2Ftags&post=521630"}],"curies":[{"name":"wp","href":"https:\/\/api.w.org\/{rel}","templated":true}]}}