{"id":521625,"date":"2024-04-08T20:30:59","date_gmt":"2024-04-09T00:30:59","guid":{"rendered":"https:\/\/diariodominicano.com\/?p=521625"},"modified":"2024-04-08T20:30:59","modified_gmt":"2024-04-09T00:30:59","slug":"solicitan-unidad-lideres-politicos-para-defender-el-pais","status":"publish","type":"post","link":"https:\/\/diariodominicano.com\/?p=521625","title":{"rendered":"Solicitan unidad l\u00edderes pol\u00edticos para defender el pa\u00eds"},"content":{"rendered":"\n<p>Los doctores Jos\u00e9 Miguel V\u00e1squez y Jottin Cury demandaron la unidad sincera, leal y desinteresada de los principales l\u00edderes pol\u00edticos del pa\u00eds a fin de asumir la defensa del inter\u00e9s nacional en los actuales momentos cr\u00edticos por los que atraviesa la Naci\u00f3n. Afirmaron que se impone unificar criterios sobre la agresiva ocupaci\u00f3n haitiana que amenaza seriamente la identidad nacional, situaci\u00f3n esta que amerita un consenso sobre el tema, el cual debe ser excluido del debate pol\u00edtico y colocarse por encima de diferencias partidarias.<\/p>\n\n\n\n<p>En ese sentido, el doctor V\u00e1squez precis\u00f3 que \u201cla supervivencia del pueblo dominicano est\u00e1 en juego, y aunque estamos en un proceso pol\u00edtico, el problema haitiano debe ser abordado como un asunto de seguridad nacional\u201d. Apunt\u00f3, adem\u00e1s, que se debe enviar a la comunidad internacional un mensaje claro de unidad nacional sobre un asunto de tanta relevancia que amenaza seriamente la supervivencia del pueblo dominicano.<\/p>\n\n\n\n<p>Asimismo, el Dr. Cury se\u00f1al\u00f3 que el inter\u00e9s de la comunidad y organismos internacionales es resolver el drama haitiano en territorio dominicano, raz\u00f3n por la que en los actuales momentos todos los l\u00edderes pol\u00edticos, empresariales y eclesi\u00e1sticos deben unificar un contundente mensaje de rechazo ante la brutal embestida y agresi\u00f3n sufrida por los dominicanos.<\/p>\n\n\n\n<p>Los juristas indicaron que las diferencias pol\u00edticas deben colocarse de lado en lo relativo a esta problem\u00e1tica, pues la unidad es fundamental para repeler las agresiones que sufre la naci\u00f3n dominicana. Y dado que todos han expresado, por separado, criterios similares en cuanto a la preservaci\u00f3n de los intereses vitales de la colectividad, los juristas hacen un formal llamado al presidente Luis Abinader, Leonel Fern\u00e1ndez, Danilo Medina y Abel Mart\u00ednez para que en lo inmediato se re\u00fanan y redacten un documento contundente de repudio ante las injerencias padecidas por los dominicanos en lo referente a su soberan\u00eda, como muestra del inter\u00e9s com\u00fan en favor de de la Rep\u00fablica.<\/p>\n\n\n\n<p>Las declaraciones fueron expresadas en el programa \u201cLa Hora de Consuelo\u201d que se transmite diariamente por Teleradioam\u00e9rica, el cual es conducido por la experimentada comunicadora, Consuelo Despradel<\/p>\n","protected":false},"excerpt":{"rendered":"<p>Los doctores Jos\u00e9 Miguel V\u00e1squez y Jottin Cury demandaron la unidad sincera, leal y desinteresada de los principales l\u00edderes pol\u00edticos del pa\u00eds a fin de asumir la defensa del inter\u00e9s nacional en los actuales momentos cr\u00edticos por los que atraviesa la Naci\u00f3n. Afirmaron que se impone unificar criterios sobre la agresiva ocupaci\u00f3n haitiana que amenaza [&hellip;]<\/p>\n","protected":false},"author":7,"featured_media":521632,"comment_status":"closed","ping_status":"","sticky":true,"template":"","format":"standard","meta":{"footnotes":""},"categories":[20,27],"tags":[],"class_list":["post-521625","post","type-post","status-publish","format-standard","has-post-thumbnail","hentry","category-dominicana-hoy","category-portada"],"_links":{"self":[{"href":"https:\/\/diariodominicano.com\/index.php?rest_route=\/wp\/v2\/posts\/521625","targetHints":{"allow":["GET"]}}],"collection":[{"href":"https:\/\/diariodominicano.com\/index.php?rest_route=\/wp\/v2\/posts"}],"about":[{"href":"https:\/\/diariodominicano.com\/index.php?rest_route=\/wp\/v2\/types\/post"}],"author":[{"embeddable":true,"href":"https:\/\/diariodominicano.com\/index.php?rest_route=\/wp\/v2\/users\/7"}],"replies":[{"embeddable":true,"href":"https:\/\/diariodominicano.com\/index.php?rest_route=%2Fwp%2Fv2%2Fcomments&post=521625"}],"version-history":[{"count":1,"href":"https:\/\/diariodominicano.com\/index.php?rest_route=\/wp\/v2\/posts\/521625\/revisions"}],"predecessor-version":[{"id":521633,"href":"https:\/\/diariodominicano.com\/index.php?rest_route=\/wp\/v2\/posts\/521625\/revisions\/521633"}],"wp:featuredmedia":[{"embeddable":true,"href":"https:\/\/diariodominicano.com\/index.php?rest_route=\/wp\/v2\/media\/521632"}],"wp:attachment":[{"href":"https:\/\/diariodominicano.com\/index.php?rest_route=%2Fwp%2Fv2%2Fmedia&parent=521625"}],"wp:term":[{"taxonomy":"category","embeddable":true,"href":"https:\/\/diariodominicano.com\/index.php?rest_route=%2Fwp%2Fv2%2Fcategories&post=521625"},{"taxonomy":"post_tag","embeddable":true,"href":"https:\/\/diariodominicano.com\/index.php?rest_route=%2Fwp%2Fv2%2Ftags&post=521625"}],"curies":[{"name":"wp","href":"https:\/\/api.w.org\/{rel}","templated":true}]}}