{"id":521603,"date":"2024-04-08T10:24:32","date_gmt":"2024-04-08T14:24:32","guid":{"rendered":"https:\/\/diariodominicano.com\/?p=521603"},"modified":"2024-04-08T21:06:24","modified_gmt":"2024-04-09T01:06:24","slug":"pro-consumidor-abrira-oficinas-en-consulados-de-rd-en-nueva-york-y-otros-estados-de-eeuu","status":"publish","type":"post","link":"https:\/\/diariodominicano.com\/?p=521603","title":{"rendered":"Pro Consumidor anuncia abrir\u00e1 oficinas en consulados\u00a0de RD en Nueva York y otros estados de EEUU"},"content":{"rendered":"\n<p>diariodominicano.com<\/p>\n\n\n\n<p><strong>Nueva York, 8 de abril, 2024.-<\/strong>\u2002El Instituto Nacional de Protecci\u00f3n de los Derechos del Consumidor (Pro Consumidor) acord\u00f3 con el Consulado General de la Rep\u00fablica Dominicana en Nueva York, Estados Unidos, instalar una oficina de esa entidad en la sede consular para atender reclamos o denuncias de quisqueyanos residentes en esta urbe, cuyos derechos sean vulnerados en territorio dominicano.<\/p>\n\n\n\n<p>As\u00ed lo inform\u00f3 el director ejecutivo de Pro Consumidor, Eddy Alc\u00e1ntara, durante una visita que realiz\u00f3 a esta ciudad, donde se reuni\u00f3 con funcionarios del consulado para definir detalles sobre la instalaci\u00f3n de la referida oficina, en la que participaron el vicec\u00f3nsul Tamiris Garc\u00eda Marcano; Juanita Mart\u00ednez, encargada del Programa de Viviendas Familia Feliz; Sarah Machado, encargada del Departamento Jur\u00eddico; Elvin Tineo, director Operativo; Francisco B\u00e1ez, asistente del c\u00f3nsul general, Eligio J\u00e1quez, entre otros. &nbsp;<\/p>\n\n\n\n<p>\u201cLo que buscamos con esta apertura es que los dominicanos en Nueva York y otros estados puedan formalizar cualquier tipo de denuncia o reclamaci\u00f3n directamente, sin tener que viajar a la Rep\u00fablica Dominicana\u201d, agreg\u00f3.<\/p>\n\n\n\n<p>Alc\u00e1ntara explic\u00f3 que desde hace meses se ven\u00eda fraguando la idea con la finalidad de que los quisqueyanos residentes en Estados Unidos sientan que sus derechos en la Rep\u00fablica Dominicana \u201cest\u00e1n siendo protegidos cuando reciban alg\u00fan tipo de timaci\u00f3n en cualquier transacci\u00f3n comercial que hagan con proveedores de bienes y servicios en nuestro pa\u00eds\u201d.<\/p>\n\n\n\n<p>Asegur\u00f3 que la motivaci\u00f3n de abrir esta dependencia de Pro Consumidor en la sede consular fue impulsada mayormente por la instalaci\u00f3n de oficinas de representaci\u00f3n del Banco de Reservas en Nueva York y Miami y la feria inmobiliaria que la entidad bancaria realiz\u00f3 en Laurence y esta ciudad, en la que se aprob\u00f3 la<\/p>\n\n\n\n<p>suma de m\u00e1s de 8 mil millones de pesos para transacciones inmobiliarias.<\/p>\n\n\n\n<p>Record\u00f3 que estos temas inmobiliarios han sido fundamentales dentro de lo que son los conflictos entre proveedores y consumidores.<\/p>\n\n\n\n<p>\u201cDe esa manera cualquier consumidor que pudiera tener alg\u00fan tipo de situaci\u00f3n con el proveedor inmobiliario en Rep\u00fablica Dominicana, tendr\u00eda la facilidad de hacer su reclamaci\u00f3n sin tener que venir a nuestro pa\u00eds o sin tener que hacer uso de las diferentes plataformas que tenemos\u201d, manifest\u00f3.<\/p>\n\n\n\n<p>El funcionario dijo que la oficina que se abrir\u00e1 en Nueva York ser\u00e1 puesta en funcionamiento en las pr\u00f3ximas semanas.<\/p>\n\n\n\n<p>Adelant\u00f3 que igualmente se est\u00e1n haciendo gestiones para abrir otras oficinas de la entidad defensora de los derechos de los consumidores en las sedes consulares de Boston, Nueva Jersey, Miami y Puerto Rico.<\/p>\n\n\n\n<p>En el encuentro con los funcionarios consulares en esta ciudad, el director ejecutivo de Pro Consumidor record\u00f3 tambi\u00e9n que dado a que la Ley 358-05 solamente puede garantizar los derechos de los consumidores cuando el proveedor est\u00e1 en territorio dominicano, \u201cprocuramos con este nuevo mecanismo, crear las condiciones de facilitaci\u00f3n para cualquier tipo de acci\u00f3n fuera de la Rep\u00fablica Dominicana en beneficio de los consumidores, cuando son afectados en nuestro pa\u00eds en casos inmobiliarios o de cualquier otro tipo de afectaci\u00f3n\u201d.<\/p>\n\n\n\n<p>Precis\u00f3, adem\u00e1s, que en esas oficinas que abrir\u00e1 Pro Consumidor en esos consulados, se designar\u00e1 un orientador que se encargar\u00e1 de trazarles las pautas y facilitarles los pasos a los dominicanos al momento de reclamar cuando sientan que fueron timados sus derechos.<\/p>\n\n\n\n<p>Alc\u00e1ntara dijo finalmente que su misi\u00f3n es hacer cumplir la normativa y hacer valer los derechos que le asisten a cada consumidor dominicano donde quiera que se encuentre, por lo que a su llegada a esa entidad han abierto oficinas en diferentes provincias del pa\u00eds.<\/p>\n\n\n\n<p><strong>Departamento de Comunicaciones<\/strong><\/p>\n\n\n\n<p><strong>Pro Consumidor<\/strong><\/p>\n","protected":false},"excerpt":{"rendered":"<p>diariodominicano.com Nueva York, 8 de abril, 2024.-\u2002El Instituto Nacional de Protecci\u00f3n de los Derechos del Consumidor (Pro Consumidor) acord\u00f3 con el Consulado General de la Rep\u00fablica Dominicana en Nueva York, Estados Unidos, instalar una oficina de esa entidad en la sede consular para atender reclamos o denuncias de quisqueyanos residentes en esta urbe, cuyos derechos [&hellip;]<\/p>\n","protected":false},"author":5,"featured_media":521604,"comment_status":"closed","ping_status":"","sticky":true,"template":"","format":"standard","meta":{"footnotes":""},"categories":[20,27],"tags":[],"class_list":["post-521603","post","type-post","status-publish","format-standard","has-post-thumbnail","hentry","category-dominicana-hoy","category-portada"],"_links":{"self":[{"href":"https:\/\/diariodominicano.com\/index.php?rest_route=\/wp\/v2\/posts\/521603","targetHints":{"allow":["GET"]}}],"collection":[{"href":"https:\/\/diariodominicano.com\/index.php?rest_route=\/wp\/v2\/posts"}],"about":[{"href":"https:\/\/diariodominicano.com\/index.php?rest_route=\/wp\/v2\/types\/post"}],"author":[{"embeddable":true,"href":"https:\/\/diariodominicano.com\/index.php?rest_route=\/wp\/v2\/users\/5"}],"replies":[{"embeddable":true,"href":"https:\/\/diariodominicano.com\/index.php?rest_route=%2Fwp%2Fv2%2Fcomments&post=521603"}],"version-history":[{"count":2,"href":"https:\/\/diariodominicano.com\/index.php?rest_route=\/wp\/v2\/posts\/521603\/revisions"}],"predecessor-version":[{"id":521657,"href":"https:\/\/diariodominicano.com\/index.php?rest_route=\/wp\/v2\/posts\/521603\/revisions\/521657"}],"wp:featuredmedia":[{"embeddable":true,"href":"https:\/\/diariodominicano.com\/index.php?rest_route=\/wp\/v2\/media\/521604"}],"wp:attachment":[{"href":"https:\/\/diariodominicano.com\/index.php?rest_route=%2Fwp%2Fv2%2Fmedia&parent=521603"}],"wp:term":[{"taxonomy":"category","embeddable":true,"href":"https:\/\/diariodominicano.com\/index.php?rest_route=%2Fwp%2Fv2%2Fcategories&post=521603"},{"taxonomy":"post_tag","embeddable":true,"href":"https:\/\/diariodominicano.com\/index.php?rest_route=%2Fwp%2Fv2%2Ftags&post=521603"}],"curies":[{"name":"wp","href":"https:\/\/api.w.org\/{rel}","templated":true}]}}