{"id":521541,"date":"2024-04-08T00:12:45","date_gmt":"2024-04-08T04:12:45","guid":{"rendered":"https:\/\/diariodominicano.com\/?p=521541"},"modified":"2024-04-08T00:12:45","modified_gmt":"2024-04-08T04:12:45","slug":"personal-de-embajada-de-mexico-deja-ecuador-tras-ruptura-de-relaciones-diplomaticas","status":"publish","type":"post","link":"https:\/\/diariodominicano.com\/?p=521541","title":{"rendered":"Personal de Embajada de M\u00e9xico deja Ecuador tras ruptura de relaciones diplom\u00e1ticas"},"content":{"rendered":"\n<p><em>spanish.news.cn<\/em>|<em>&nbsp;2024-04-08 02:05:45<\/em>|<\/p>\n\n\n\n<p>La embajadora de M\u00e9xico en Ecuador, Raquel Serur (i), habla durante un mensaje a los medios de comunicaci\u00f3n en el marco de la llegada del personal de la Embajada de M\u00e9xico en Ecuador, en la Ciudad de M\u00e9xico, capital de M\u00e9xico, el 7 de abril de 2024. El personal de la Embajada de M\u00e9xico en Ecuador retorn\u00f3 el domingo a su pa\u00eds de origen, tras la ruptura de relaciones diplom\u00e1ticas con la naci\u00f3n sudamericana, despu\u00e9s de la irrupci\u00f3n de polic\u00edas ecuatorianos a su sede el pasado 5 de abril para detener al exvicepresidente ecuatoriano, Jorge Glas, condenado por actos de corrupci\u00f3n. (Xinhua\/Francisco Ca\u00f1edo)<\/p>\n\n\n\n<p>QUITO, 7 abr (Xinhua) &#8212; El personal de la Embajada de M\u00e9xico en Ecuador retorn\u00f3 hoy domingo a su pa\u00eds de origen, tras la ruptura de relaciones diplom\u00e1ticas con la naci\u00f3n sudamericana, despu\u00e9s de la irrupci\u00f3n de polic\u00edas ecuatorianos a su sede el pasado 5 de abril para detener al exvicepresidente ecuatoriano, Jorge Glas, condenado por actos de corrupci\u00f3n.<\/p>\n\n\n\n<p>La detenci\u00f3n de Glas, quien se encontraba refugiado en la embajada mexicana desde el 17 de diciembre pasado, se produjo despu\u00e9s de que M\u00e9xico le concediera asilo pol\u00edtico.<\/p>\n\n\n\n<p>El regreso del personal diplom\u00e1tico mexicano y sus familias fue confirmado por la Secretar\u00eda (Ministerio) de Relaciones Exteriores de M\u00e9xico a trav\u00e9s de su cuenta en la red social X.<\/p>\n\n\n\n<p>\u00abEl personal diplom\u00e1tico de @EmbaMexEcu ya viaja de vuelta a M\u00e9xico desde Quito\u00bb, public\u00f3 la entidad mexicana.<\/p>\n\n\n\n<p>\u00abPa\u00edses amigos y aliados de nuestra embajada apoyaron para velar por la integridad de las personas mexicanas, a trav\u00e9s de su acompa\u00f1amiento en el recorrido hasta el aeropuerto de la capital ecuatoriana\u00bb, agreg\u00f3.<\/p>\n\n\n\n<p>La irrupci\u00f3n policial a la Embajada mexicana llev\u00f3 al presidente de M\u00e9xico, Andr\u00e9s Manuel L\u00f3pez Obrador, a romper relaciones diplom\u00e1ticas con Ecuador, al considerar la acci\u00f3n como una violaci\u00f3n de la soberan\u00eda de su pa\u00eds y del derecho internacional.<\/p>\n\n\n\n<p>Instruy\u00f3, adem\u00e1s, a la canciller mexicana Alicia B\u00e1rcena coordinar el retorno del personal diplom\u00e1tico acreditado en Ecuador, junto con sus familias, despu\u00e9s del \u00abviolento ataque\u00bb perpetrado a la Embajada de M\u00e9xico.<\/p>\n\n\n\n<p>Se indic\u00f3 que un grupo de 18 personas retornar\u00e1n en un vuelo comercial de Ecuador a la Ciudad de M\u00e9xico.<\/p>\n\n\n\n<p>El abandono de la Embajada mexicana en Ecuador sigue al anuncio del Gobierno de M\u00e9xico del cierre indefinido de la legaci\u00f3n diplom\u00e1tica por la violaci\u00f3n de su inmunidad y la agresi\u00f3n a su personal.<\/p>\n\n\n\n<p>La embajada de M\u00e9xico en Ecuador \u00abpermanecer\u00e1 cerrada indefinidamente, as\u00ed como los servicios consulares\u00bb, seg\u00fan comunic\u00f3 la instituci\u00f3n.<\/p>\n\n\n\n<p>La crisis diplom\u00e1tica entre ambos pa\u00edses se profundiz\u00f3 el pasado 4 de abril, luego de que Ecuador declar\u00f3 como \u00abpersona non grata\u00bb a la embajadora de M\u00e9xico en el pa\u00eds sudamericano, Raquel Serur, y le dio un plazo de 72 horas para que abandonara la naci\u00f3n.<\/p>\n\n\n\n<p>La decisi\u00f3n se tom\u00f3 en rechazo a declaraciones emitidas por el presidente mexicano, Andr\u00e9s Manuel L\u00f3pez Obrador, sobre asuntos pol\u00edticos internos de Ecuador, que la canciller\u00eda ecuatoriana calific\u00f3 como \u00abmuy desafortunadas\u00bb.<\/p>\n\n\n\n<p>El mandatario mexicano se refiri\u00f3 a las elecciones generales anticipadas de 2023 en Ecuador y al asesinato del excandidato presidencial, Fernando Villavicencio, ocurrido el 9 de agosto pasado en un ataque armado.<\/p>\n\n\n\n<figure class=\"wp-block-image\"><img decoding=\"async\" src=\"https:\/\/spanish.xinhuanet.com\/20240408\/74c426a36a06413684df2792ff470e96\/57537842f9934331bfe80494cead4317.jpg\" alt=\"\"\/><\/figure>\n\n\n\n<p>El jefe de Asuntos Pol\u00edticos de la Embajada de M\u00e9xico en Ecuador, Roberto Canseco, habla durante un mensaje a los medios de comunicaci\u00f3n en el marco de la llegada del personal de la Embajada de M\u00e9xico en Ecuador, en la Ciudad de M\u00e9xico, capital de M\u00e9xico, el 7 de abril de 2024. El personal de la Embajada de M\u00e9xico en Ecuador retorn\u00f3 el domingo a su pa\u00eds de origen, tras la ruptura de relaciones diplom\u00e1ticas con la naci\u00f3n sudamericana, despu\u00e9s de la irrupci\u00f3n de polic\u00edas ecuatorianos a su sede el pasado 5 de abril para detener al exvicepresidente ecuatoriano, Jorge Glas, condenado por actos de corrupci\u00f3n. (Xinhua\/Francisco Ca\u00f1edo)<\/p>\n\n\n\n<figure class=\"wp-block-image\"><img decoding=\"async\" src=\"https:\/\/spanish.xinhuanet.com\/20240408\/74c426a36a06413684df2792ff470e96\/332cbf4476024eeb8c9d497c0cde12a7.jpg\" alt=\"\"\/><\/figure>\n\n\n\n<p>La embajadora de M\u00e9xico en Ecuador, Raquel Serur, habla durante un mensaje a los medios de comunicaci\u00f3n en el marco de la llegada del personal de la Embajada de M\u00e9xico en Ecuador, en la Ciudad de M\u00e9xico, capital de M\u00e9xico, el 7 de abril de 2024. El personal de la Embajada de M\u00e9xico en Ecuador retorn\u00f3 el domingo a su pa\u00eds de origen, tras la ruptura de relaciones diplom\u00e1ticas con la naci\u00f3n sudamericana, despu\u00e9s de la irrupci\u00f3n de polic\u00edas ecuatorianos a su sede el pasado 5 de abril para detener al exvicepresidente ecuatoriano, Jorge Glas, condenado por actos de corrupci\u00f3n. (Xinhua\/Francisco Ca\u00f1edo)<\/p>\n\n\n\n<figure class=\"wp-block-image\"><img decoding=\"async\" src=\"https:\/\/spanish.xinhuanet.com\/20240408\/74c426a36a06413684df2792ff470e96\/b8357f4bf975452c99bcf702f7bdb5ab.jpg\" alt=\"\"\/><\/figure>\n\n\n\n<p>La canciller mexicana, Alicia B\u00e1rcena, habla durante un mensaje a los medios de comunicaci\u00f3n en el marco de la llegada del personal de la Embajada de M\u00e9xico en Ecuador, en la Ciudad de M\u00e9xico, capital de M\u00e9xico, el 7 de abril de 2024. El personal de la Embajada de M\u00e9xico en Ecuador retorn\u00f3 el domingo a su pa\u00eds de origen, tras la ruptura de relaciones diplom\u00e1ticas con la naci\u00f3n sudamericana, despu\u00e9s de la irrupci\u00f3n de polic\u00edas ecuatorianos a su sede el pasado 5 de abril para detener al exvicepresidente ecuatoriano, Jorge Glas, condenado por actos de corrupci\u00f3n. (Xinhua\/Francisco Ca\u00f1edo)<\/p>\n\n\n\n<p><a href=\"https:\/\/www.facebook.com\/sharer\/sharer.php?u=https:\/\/spanish.xinhuanet.com\/20240408\/74c426a36a06413684df2792ff470e96\/c.html\" target=\"_blank\" rel=\"noreferrer noopener\"><\/a>&nbsp;<a href=\"https:\/\/twitter.com\/intent\/tweet?text=Personal%20de%20Embajada%20de%20M%C3%A9xico%20deja%20Ecuador%20tras%20ruptura%20de%20relaciones%20diplom%C3%A1ticas&amp;url=https:\/\/spanish.xinhuanet.com\/20240408\/74c426a36a06413684df2792ff470e96\/c.html\" target=\"_blank\" rel=\"noreferrer noopener\"><\/a>&nbsp;<a target=\"_blank\" href=\"https:\/\/service.weibo.com\/share\/share.php?title=Personal%20de%20Embajada%20de%20M%C3%A9xico%20deja%20Ecuador%20tras%20ruptura%20de%20relaciones%20diplom%C3%A1ticas&amp;url=https:\/\/spanish.xinhuanet.com\/20240408\/74c426a36a06413684df2792ff470e96\/c.html\" rel=\"noreferrer noopener\"><\/a>&nbsp;<a><\/a><\/p>\n\n\n\n<figure class=\"wp-block-image\"><img decoding=\"async\" src=\"https:\/\/imgs.news.cn\/res\/xhwimg\/spanish\/20170522\/img\/jc-xfa.png\" alt=\"\"\/><\/figure>\n","protected":false},"excerpt":{"rendered":"<p>spanish.news.cn|&nbsp;2024-04-08 02:05:45| La embajadora de M\u00e9xico en Ecuador, Raquel Serur (i), habla durante un mensaje a los medios de comunicaci\u00f3n en el marco de la llegada del personal de la Embajada de M\u00e9xico en Ecuador, en la Ciudad de M\u00e9xico, capital de M\u00e9xico, el 7 de abril de 2024. El personal de la Embajada de [&hellip;]<\/p>\n","protected":false},"author":28,"featured_media":521542,"comment_status":"closed","ping_status":"","sticky":true,"template":"","format":"standard","meta":{"footnotes":""},"categories":[26,23,27],"tags":[],"class_list":["post-521541","post","type-post","status-publish","format-standard","has-post-thumbnail","hentry","category-efemerides","category-internacional","category-portada"],"_links":{"self":[{"href":"https:\/\/diariodominicano.com\/index.php?rest_route=\/wp\/v2\/posts\/521541","targetHints":{"allow":["GET"]}}],"collection":[{"href":"https:\/\/diariodominicano.com\/index.php?rest_route=\/wp\/v2\/posts"}],"about":[{"href":"https:\/\/diariodominicano.com\/index.php?rest_route=\/wp\/v2\/types\/post"}],"author":[{"embeddable":true,"href":"https:\/\/diariodominicano.com\/index.php?rest_route=\/wp\/v2\/users\/28"}],"replies":[{"embeddable":true,"href":"https:\/\/diariodominicano.com\/index.php?rest_route=%2Fwp%2Fv2%2Fcomments&post=521541"}],"version-history":[{"count":1,"href":"https:\/\/diariodominicano.com\/index.php?rest_route=\/wp\/v2\/posts\/521541\/revisions"}],"predecessor-version":[{"id":521543,"href":"https:\/\/diariodominicano.com\/index.php?rest_route=\/wp\/v2\/posts\/521541\/revisions\/521543"}],"wp:featuredmedia":[{"embeddable":true,"href":"https:\/\/diariodominicano.com\/index.php?rest_route=\/wp\/v2\/media\/521542"}],"wp:attachment":[{"href":"https:\/\/diariodominicano.com\/index.php?rest_route=%2Fwp%2Fv2%2Fmedia&parent=521541"}],"wp:term":[{"taxonomy":"category","embeddable":true,"href":"https:\/\/diariodominicano.com\/index.php?rest_route=%2Fwp%2Fv2%2Fcategories&post=521541"},{"taxonomy":"post_tag","embeddable":true,"href":"https:\/\/diariodominicano.com\/index.php?rest_route=%2Fwp%2Fv2%2Ftags&post=521541"}],"curies":[{"name":"wp","href":"https:\/\/api.w.org\/{rel}","templated":true}]}}