{"id":521426,"date":"2024-04-07T21:38:53","date_gmt":"2024-04-08T01:38:53","guid":{"rendered":"https:\/\/diariodominicano.com\/?p=521426"},"modified":"2024-04-07T21:40:02","modified_gmt":"2024-04-08T01:40:02","slug":"fiscalia-del-distrito-nacional-reconoce-trayectoria-de-periodistas-que-cubren-la-fuente-de-justicia","status":"publish","type":"post","link":"https:\/\/diariodominicano.com\/?p=521426","title":{"rendered":"Fiscal\u00eda del Distrito Nacional reconoce trayectoria de periodistas que cubren la fuente de justicia"},"content":{"rendered":"\n<p>SANTO DOMINGO, Rep\u00fablica Dominicana.- En el marco de la celebraci\u00f3n del D\u00eda del Periodista, la Fiscal\u00eda del Distrito Nacional se uni\u00f3 a la conmemoraci\u00f3n con el reconocimiento a la labor incansable de los profesionales de la comunicaci\u00f3n que cubren la fuente judicial en la Rep\u00fablica Dominicana.<\/p>\n\n\n\n<p>El evento estuvo encabezado por el director t\u00e9cnico, Kelvyn Col\u00f3n, y el coordinador de las casas comunitarias, Rafael Brown Herrera. El magistrado Kelvyn Col\u00f3n, en nombre de la fiscal titular, magistrada Rosalba Ramos,&nbsp; ponder\u00f3 la objetividad con la que los periodistas cubren los casos judiciales, manteniendo informada a la ciudadan\u00eda, como eje transversal de la justicia dominicana.<\/p>\n\n\n\n<p>Durante la celebraci\u00f3n, la Fiscal\u00eda del Distrito Nacional otorg\u00f3 reconocimientos a destacados periodistas, cuya trayectoria y compromiso con la verdad han dejado una huella en la labor informativa dominicana.<\/p>\n\n\n\n<p>El periodista Ram\u00f3n Cruz Benzan, de List\u00edn Diario, fue reconocido por su extraordinaria trayectoria de 32 a\u00f1os dedicados al periodismo judicial dominicano, quien, por m\u00e1s de tres d\u00e9cadas ha sido un basti\u00f3n del derecho a la informaci\u00f3n veraz.<\/p>\n\n\n\n<p>En ese mismo orden, Teresa Casado, del peri\u00f3dico El D\u00eda, fue reconocida por su destacada trayectoria de casi 20 a\u00f1os dedicados al periodismo judicial dominicano. As\u00ed como la periodista Loyda Pe\u00f1a, del peri\u00f3dico Hoy, fue galardonada por su labor extraordinaria durante 12 a\u00f1os.<\/p>\n\n\n\n<p>En representaci\u00f3n del periodismo televisivo, el profesional de la palabra, Rafael Lara Arias, fue homenajeado por su compromiso y dedicaci\u00f3n de casi siete a\u00f1os desde el Canal de Noticias, CDN 37.<\/p>\n\n\n\n<p>En un ambiente de camarader\u00eda y gratitud, los periodistas reconocidos expresaron su profunda gratitud por el gesto de aprecio y reconocimiento por parte de la Fiscal\u00eda del Distrito Nacional. Asimismo, reafirmaron su compromiso de seguir informando con veracidad y \u00e9tica, en aras del bienestar de la sociedad dominicana.<\/p>\n\n\n\n<p><strong>Direcci\u00f3n General de Comunicaci\u00f3n, Prensa, y RRPP<\/strong><strong><\/strong><\/p>\n\n\n\n<p>Ministerio P\u00fablico. R.D.<\/p>\n\n\n\n<p>Viernes, 5 de abril de 2024.<\/p>\n","protected":false},"excerpt":{"rendered":"<p>SANTO DOMINGO, Rep\u00fablica Dominicana.- En el marco de la celebraci\u00f3n del D\u00eda del Periodista, la Fiscal\u00eda del Distrito Nacional se uni\u00f3 a la conmemoraci\u00f3n con el reconocimiento a la labor incansable de los profesionales de la comunicaci\u00f3n que cubren la fuente judicial en la Rep\u00fablica Dominicana. El evento estuvo encabezado por el director t\u00e9cnico, Kelvyn [&hellip;]<\/p>\n","protected":false},"author":28,"featured_media":521427,"comment_status":"closed","ping_status":"","sticky":false,"template":"","format":"standard","meta":{"footnotes":""},"categories":[36,20],"tags":[],"class_list":["post-521426","post","type-post","status-publish","format-standard","has-post-thumbnail","hentry","category-hombresmujeresycosas","category-dominicana-hoy"],"_links":{"self":[{"href":"https:\/\/diariodominicano.com\/index.php?rest_route=\/wp\/v2\/posts\/521426","targetHints":{"allow":["GET"]}}],"collection":[{"href":"https:\/\/diariodominicano.com\/index.php?rest_route=\/wp\/v2\/posts"}],"about":[{"href":"https:\/\/diariodominicano.com\/index.php?rest_route=\/wp\/v2\/types\/post"}],"author":[{"embeddable":true,"href":"https:\/\/diariodominicano.com\/index.php?rest_route=\/wp\/v2\/users\/28"}],"replies":[{"embeddable":true,"href":"https:\/\/diariodominicano.com\/index.php?rest_route=%2Fwp%2Fv2%2Fcomments&post=521426"}],"version-history":[{"count":1,"href":"https:\/\/diariodominicano.com\/index.php?rest_route=\/wp\/v2\/posts\/521426\/revisions"}],"predecessor-version":[{"id":521428,"href":"https:\/\/diariodominicano.com\/index.php?rest_route=\/wp\/v2\/posts\/521426\/revisions\/521428"}],"wp:featuredmedia":[{"embeddable":true,"href":"https:\/\/diariodominicano.com\/index.php?rest_route=\/wp\/v2\/media\/521427"}],"wp:attachment":[{"href":"https:\/\/diariodominicano.com\/index.php?rest_route=%2Fwp%2Fv2%2Fmedia&parent=521426"}],"wp:term":[{"taxonomy":"category","embeddable":true,"href":"https:\/\/diariodominicano.com\/index.php?rest_route=%2Fwp%2Fv2%2Fcategories&post=521426"},{"taxonomy":"post_tag","embeddable":true,"href":"https:\/\/diariodominicano.com\/index.php?rest_route=%2Fwp%2Fv2%2Ftags&post=521426"}],"curies":[{"name":"wp","href":"https:\/\/api.w.org\/{rel}","templated":true}]}}