{"id":52140,"date":"2020-07-02T22:21:32","date_gmt":"2020-07-02T22:21:32","guid":{"rendered":"http:\/\/diariodominicano.ddns.net\/?p=52140"},"modified":"2020-07-02T22:21:32","modified_gmt":"2020-07-02T22:21:32","slug":"neftlix-estrena-documental-dedicado-a-ana-frank","status":"publish","type":"post","link":"https:\/\/diariodominicano.com\/?p=52140","title":{"rendered":"Neftlix estrena documental dedicado a Ana Frank"},"content":{"rendered":"<p><body><\/p>\n<p><img decoding=\"async\" src=\"img3\/filme-anafrank2-7-20.jpg\" \/>  <\/p>\n<p><span class=\"text1noticias\"> <\/span><\/p>\n<p><span class=\"text1noticias\">diariodominicano.com<\/span><\/p>\n<\/p>\n<p><span class=\"text1noticias\">Los \u00c1ngeles, EE.UU., 2 jul (Prensa Latina) La plataforma en streaming Netflix incluye hoy entre sus principales estrenos el documental Descubriendo a Ana Frank, historias paralelas, dedicado a la autora del reconocido diario.<\/span><\/p>\n<\/p>\n<p><span class=\"text1noticias\">Seg\u00fan detalla la sinopsis de esta entrega, dirigida por las periodistas Sabina Fedeli y Ana Migotto, a trav\u00e9s de su diario, la historia de Ana Frank se vuelve a contar junto con las de cinco sobrevivientes del Holocausto en este conmovedor documental de la ganadora del Oscar Helen Mirren.<\/span><\/p>\n<\/p>\n<p><span class=\"text1noticias\">En el filme, la protagonista establece un di\u00e1logo con la joven jud\u00eda y revisita los hechos y las circunstancias hist\u00f3ricas que dieron lugar al triste episodio de la historia de humanidad, acaecido en pleno siglo xx.<\/span><\/p>\n<\/p>\n<p><span class=\"text1noticias\">La pel\u00edcula incorpora los testimonios de Arianna Sz\u00f6renyi, Sarah Lichtsztejn-Montard, Helga Weiss, las hermanas Andra y Tatiana Bucci, quienes sufrieron historias similares a la de Frank y describen c\u00f3mo el arte desde intercambiar recetas de cocina hasta recitar a Edith Piaf les ayud\u00f3 a sobrevivir.<\/span><\/p>\n<\/p>\n<p><span class=\"text1noticias\">Frank alcanz\u00f3 fama mundial tras la publicaci\u00f3n, p\u00f3stumamente, del diario que vendi\u00f3 m\u00e1s de 35 millones de copias y ha sido traducido a 70 idiomas en todo el mundo.<\/span><\/p>\n<\/p>\n<p><span class=\"text1noticias\">rgh\/chm<\/span><\/p>\n<p><span class=\"text1noticias\"> <\/span><\/p>\n<\/p>\n<h6> 2020-07-02 22:21:32 <\/h6>\n<p><!--\n<link rel=\"stylesheet\" href=\"css\/bootstrap.min.css\">\n\n\n<ul class=\"pagination\">\n\t    \n\t\n\n<li >\n\t<a href='?page_no=450'>Previous<\/a>\n\t<\/li>\n\n\n       \n    \n\n<li><a href='?page_no=1'>1<\/a><\/li>\n\n\n\n<li><a href='?page_no=2'>2<\/a><\/li>\n\n\n\n<li><a>...<\/a><\/li>\n\n\n\n<li><a href='?page_no=449'>449<\/a><\/li>\n\n\n\n<li><a href='?page_no=450'>450<\/a><\/li>\n\n\n\n<li class='active'><a>451<\/a><\/li>\n\n\n\n<li><a href='?page_no=452'>452<\/a><\/li>\n\n\n\n<li><a href='?page_no=453'>453<\/a><\/li>\n\n\n\n<li><a>...<\/a><\/li>\n\n\n\n<li><a href='?page_no=22911'>22911<\/a><\/li>\n\n\n\n<li><a href='?page_no=22912'>22912<\/a><\/li>\n\n    \n\t\n\n<li >\n\t<a href='?page_no=452'>Next<\/a>\n\t<\/li>\n\n\n    \n\n<li><a href='?page_no=22912'>Last &rsaquo;&rsaquo;<\/a><\/li>\n\n<\/ul>\n\n\n--><br \/>\n<\/body><\/p>\n","protected":false},"excerpt":{"rendered":"<p>diariodominicano.com Los \u00c1ngeles, EE.UU., 2 jul (Prensa Latina) La plataforma en streaming Netflix incluye hoy entre sus principales estrenos el documental Descubriendo a Ana Frank, historias paralelas, dedicado a la autora del reconocido diario. Seg\u00fan detalla la sinopsis de esta entrega, dirigida por las periodistas Sabina Fedeli y Ana Migotto, a trav\u00e9s de su diario, [&hellip;]<\/p>\n","protected":false},"author":3,"featured_media":0,"comment_status":"open","ping_status":"open","sticky":false,"template":"","format":"standard","meta":{"footnotes":""},"categories":[21],"tags":[],"class_list":["post-52140","post","type-post","status-publish","format-standard","hentry","category-cultura"],"_links":{"self":[{"href":"https:\/\/diariodominicano.com\/index.php?rest_route=\/wp\/v2\/posts\/52140","targetHints":{"allow":["GET"]}}],"collection":[{"href":"https:\/\/diariodominicano.com\/index.php?rest_route=\/wp\/v2\/posts"}],"about":[{"href":"https:\/\/diariodominicano.com\/index.php?rest_route=\/wp\/v2\/types\/post"}],"author":[{"embeddable":true,"href":"https:\/\/diariodominicano.com\/index.php?rest_route=\/wp\/v2\/users\/3"}],"replies":[{"embeddable":true,"href":"https:\/\/diariodominicano.com\/index.php?rest_route=%2Fwp%2Fv2%2Fcomments&post=52140"}],"version-history":[{"count":0,"href":"https:\/\/diariodominicano.com\/index.php?rest_route=\/wp\/v2\/posts\/52140\/revisions"}],"wp:attachment":[{"href":"https:\/\/diariodominicano.com\/index.php?rest_route=%2Fwp%2Fv2%2Fmedia&parent=52140"}],"wp:term":[{"taxonomy":"category","embeddable":true,"href":"https:\/\/diariodominicano.com\/index.php?rest_route=%2Fwp%2Fv2%2Fcategories&post=52140"},{"taxonomy":"post_tag","embeddable":true,"href":"https:\/\/diariodominicano.com\/index.php?rest_route=%2Fwp%2Fv2%2Ftags&post=52140"}],"curies":[{"name":"wp","href":"https:\/\/api.w.org\/{rel}","templated":true}]}}