{"id":521329,"date":"2024-04-07T15:18:55","date_gmt":"2024-04-07T19:18:55","guid":{"rendered":"https:\/\/diariodominicano.com\/?p=521329"},"modified":"2024-04-07T15:18:55","modified_gmt":"2024-04-07T19:18:55","slug":"segundo-juzgado-de-la-instruccion-del-distrito-nacional-conocera-este-lunes-solicitud-de-prorroga-del-mp-para-finalizar-investigacion-en-caso-calamar","status":"publish","type":"post","link":"https:\/\/diariodominicano.com\/?p=521329","title":{"rendered":"Segundo Juzgado de la Instrucci\u00f3n del Distrito Nacional conocer\u00e1 este lunes solicitud de pr\u00f3rroga del MP para finalizar investigaci\u00f3n en caso Calamar"},"content":{"rendered":"\n<p><strong><br><\/strong><br>Tras casi cuatro a\u00f1os de investigaciones, la Pepca insiste en necesitar m\u00e1s tiempo para presentar acusaci\u00f3n.<br><br>Diariodominicano.com<\/p>\n\n\n\n<p><strong>Santo Domingo, RD.- <\/strong>Luego de la suspensi\u00f3n del pasado 25 de marzo, se espera que el lunes 8 de abril el Segundo Juzgado de la Instrucci\u00f3n del Distrito Nacional conozca la solicitud de pr\u00f3rroga presentada por el Ministerio P\u00fablico (MP) para concluir la investigaci\u00f3n en el denominado caso Calamar, que inici\u00f3 a finales del 2020.<br><br>En la audiencia fijada para las 9:00 de la ma\u00f1ana, la jueza suplente del Segundo Juzgado de la Instrucci\u00f3n del Distrito Nacional, Franchesca Potentini, ser\u00e1 la encargada de decidir si se le otorga a la Procuradur\u00eda Especializada de Persecuci\u00f3n a la Corrupci\u00f3n Administrativa (PEPCA) una ampliaci\u00f3n del plazo para terminar con la formulaci\u00f3n de la acusaci\u00f3n que, de acuerdo a los fiscales, estaba \u201clo suficientemente blindada\u201d.<br><br>Se recuerda que esta operaci\u00f3n se puso en marcha en marzo del 2023 -luego de casi tres a\u00f1os de investigaciones por parte de la PEPCA- con m\u00faltiples allanamientos y apresamientos que obtuvieron gran cobertura medi\u00e1tica, al estar involucrados tres ex ministros de la gesti\u00f3n del ex presidente de la Rep\u00fablica Danilo Medina.<br><br>El caso fue declarado complejo en abril del pasado a\u00f1o por la jueza Kenya Romero, del Juzgado de Atenci\u00f3n Permanente del Distrito Nacional, y al vencerse los plazos para presentar acusaci\u00f3n, el MP solicit\u00f3 una pr\u00f3rroga de cuatro meses a la magistrada Patricia Padilla.<br><br>La jueza Padilla fue recusada por la defensa de Jos\u00e9 Ram\u00f3n Peralta, debido a \u00abactitudes deliberadamente parciales\u00bb que estar\u00edan \u00abobstruyendo el derecho a la defensa\u00bb del ex ministro, y en sustituci\u00f3n de Padilla, fue designada la magistrada Ana Lee Florim\u00f3n.<br>A su vez, Florim\u00f3n fue recusada por el MP horas antes de que diera a conocer su decisi\u00f3n. Posteriormente, durante una audiencia, la magistrada aleg\u00f3 ser v\u00edctima de persecuci\u00f3n y acoso debido al desempe\u00f1o de sus funciones. En respuesta, el Poder Judicial inform\u00f3 que investigaba dicha denuncia, pero hasta la fecha no se conocen los resultados de las pesquisas.<br><br>El pasado 18 de marzo de este a\u00f1o se cumpli\u00f3 un a\u00f1o de los arrestos en la operaci\u00f3n Calamar, finalizando el tiempo m\u00e1ximo establecido por el C\u00f3digo Procesal Penal para que el MP presente acusaci\u00f3n.<br><br>No obstante, a\u00fan se est\u00e1 en la espera de que se decida sobre la pr\u00f3rroga solicitada por la PEPCA.<\/p>\n\n\n\n<p>Alexis Rprensa<\/p>\n\n\n\n<p><a target=\"_blank\" href=\"mailto:rprensaalexis@gmail.com\" rel=\"noreferrer noopener\">rprensaalexis@gmail.com<\/a><\/p>\n","protected":false},"excerpt":{"rendered":"<p>Tras casi cuatro a\u00f1os de investigaciones, la Pepca insiste en necesitar m\u00e1s tiempo para presentar acusaci\u00f3n. Diariodominicano.com Santo Domingo, RD.- Luego de la suspensi\u00f3n del pasado 25 de marzo, se espera que el lunes 8 de abril el Segundo Juzgado de la Instrucci\u00f3n del Distrito Nacional conozca la solicitud de pr\u00f3rroga presentada por el Ministerio [&hellip;]<\/p>\n","protected":false},"author":28,"featured_media":521330,"comment_status":"closed","ping_status":"","sticky":false,"template":"","format":"standard","meta":{"footnotes":""},"categories":[24,29,22],"tags":[],"class_list":["post-521329","post","type-post","status-publish","format-standard","has-post-thumbnail","hentry","category-justicia-y-derecho","category-policiasucesos","category-politica"],"_links":{"self":[{"href":"https:\/\/diariodominicano.com\/index.php?rest_route=\/wp\/v2\/posts\/521329","targetHints":{"allow":["GET"]}}],"collection":[{"href":"https:\/\/diariodominicano.com\/index.php?rest_route=\/wp\/v2\/posts"}],"about":[{"href":"https:\/\/diariodominicano.com\/index.php?rest_route=\/wp\/v2\/types\/post"}],"author":[{"embeddable":true,"href":"https:\/\/diariodominicano.com\/index.php?rest_route=\/wp\/v2\/users\/28"}],"replies":[{"embeddable":true,"href":"https:\/\/diariodominicano.com\/index.php?rest_route=%2Fwp%2Fv2%2Fcomments&post=521329"}],"version-history":[{"count":1,"href":"https:\/\/diariodominicano.com\/index.php?rest_route=\/wp\/v2\/posts\/521329\/revisions"}],"predecessor-version":[{"id":521331,"href":"https:\/\/diariodominicano.com\/index.php?rest_route=\/wp\/v2\/posts\/521329\/revisions\/521331"}],"wp:featuredmedia":[{"embeddable":true,"href":"https:\/\/diariodominicano.com\/index.php?rest_route=\/wp\/v2\/media\/521330"}],"wp:attachment":[{"href":"https:\/\/diariodominicano.com\/index.php?rest_route=%2Fwp%2Fv2%2Fmedia&parent=521329"}],"wp:term":[{"taxonomy":"category","embeddable":true,"href":"https:\/\/diariodominicano.com\/index.php?rest_route=%2Fwp%2Fv2%2Fcategories&post=521329"},{"taxonomy":"post_tag","embeddable":true,"href":"https:\/\/diariodominicano.com\/index.php?rest_route=%2Fwp%2Fv2%2Ftags&post=521329"}],"curies":[{"name":"wp","href":"https:\/\/api.w.org\/{rel}","templated":true}]}}