{"id":521293,"date":"2024-04-07T01:10:47","date_gmt":"2024-04-07T05:10:47","guid":{"rendered":"https:\/\/diariodominicano.com\/?p=521293"},"modified":"2024-04-07T01:10:47","modified_gmt":"2024-04-07T05:10:47","slug":"ministerio-de-defensa-rinde-tributo-a-los-heroes-de-la-batalla-del-30-de-marzo","status":"publish","type":"post","link":"https:\/\/diariodominicano.com\/?p=521293","title":{"rendered":"Ministerio de Defensa rinde tributo a los h\u00e9roes de la Batalla del 30 de Marzo"},"content":{"rendered":"\n<p>Con diversos actos, autoridades militares y provinciales rindieron honor a los combatientes de la Batalla del 30 de Marzo de 1844, al conmemorarse 180 a\u00f1os de la gesta patri\u00f3tica. <\/p>\n\n\n\n<figure class=\"wp-block-gallery has-nested-images columns-default is-cropped wp-block-gallery-1 is-layout-flex wp-block-gallery-is-layout-flex\">\n<figure class=\"wp-block-image size-large\"><img loading=\"lazy\" decoding=\"async\" width=\"1024\" height=\"681\" data-id=\"521305\" src=\"https:\/\/diariodominicano.com\/wp-content\/uploads\/2024\/04\/Ministerio-de-Defensa-rinde-tributo-a-heroes-de-la-Batalla-del-30-de-Marzo-1024x681.jpeg\" alt=\"\" class=\"wp-image-521305\" srcset=\"https:\/\/diariodominicano.com\/wp-content\/uploads\/2024\/04\/Ministerio-de-Defensa-rinde-tributo-a-heroes-de-la-Batalla-del-30-de-Marzo-1024x681.jpeg 1024w, https:\/\/diariodominicano.com\/wp-content\/uploads\/2024\/04\/Ministerio-de-Defensa-rinde-tributo-a-heroes-de-la-Batalla-del-30-de-Marzo-300x199.jpeg 300w, https:\/\/diariodominicano.com\/wp-content\/uploads\/2024\/04\/Ministerio-de-Defensa-rinde-tributo-a-heroes-de-la-Batalla-del-30-de-Marzo-768x511.jpeg 768w, https:\/\/diariodominicano.com\/wp-content\/uploads\/2024\/04\/Ministerio-de-Defensa-rinde-tributo-a-heroes-de-la-Batalla-del-30-de-Marzo-816x543.jpeg 816w, https:\/\/diariodominicano.com\/wp-content\/uploads\/2024\/04\/Ministerio-de-Defensa-rinde-tributo-a-heroes-de-la-Batalla-del-30-de-Marzo.jpeg 1280w\" sizes=\"auto, (max-width: 1024px) 100vw, 1024px\" \/><\/figure>\n<\/figure>\n\n\n\n<p><br><br>La efem\u00e9ride resalta la memoria de los h\u00e9roes que bajo el mando del general Jos\u00e9 Mar\u00eda Imbert lucharon para consolidar la independencia dominicana, conquistada previamente, el 27 de febrero de 1844.<\/p>\n\n\n\n<figure class=\"wp-block-gallery has-nested-images columns-default is-cropped wp-block-gallery-2 is-layout-flex wp-block-gallery-is-layout-flex\">\n<figure class=\"wp-block-image size-large\"><img loading=\"lazy\" decoding=\"async\" width=\"1024\" height=\"681\" data-id=\"521304\" src=\"https:\/\/diariodominicano.com\/wp-content\/uploads\/2024\/04\/Ministerio-de-Defensa-rinde-tributo-a-los-heroes-de-la-Batalla-30-de-Marzo-1024x681.jpeg\" alt=\"\" class=\"wp-image-521304\" srcset=\"https:\/\/diariodominicano.com\/wp-content\/uploads\/2024\/04\/Ministerio-de-Defensa-rinde-tributo-a-los-heroes-de-la-Batalla-30-de-Marzo-1024x681.jpeg 1024w, https:\/\/diariodominicano.com\/wp-content\/uploads\/2024\/04\/Ministerio-de-Defensa-rinde-tributo-a-los-heroes-de-la-Batalla-30-de-Marzo-300x199.jpeg 300w, https:\/\/diariodominicano.com\/wp-content\/uploads\/2024\/04\/Ministerio-de-Defensa-rinde-tributo-a-los-heroes-de-la-Batalla-30-de-Marzo-768x511.jpeg 768w, https:\/\/diariodominicano.com\/wp-content\/uploads\/2024\/04\/Ministerio-de-Defensa-rinde-tributo-a-los-heroes-de-la-Batalla-30-de-Marzo-816x543.jpeg 816w, https:\/\/diariodominicano.com\/wp-content\/uploads\/2024\/04\/Ministerio-de-Defensa-rinde-tributo-a-los-heroes-de-la-Batalla-30-de-Marzo.jpeg 1280w\" sizes=\"auto, (max-width: 1024px) 100vw, 1024px\" \/><\/figure>\n<\/figure>\n\n\n\n<p><br><br>Entre los combatientes del Cibao se destacaron: Mat\u00edas Ram\u00f3n Mella y Castillo, Fernando Valerio, Pedro Eugenio Pelletier, Jos\u00e9 Mar\u00eda L\u00f3pez, Francisco Antonio Salcedo, Marcos Trinidad, Toribio Ram\u00edrez, \u00c1ngel Reyes y Jos\u00e9 Nicol\u00e1s G\u00f3mez.<\/p>\n\n\n\n<figure class=\"wp-block-gallery has-nested-images columns-default is-cropped wp-block-gallery-3 is-layout-flex wp-block-gallery-is-layout-flex\">\n<figure class=\"wp-block-image size-large\"><img loading=\"lazy\" decoding=\"async\" width=\"1024\" height=\"681\" data-id=\"521303\" src=\"https:\/\/diariodominicano.com\/wp-content\/uploads\/2024\/04\/Ministerio-de-Defensa-rinde-tributo-a-los-heroes-Batalla-del-30-Marzo-1024x681.jpeg\" alt=\"\" class=\"wp-image-521303\" srcset=\"https:\/\/diariodominicano.com\/wp-content\/uploads\/2024\/04\/Ministerio-de-Defensa-rinde-tributo-a-los-heroes-Batalla-del-30-Marzo-1024x681.jpeg 1024w, https:\/\/diariodominicano.com\/wp-content\/uploads\/2024\/04\/Ministerio-de-Defensa-rinde-tributo-a-los-heroes-Batalla-del-30-Marzo-300x199.jpeg 300w, https:\/\/diariodominicano.com\/wp-content\/uploads\/2024\/04\/Ministerio-de-Defensa-rinde-tributo-a-los-heroes-Batalla-del-30-Marzo-768x511.jpeg 768w, https:\/\/diariodominicano.com\/wp-content\/uploads\/2024\/04\/Ministerio-de-Defensa-rinde-tributo-a-los-heroes-Batalla-del-30-Marzo-816x543.jpeg 816w, https:\/\/diariodominicano.com\/wp-content\/uploads\/2024\/04\/Ministerio-de-Defensa-rinde-tributo-a-los-heroes-Batalla-del-30-Marzo.jpeg 1280w\" sizes=\"auto, (max-width: 1024px) 100vw, 1024px\" \/><\/figure>\n<\/figure>\n\n\n\n<p><br><br>Las actividades iniciaron en el monumento a los H\u00e9roes de la Restauraci\u00f3n, en el parque Imbert, de aqu\u00ed, con el izamiento de la bandera, la interpretaci\u00f3n del himno nacional y la rendici\u00f3n de honores a cargo del Regimiento Guardia de Honor y la Banda de M\u00fasica del Ministerio de Defensa (MIDE). <\/p>\n\n\n\n<figure class=\"wp-block-gallery has-nested-images columns-default is-cropped wp-block-gallery-4 is-layout-flex wp-block-gallery-is-layout-flex\">\n<figure class=\"wp-block-image size-large\"><img loading=\"lazy\" decoding=\"async\" width=\"1024\" height=\"681\" data-id=\"521301\" src=\"https:\/\/diariodominicano.com\/wp-content\/uploads\/2024\/04\/Ministerio-de-Defensa-rinde-tributo-a-los-heroes-la-Batalla-del-30-de-Marzo-1024x681.jpeg\" alt=\"\" class=\"wp-image-521301\" srcset=\"https:\/\/diariodominicano.com\/wp-content\/uploads\/2024\/04\/Ministerio-de-Defensa-rinde-tributo-a-los-heroes-la-Batalla-del-30-de-Marzo-1024x681.jpeg 1024w, https:\/\/diariodominicano.com\/wp-content\/uploads\/2024\/04\/Ministerio-de-Defensa-rinde-tributo-a-los-heroes-la-Batalla-del-30-de-Marzo-300x199.jpeg 300w, https:\/\/diariodominicano.com\/wp-content\/uploads\/2024\/04\/Ministerio-de-Defensa-rinde-tributo-a-los-heroes-la-Batalla-del-30-de-Marzo-768x511.jpeg 768w, https:\/\/diariodominicano.com\/wp-content\/uploads\/2024\/04\/Ministerio-de-Defensa-rinde-tributo-a-los-heroes-la-Batalla-del-30-de-Marzo-816x543.jpeg 816w, https:\/\/diariodominicano.com\/wp-content\/uploads\/2024\/04\/Ministerio-de-Defensa-rinde-tributo-a-los-heroes-la-Batalla-del-30-de-Marzo.jpeg 1280w\" sizes=\"auto, (max-width: 1024px) 100vw, 1024px\" \/><\/figure>\n<\/figure>\n\n\n\n<p><br><br>En la Orden del D\u00eda emitida por el despacho del ministro de Defensa, teniente general Carlos Luciano D\u00edaz Morfa, ERD, se destaca el esfuerzo y trabajo de los soldados y el pueblo en armas capitaneados por bravos combatientes que merecen siempre la gratitud de los militares de hoy dispuestos a defender la integridad de la naci\u00f3n.<\/p>\n\n\n\n<figure class=\"wp-block-gallery has-nested-images columns-default is-cropped wp-block-gallery-5 is-layout-flex wp-block-gallery-is-layout-flex\">\n<figure class=\"wp-block-image size-large\"><img loading=\"lazy\" decoding=\"async\" width=\"1024\" height=\"681\" data-id=\"521300\" src=\"https:\/\/diariodominicano.com\/wp-content\/uploads\/2024\/04\/Ministerio-de-Defensa-rinde-tributo-a-los-heroes-Batalla-del-30-de-Marzo-1024x681.jpeg\" alt=\"\" class=\"wp-image-521300\" srcset=\"https:\/\/diariodominicano.com\/wp-content\/uploads\/2024\/04\/Ministerio-de-Defensa-rinde-tributo-a-los-heroes-Batalla-del-30-de-Marzo-1024x681.jpeg 1024w, https:\/\/diariodominicano.com\/wp-content\/uploads\/2024\/04\/Ministerio-de-Defensa-rinde-tributo-a-los-heroes-Batalla-del-30-de-Marzo-300x199.jpeg 300w, https:\/\/diariodominicano.com\/wp-content\/uploads\/2024\/04\/Ministerio-de-Defensa-rinde-tributo-a-los-heroes-Batalla-del-30-de-Marzo-768x511.jpeg 768w, https:\/\/diariodominicano.com\/wp-content\/uploads\/2024\/04\/Ministerio-de-Defensa-rinde-tributo-a-los-heroes-Batalla-del-30-de-Marzo-816x543.jpeg 816w, https:\/\/diariodominicano.com\/wp-content\/uploads\/2024\/04\/Ministerio-de-Defensa-rinde-tributo-a-los-heroes-Batalla-del-30-de-Marzo.jpeg 1280w\" sizes=\"auto, (max-width: 1024px) 100vw, 1024px\" \/><\/figure>\n<\/figure>\n\n\n\n<p><br><br>El director de Historia Militar del MIDE, coronel S\u00f3crates Suazo Ruiz, del ERD, ley\u00f3 una rese\u00f1a hist\u00f3rica de la her\u00f3ica batalla.<\/p>\n\n\n\n<figure class=\"wp-block-gallery has-nested-images columns-default is-cropped wp-block-gallery-6 is-layout-flex wp-block-gallery-is-layout-flex\">\n<figure class=\"wp-block-image size-large\"><img loading=\"lazy\" decoding=\"async\" width=\"1024\" height=\"681\" data-id=\"521299\" src=\"https:\/\/diariodominicano.com\/wp-content\/uploads\/2024\/04\/Ministerio-de-Defensa-rinde-tributo-a-los-heroes-de-la-Batalla-del-30-Marzo-1024x681.jpeg\" alt=\"\" class=\"wp-image-521299\" srcset=\"https:\/\/diariodominicano.com\/wp-content\/uploads\/2024\/04\/Ministerio-de-Defensa-rinde-tributo-a-los-heroes-de-la-Batalla-del-30-Marzo-1024x681.jpeg 1024w, https:\/\/diariodominicano.com\/wp-content\/uploads\/2024\/04\/Ministerio-de-Defensa-rinde-tributo-a-los-heroes-de-la-Batalla-del-30-Marzo-300x199.jpeg 300w, https:\/\/diariodominicano.com\/wp-content\/uploads\/2024\/04\/Ministerio-de-Defensa-rinde-tributo-a-los-heroes-de-la-Batalla-del-30-Marzo-768x511.jpeg 768w, https:\/\/diariodominicano.com\/wp-content\/uploads\/2024\/04\/Ministerio-de-Defensa-rinde-tributo-a-los-heroes-de-la-Batalla-del-30-Marzo-816x543.jpeg 816w, https:\/\/diariodominicano.com\/wp-content\/uploads\/2024\/04\/Ministerio-de-Defensa-rinde-tributo-a-los-heroes-de-la-Batalla-del-30-Marzo.jpeg 1280w\" sizes=\"auto, (max-width: 1024px) 100vw, 1024px\" \/><\/figure>\n<\/figure>\n\n\n\n<p><br><br>Asimismo, instituciones p\u00fablicas y privadas, como muestra de tributo, depositaron ofrendas florales en la tarja del parque Imbert y posteriormente se dirigieron a la Catedral Santiago Ap\u00f3stol para participar en un Tedeum en honor a los h\u00e9roes de la Batalla, encabezado por la vicepresidenta de la Rep\u00fablica Raquel Pe\u00f1a junto a las autoridades provinciales.<br><\/p>\n\n\n\n<p><strong><em>Departamento de Prensa<\/em><\/strong> <\/p>\n\n\n\n<p><em><strong>Direcci\u00f3n de Asuntos Civiles del Estado Mayor Conjunto, J5<\/strong><\/em> <\/p>\n\n\n\n<p><em><strong>Ministerio de Defensa de Rep\u00fablica Dominicana<\/strong><\/em> <\/p>\n","protected":false},"excerpt":{"rendered":"<p>Con diversos actos, autoridades militares y provinciales rindieron honor a los combatientes de la Batalla del 30 de Marzo de 1844, al conmemorarse 180 a\u00f1os de la gesta patri\u00f3tica. La efem\u00e9ride resalta la memoria de los h\u00e9roes que bajo el mando del general Jos\u00e9 Mar\u00eda Imbert lucharon para consolidar la independencia dominicana, conquistada previamente, el [&hellip;]<\/p>\n","protected":false},"author":7,"featured_media":521302,"comment_status":"closed","ping_status":"open","sticky":true,"template":"","format":"standard","meta":{"footnotes":""},"categories":[20,27],"tags":[],"class_list":["post-521293","post","type-post","status-publish","format-standard","has-post-thumbnail","hentry","category-dominicana-hoy","category-portada"],"_links":{"self":[{"href":"https:\/\/diariodominicano.com\/index.php?rest_route=\/wp\/v2\/posts\/521293","targetHints":{"allow":["GET"]}}],"collection":[{"href":"https:\/\/diariodominicano.com\/index.php?rest_route=\/wp\/v2\/posts"}],"about":[{"href":"https:\/\/diariodominicano.com\/index.php?rest_route=\/wp\/v2\/types\/post"}],"author":[{"embeddable":true,"href":"https:\/\/diariodominicano.com\/index.php?rest_route=\/wp\/v2\/users\/7"}],"replies":[{"embeddable":true,"href":"https:\/\/diariodominicano.com\/index.php?rest_route=%2Fwp%2Fv2%2Fcomments&post=521293"}],"version-history":[{"count":1,"href":"https:\/\/diariodominicano.com\/index.php?rest_route=\/wp\/v2\/posts\/521293\/revisions"}],"predecessor-version":[{"id":521307,"href":"https:\/\/diariodominicano.com\/index.php?rest_route=\/wp\/v2\/posts\/521293\/revisions\/521307"}],"wp:featuredmedia":[{"embeddable":true,"href":"https:\/\/diariodominicano.com\/index.php?rest_route=\/wp\/v2\/media\/521302"}],"wp:attachment":[{"href":"https:\/\/diariodominicano.com\/index.php?rest_route=%2Fwp%2Fv2%2Fmedia&parent=521293"}],"wp:term":[{"taxonomy":"category","embeddable":true,"href":"https:\/\/diariodominicano.com\/index.php?rest_route=%2Fwp%2Fv2%2Fcategories&post=521293"},{"taxonomy":"post_tag","embeddable":true,"href":"https:\/\/diariodominicano.com\/index.php?rest_route=%2Fwp%2Fv2%2Ftags&post=521293"}],"curies":[{"name":"wp","href":"https:\/\/api.w.org\/{rel}","templated":true}]}}