{"id":521292,"date":"2024-04-07T00:50:18","date_gmt":"2024-04-07T04:50:18","guid":{"rendered":"https:\/\/diariodominicano.com\/?p=521292"},"modified":"2024-04-07T00:50:18","modified_gmt":"2024-04-07T04:50:18","slug":"localizan-y-detienen-conductor-de-la-jeepeta-que-circulaba-en-via-contraria-en-la-autopista-duarte","status":"publish","type":"post","link":"https:\/\/diariodominicano.com\/?p=521292","title":{"rendered":"Localizan y detienen conductor de la jeepeta que circulaba en v\u00eda contraria en la autopista Duarte"},"content":{"rendered":"\n<p>A trav\u00e9s del departamento de Inteligencia Vial de la Direcci\u00f3n General de Seguridad de Tr\u00e1nsito y Transporte Terrestre (DIGESETT) fue localizado en La Vega, el conductor del veh\u00edculo que transitaba en v\u00eda contraria en la autopista Duarte, violentando la Ley 63-17, de Movilidad, Transporte Terrestre, Tr\u00e1nsito y Seguridad Vial de la Rep\u00fablica Dominicana.<\/p>\n\n\n\n<p>Luego de una intensa labor de investigaci\u00f3n, se pudo localizar el veh\u00edculo y determinar la identidad del conductor, que fue grabado por un ciudadano el pasado s\u00e1bado y publicado por peri\u00f3dico El Nuevo Diario, donde se observa un veh\u00edculo, Jeepeta blanca, marca CRV, circulando en v\u00eda contraria, violentando el art\u00edculo 252, de la Ley de tr\u00e1nsito.<\/p>\n\n\n\n<p>En el audiovisual se escucha al ciudadano que grab\u00f3 la acci\u00f3n, decir sobre el recorrido que hace el conductor en v\u00eda contraria, poniendo en peligro su vida y la de los dem\u00e1s.<\/p>\n\n\n\n<p>El director de la DIGESETT, general Francisco Osoria de la Cruz, P.N., inmediatamente vio el video, orden\u00f3 la localizaci\u00f3n del conductor que violent\u00f3 la Ley de tr\u00e1nsito, circulando en direcci\u00f3n opuesta a la v\u00eda.<\/p>\n\n\n\n<p>El general Osoria, a\u00f1adi\u00f3 que este tipo de conducta irresponsable puede causar graves accidentes y poner en peligro la vida de las personas. Asimismo, hizo un llamado a los ciudadanos a conducir con responsabilidad y apegado a las normas de tr\u00e1nsito.<\/p>\n\n\n\n<p>La entidad especific\u00f3 que el veh\u00edculo est\u00e1 retenido en el Centro de Retenci\u00f3n Vehicular de Santiago de los Caballeros.<\/p>\n\n\n\n<p>MR.<\/p>\n\n\n\n<p><strong>DEPARTAMENTO DE COMUNICACIONES, DIGESETT<\/strong><\/p>\n","protected":false},"excerpt":{"rendered":"<p>A trav\u00e9s del departamento de Inteligencia Vial de la Direcci\u00f3n General de Seguridad de Tr\u00e1nsito y Transporte Terrestre (DIGESETT) fue localizado en La Vega, el conductor del veh\u00edculo que transitaba en v\u00eda contraria en la autopista Duarte, violentando la Ley 63-17, de Movilidad, Transporte Terrestre, Tr\u00e1nsito y Seguridad Vial de la Rep\u00fablica Dominicana. Luego de [&hellip;]<\/p>\n","protected":false},"author":7,"featured_media":521290,"comment_status":"closed","ping_status":"","sticky":true,"template":"","format":"standard","meta":{"footnotes":""},"categories":[24,27],"tags":[],"class_list":["post-521292","post","type-post","status-publish","format-standard","has-post-thumbnail","hentry","category-justicia-y-derecho","category-portada"],"_links":{"self":[{"href":"https:\/\/diariodominicano.com\/index.php?rest_route=\/wp\/v2\/posts\/521292","targetHints":{"allow":["GET"]}}],"collection":[{"href":"https:\/\/diariodominicano.com\/index.php?rest_route=\/wp\/v2\/posts"}],"about":[{"href":"https:\/\/diariodominicano.com\/index.php?rest_route=\/wp\/v2\/types\/post"}],"author":[{"embeddable":true,"href":"https:\/\/diariodominicano.com\/index.php?rest_route=\/wp\/v2\/users\/7"}],"replies":[{"embeddable":true,"href":"https:\/\/diariodominicano.com\/index.php?rest_route=%2Fwp%2Fv2%2Fcomments&post=521292"}],"version-history":[{"count":1,"href":"https:\/\/diariodominicano.com\/index.php?rest_route=\/wp\/v2\/posts\/521292\/revisions"}],"predecessor-version":[{"id":521298,"href":"https:\/\/diariodominicano.com\/index.php?rest_route=\/wp\/v2\/posts\/521292\/revisions\/521298"}],"wp:featuredmedia":[{"embeddable":true,"href":"https:\/\/diariodominicano.com\/index.php?rest_route=\/wp\/v2\/media\/521290"}],"wp:attachment":[{"href":"https:\/\/diariodominicano.com\/index.php?rest_route=%2Fwp%2Fv2%2Fmedia&parent=521292"}],"wp:term":[{"taxonomy":"category","embeddable":true,"href":"https:\/\/diariodominicano.com\/index.php?rest_route=%2Fwp%2Fv2%2Fcategories&post=521292"},{"taxonomy":"post_tag","embeddable":true,"href":"https:\/\/diariodominicano.com\/index.php?rest_route=%2Fwp%2Fv2%2Ftags&post=521292"}],"curies":[{"name":"wp","href":"https:\/\/api.w.org\/{rel}","templated":true}]}}