{"id":521264,"date":"2024-04-07T00:45:30","date_gmt":"2024-04-07T04:45:30","guid":{"rendered":"https:\/\/diariodominicano.com\/?p=521264"},"modified":"2024-04-07T00:45:46","modified_gmt":"2024-04-07T04:45:46","slug":"la-proedemaren-logra-condena-contra-tres-hombres-por-corte-y-destruccion-de-arboles-en-la-vega","status":"publish","type":"post","link":"https:\/\/diariodominicano.com\/?p=521264","title":{"rendered":"La Proedemaren logra condena contra tres hombres por corte y destrucci\u00f3n de \u00e1rboles en La Vega"},"content":{"rendered":"\n<p><strong>SANTO DOMINGO (Rep\u00fablica Dominicana).-<\/strong>&nbsp;El Segundo Juzgado de la Instrucci\u00f3n del distrito judicial de La Vega conden\u00f3 a Eddy Mirope Cruz Mart\u00ednez, a un a\u00f1o de prisi\u00f3n bajo la modalidad suspendida, adem\u00e1s del pago de una multa de$50 mil pesos y a realizar trabajos comunitarios por un periodo de un a\u00f1o ante la Oficina Provincial de Medio Ambiente de ese municipio.<\/p>\n\n\n\n<p>Los hechos por lo cual le fue impuesta la sentencia consistieron en haber cortado \u00e1rboles para la habilitaci\u00f3n de una v\u00eda de acceso dentro del \u00e1rea nacional de recreo en la Loma de Guigu\u00ed, en el municipio de La Vega, sin contar con los permisos del Ministerio del Medio Ambiente y los Recursos Naturales, violando las disposiciones de la Ley 64-00 sobre el Medio Ambiente y los Recursos Naturales, y de la Ley 202-04 sobre las \u00c1reas Protegidas.<\/p>\n\n\n\n<p>La decisi\u00f3n judicial fue sustentada en la sentencia No. 596-2023-SSEN-00011, emitida por la magistrada Sindy Lizardo Alba, quien preside este tribunal, tras el acusado ser sometido por el procurador Jos\u00e9 Luis Farias Mosquea, coordinador para la Defensa del Medio Ambiente y Recursos Naturales (Proedemaren) en La Vega.<\/p>\n\n\n\n<p>Adem\u00e1s, de forma separada y por los mismos hechos, tambi\u00e9n fueron condenados otros dos hombres, identificados como Lino Antonio Santana y Nelson An\u00edbal D\u00edaz Carrasco, tras ser acusados y sometidos a la justicia. \u00c9stos fueron sancionados con penas de prisi\u00f3n y pagos de multas, adem\u00e1s del resarcimiento de los da\u00f1os ambientales ocasionados en la zona.&nbsp;&nbsp;<\/p>\n\n\n\n<p><strong>Direcci\u00f3n General de Comunicaci\u00f3n, Prensa, y RRPP<\/strong><strong><\/strong><\/p>\n\n\n\n<p>Ministerio P\u00fablico.&nbsp;R.D.<\/p>\n","protected":false},"excerpt":{"rendered":"<p>SANTO DOMINGO (Rep\u00fablica Dominicana).-&nbsp;El Segundo Juzgado de la Instrucci\u00f3n del distrito judicial de La Vega conden\u00f3 a Eddy Mirope Cruz Mart\u00ednez, a un a\u00f1o de prisi\u00f3n bajo la modalidad suspendida, adem\u00e1s del pago de una multa de$50 mil pesos y a realizar trabajos comunitarios por un periodo de un a\u00f1o ante la Oficina Provincial de [&hellip;]<\/p>\n","protected":false},"author":7,"featured_media":521279,"comment_status":"closed","ping_status":"","sticky":true,"template":"","format":"standard","meta":{"footnotes":""},"categories":[24,27],"tags":[],"class_list":["post-521264","post","type-post","status-publish","format-standard","has-post-thumbnail","hentry","category-justicia-y-derecho","category-portada"],"_links":{"self":[{"href":"https:\/\/diariodominicano.com\/index.php?rest_route=\/wp\/v2\/posts\/521264","targetHints":{"allow":["GET"]}}],"collection":[{"href":"https:\/\/diariodominicano.com\/index.php?rest_route=\/wp\/v2\/posts"}],"about":[{"href":"https:\/\/diariodominicano.com\/index.php?rest_route=\/wp\/v2\/types\/post"}],"author":[{"embeddable":true,"href":"https:\/\/diariodominicano.com\/index.php?rest_route=\/wp\/v2\/users\/7"}],"replies":[{"embeddable":true,"href":"https:\/\/diariodominicano.com\/index.php?rest_route=%2Fwp%2Fv2%2Fcomments&post=521264"}],"version-history":[{"count":1,"href":"https:\/\/diariodominicano.com\/index.php?rest_route=\/wp\/v2\/posts\/521264\/revisions"}],"predecessor-version":[{"id":521291,"href":"https:\/\/diariodominicano.com\/index.php?rest_route=\/wp\/v2\/posts\/521264\/revisions\/521291"}],"wp:featuredmedia":[{"embeddable":true,"href":"https:\/\/diariodominicano.com\/index.php?rest_route=\/wp\/v2\/media\/521279"}],"wp:attachment":[{"href":"https:\/\/diariodominicano.com\/index.php?rest_route=%2Fwp%2Fv2%2Fmedia&parent=521264"}],"wp:term":[{"taxonomy":"category","embeddable":true,"href":"https:\/\/diariodominicano.com\/index.php?rest_route=%2Fwp%2Fv2%2Fcategories&post=521264"},{"taxonomy":"post_tag","embeddable":true,"href":"https:\/\/diariodominicano.com\/index.php?rest_route=%2Fwp%2Fv2%2Ftags&post=521264"}],"curies":[{"name":"wp","href":"https:\/\/api.w.org\/{rel}","templated":true}]}}