{"id":521255,"date":"2024-04-06T12:34:39","date_gmt":"2024-04-06T16:34:39","guid":{"rendered":"https:\/\/diariodominicano.com\/?p=521255"},"modified":"2024-04-06T12:34:39","modified_gmt":"2024-04-06T16:34:39","slug":"canal-la-vigia-no-es-suficiente-para-irrigar-mas-de-20-mil-tareas-dice-junta-de-regantes-de-dajabon","status":"publish","type":"post","link":"https:\/\/diariodominicano.com\/?p=521255","title":{"rendered":"Canal La Vig\u00eda no es suficiente para irrigar m\u00e1s de 20 mil tareas dice Junta de Regantes de Dajab\u00f3n"},"content":{"rendered":"\n<h2 class=\"wp-block-heading\">El gobierno dominicano puso en funcionamiento el canal La Vig\u00eda para garantizar el agua a productores agr\u00edcolas. <\/h2>\n\n\n\n<p>Pese a lo anunciado por el gobierno dominicano de que el agua est\u00e1 garantizada para los productores agr\u00edcolas ubicados r\u00edo abajo del canal haitiano, la Junta de Regantes de Dajab\u00f3n dijo que el canal La Vig\u00eda no es suficiente para irrigar m\u00e1s de&nbsp;<strong>20 mil tareas<\/strong>&nbsp;de los trabajadores de la tierra.<\/p>\n\n\n\n<p><strong>Jos\u00e9 Gil<\/strong>&nbsp;presidente de la Junta de Regantes de&nbsp;<strong>Dajab\u00f3n&nbsp;<\/strong>dijo que siempre ha informado a las autoridades que no es suficiente el sistema de bombeo instalado en la toma de agua del&nbsp;<strong>canal La Vigia&nbsp;<\/strong>para llevar el l\u00edquido a los parceleros.<\/p>\n\n\n\n<p>\u201cSi hubiera sido suficiente nosotros no hubi\u00e9ramos estado exigiendole siempre la construcci\u00f3n de los pozos\u201d dijo Gil qui\u00e9n tambi\u00e9n agreg\u00f3 \u201cQue no son suficiente el agua que tira las bombas\u201d.<\/p>\n\n\n\n<p>El presidente de la Junta de Regantes di\u00f3 a conocer adem\u00e1s que est\u00e1n pidiendo los pozos para apalear la situaci\u00f3n, pero que tampoco es la soluci\u00f3n definitiva, ya que la misma es la construcci\u00f3n de una presa.<\/p>\n\n\n\n<figure class=\"wp-block-image\" id=\"m125159-125158-125160\"><img decoding=\"async\" src=\"https:\/\/listindiario.com\/files\/vertical_main_image\/uploads\/2024\/04\/06\/661147db32de7.jpeg\" alt=\"En funcionamiento el canal La Vig\u00eda\"\/><figcaption class=\"wp-element-caption\">En funcionamiento el canal La Vig\u00edaFUENTE EXTERNA<\/figcaption><\/figure>\n\n\n\n<p>Se recuerda que ante el desv\u00edo de agua del r\u00edo masacre que hicieran los haitianos a trav\u00e9s del canal que construyen acci\u00f3n que ocasion\u00f3 una disminuci\u00f3n del afluente r\u00edo abajo, ante la situaci\u00f3n el gobierno dominicano puso en funcionamiento el canal La Vig\u00eda para&nbsp;<\/p>\n\n\n\n<p>Listin Diario <\/p>\n","protected":false},"excerpt":{"rendered":"<p>El gobierno dominicano puso en funcionamiento el canal La Vig\u00eda para garantizar el agua a productores agr\u00edcolas. Pese a lo anunciado por el gobierno dominicano de que el agua est\u00e1 garantizada para los productores agr\u00edcolas ubicados r\u00edo abajo del canal haitiano, la Junta de Regantes de Dajab\u00f3n dijo que el canal La Vig\u00eda no es [&hellip;]<\/p>\n","protected":false},"author":7,"featured_media":521260,"comment_status":"closed","ping_status":"","sticky":true,"template":"","format":"standard","meta":{"footnotes":""},"categories":[20,27],"tags":[],"class_list":["post-521255","post","type-post","status-publish","format-standard","has-post-thumbnail","hentry","category-dominicana-hoy","category-portada"],"_links":{"self":[{"href":"https:\/\/diariodominicano.com\/index.php?rest_route=\/wp\/v2\/posts\/521255","targetHints":{"allow":["GET"]}}],"collection":[{"href":"https:\/\/diariodominicano.com\/index.php?rest_route=\/wp\/v2\/posts"}],"about":[{"href":"https:\/\/diariodominicano.com\/index.php?rest_route=\/wp\/v2\/types\/post"}],"author":[{"embeddable":true,"href":"https:\/\/diariodominicano.com\/index.php?rest_route=\/wp\/v2\/users\/7"}],"replies":[{"embeddable":true,"href":"https:\/\/diariodominicano.com\/index.php?rest_route=%2Fwp%2Fv2%2Fcomments&post=521255"}],"version-history":[{"count":1,"href":"https:\/\/diariodominicano.com\/index.php?rest_route=\/wp\/v2\/posts\/521255\/revisions"}],"predecessor-version":[{"id":521261,"href":"https:\/\/diariodominicano.com\/index.php?rest_route=\/wp\/v2\/posts\/521255\/revisions\/521261"}],"wp:featuredmedia":[{"embeddable":true,"href":"https:\/\/diariodominicano.com\/index.php?rest_route=\/wp\/v2\/media\/521260"}],"wp:attachment":[{"href":"https:\/\/diariodominicano.com\/index.php?rest_route=%2Fwp%2Fv2%2Fmedia&parent=521255"}],"wp:term":[{"taxonomy":"category","embeddable":true,"href":"https:\/\/diariodominicano.com\/index.php?rest_route=%2Fwp%2Fv2%2Fcategories&post=521255"},{"taxonomy":"post_tag","embeddable":true,"href":"https:\/\/diariodominicano.com\/index.php?rest_route=%2Fwp%2Fv2%2Ftags&post=521255"}],"curies":[{"name":"wp","href":"https:\/\/api.w.org\/{rel}","templated":true}]}}