{"id":521234,"date":"2024-04-06T03:17:49","date_gmt":"2024-04-06T07:17:49","guid":{"rendered":"https:\/\/diariodominicano.com\/?p=521234"},"modified":"2024-04-06T03:17:49","modified_gmt":"2024-04-06T07:17:49","slug":"congreso-de-prensa-felicita-el-dia-del-periodista-dominicano","status":"publish","type":"post","link":"https:\/\/diariodominicano.com\/?p=521234","title":{"rendered":"Congreso de Prensa: Felicita el D\u00eda del Periodista Dominicano"},"content":{"rendered":"\n<p>Por: Am\u00edn Cruz <\/p>\n\n\n\n<p><strong><em>\u00abLa falta de identidad profesional es la mayor falta \u00e9tica del periodista\u00bb, Dr. Javier Dar\u00edo Restrepo<\/em><\/strong><\/p>\n\n\n\n<p>Hoy 5 de abril, D\u00eda Nacional del Periodista Dominicano, es importante reflexionar sobre el papel fundamental que desempe\u00f1an los periodistas en nuestra sociedad. Son ellos quienes tienen la responsabilidad de informar, educar y sensibilizar a la poblaci\u00f3n, siendo un pilar fundamental de la democracia y la libertad de expresi\u00f3n.<\/p>\n\n\n\n<p>Un verdadero periodista dominicano es aquel que ejerce su labor con honestidad, integridad y \u00e9tica profesional. Es aquel que no se deja corromper por intereses externos y que busca siempre la verdad, incluso cuando esta pueda resultar inc\u00f3moda o controvertida.<\/p>\n\n\n\n<figure class=\"wp-block-gallery has-nested-images columns-default is-cropped wp-block-gallery-1 is-layout-flex wp-block-gallery-is-layout-flex\">\n<figure class=\"wp-block-image size-large\"><img loading=\"lazy\" decoding=\"async\" width=\"620\" height=\"420\" data-id=\"521242\" src=\"https:\/\/diariodominicano.com\/wp-content\/uploads\/2024\/04\/Dia-del-Periodista-Dominican.jpg\" alt=\"\" class=\"wp-image-521242\" srcset=\"https:\/\/diariodominicano.com\/wp-content\/uploads\/2024\/04\/Dia-del-Periodista-Dominican.jpg 620w, https:\/\/diariodominicano.com\/wp-content\/uploads\/2024\/04\/Dia-del-Periodista-Dominican-300x203.jpg 300w\" sizes=\"auto, (max-width: 620px) 100vw, 620px\" \/><\/figure>\n\n\n\n<figure class=\"wp-block-image size-large\"><img loading=\"lazy\" decoding=\"async\" width=\"576\" height=\"1024\" data-id=\"521241\" src=\"https:\/\/diariodominicano.com\/wp-content\/uploads\/2024\/04\/Congreso-Prensa-Felicita-el-Dia-del-Periodista-Dominicano--576x1024.jpg\" alt=\"\" class=\"wp-image-521241\" srcset=\"https:\/\/diariodominicano.com\/wp-content\/uploads\/2024\/04\/Congreso-Prensa-Felicita-el-Dia-del-Periodista-Dominicano--576x1024.jpg 576w, https:\/\/diariodominicano.com\/wp-content\/uploads\/2024\/04\/Congreso-Prensa-Felicita-el-Dia-del-Periodista-Dominicano--169x300.jpg 169w, https:\/\/diariodominicano.com\/wp-content\/uploads\/2024\/04\/Congreso-Prensa-Felicita-el-Dia-del-Periodista-Dominicano--768x1365.jpg 768w, https:\/\/diariodominicano.com\/wp-content\/uploads\/2024\/04\/Congreso-Prensa-Felicita-el-Dia-del-Periodista-Dominicano--864x1536.jpg 864w, https:\/\/diariodominicano.com\/wp-content\/uploads\/2024\/04\/Congreso-Prensa-Felicita-el-Dia-del-Periodista-Dominicano--816x1451.jpg 816w, https:\/\/diariodominicano.com\/wp-content\/uploads\/2024\/04\/Congreso-Prensa-Felicita-el-Dia-del-Periodista-Dominicano-.jpg 900w\" sizes=\"auto, (max-width: 576px) 100vw, 576px\" \/><\/figure>\n\n\n\n<figure class=\"wp-block-image size-large\"><img loading=\"lazy\" decoding=\"async\" width=\"720\" height=\"497\" data-id=\"521240\" src=\"https:\/\/diariodominicano.com\/wp-content\/uploads\/2024\/04\/Congreso-de-Prensa-Felicita-el-Dia-del-Periodista-Dominicano-.jpg\" alt=\"\" class=\"wp-image-521240\" srcset=\"https:\/\/diariodominicano.com\/wp-content\/uploads\/2024\/04\/Congreso-de-Prensa-Felicita-el-Dia-del-Periodista-Dominicano-.jpg 720w, https:\/\/diariodominicano.com\/wp-content\/uploads\/2024\/04\/Congreso-de-Prensa-Felicita-el-Dia-del-Periodista-Dominicano--300x207.jpg 300w\" sizes=\"auto, (max-width: 720px) 100vw, 720px\" \/><\/figure>\n\n\n\n<figure class=\"wp-block-image size-large\"><img loading=\"lazy\" decoding=\"async\" width=\"400\" height=\"400\" data-id=\"521239\" src=\"https:\/\/diariodominicano.com\/wp-content\/uploads\/2024\/04\/Dr.-Amin-Cruz.jpg\" alt=\"\" class=\"wp-image-521239\" srcset=\"https:\/\/diariodominicano.com\/wp-content\/uploads\/2024\/04\/Dr.-Amin-Cruz.jpg 400w, https:\/\/diariodominicano.com\/wp-content\/uploads\/2024\/04\/Dr.-Amin-Cruz-300x300.jpg 300w, https:\/\/diariodominicano.com\/wp-content\/uploads\/2024\/04\/Dr.-Amin-Cruz-150x150.jpg 150w, https:\/\/diariodominicano.com\/wp-content\/uploads\/2024\/04\/Dr.-Amin-Cruz-88x88.jpg 88w\" sizes=\"auto, (max-width: 400px) 100vw, 400px\" \/><\/figure>\n\n\n\n<figure class=\"wp-block-image size-large\"><img loading=\"lazy\" decoding=\"async\" width=\"916\" height=\"913\" data-id=\"521238\" src=\"https:\/\/diariodominicano.com\/wp-content\/uploads\/2024\/04\/Congreso-Prensa-Felicita-el-Dia-del-Periodista-Dominicano.jpg\" alt=\"\" class=\"wp-image-521238\" srcset=\"https:\/\/diariodominicano.com\/wp-content\/uploads\/2024\/04\/Congreso-Prensa-Felicita-el-Dia-del-Periodista-Dominicano.jpg 916w, https:\/\/diariodominicano.com\/wp-content\/uploads\/2024\/04\/Congreso-Prensa-Felicita-el-Dia-del-Periodista-Dominicano-300x300.jpg 300w, https:\/\/diariodominicano.com\/wp-content\/uploads\/2024\/04\/Congreso-Prensa-Felicita-el-Dia-del-Periodista-Dominicano-150x150.jpg 150w, https:\/\/diariodominicano.com\/wp-content\/uploads\/2024\/04\/Congreso-Prensa-Felicita-el-Dia-del-Periodista-Dominicano-768x765.jpg 768w, https:\/\/diariodominicano.com\/wp-content\/uploads\/2024\/04\/Congreso-Prensa-Felicita-el-Dia-del-Periodista-Dominicano-88x88.jpg 88w, https:\/\/diariodominicano.com\/wp-content\/uploads\/2024\/04\/Congreso-Prensa-Felicita-el-Dia-del-Periodista-Dominicano-816x813.jpg 816w\" sizes=\"auto, (max-width: 916px) 100vw, 916px\" \/><\/figure>\n\n\n\n<figure class=\"wp-block-image size-large\"><img loading=\"lazy\" decoding=\"async\" width=\"318\" height=\"159\" data-id=\"521237\" src=\"https:\/\/diariodominicano.com\/wp-content\/uploads\/2024\/04\/Congreso-de-Prensa-Felicita-el-Dia-del-Periodista-Dominicano.jpg\" alt=\"\" class=\"wp-image-521237\" srcset=\"https:\/\/diariodominicano.com\/wp-content\/uploads\/2024\/04\/Congreso-de-Prensa-Felicita-el-Dia-del-Periodista-Dominicano.jpg 318w, https:\/\/diariodominicano.com\/wp-content\/uploads\/2024\/04\/Congreso-de-Prensa-Felicita-el-Dia-del-Periodista-Dominicano-300x150.jpg 300w\" sizes=\"auto, (max-width: 318px) 100vw, 318px\" \/><\/figure>\n<\/figure>\n\n\n\n<p>Es fundamental que el periodista dominicano sea un defensor de la paz, el amor, la justicia y la libertad. Debe trabajar en pro de la construcci\u00f3n de una sociedad m\u00e1s justa, equitativa y democr\u00e1tica, promoviendo el respeto a los derechos humanos y la diversidad, es a trav\u00e9s de la difusi\u00f3n de informaci\u00f3n veraz y objetiva que se promueve el di\u00e1logo, el entendimiento y la tolerancia entre los diferentes sectores de la sociedad.<\/p>\n\n\n\n<p>En este d\u00eda, felicitamos a todos los colegas periodistas dominicanos que d\u00eda a d\u00eda se esfuerzan por llevar informaci\u00f3n veraz y relevante a la sociedad. Los instamos a seguir trabajando con pasi\u00f3n, compromiso y valent\u00eda, siempre en defensa de la libertad de prensa y de los valores \u00e9ticos que caracterizan a un verdadero periodista, por lo tanto, debemos estar siempre alerta y ser valientes en la defensa de este derecho, especialmente en tiempos de crisis y desaf\u00edos para la democracia.<\/p>\n\n\n\n<p>Que este d\u00eda sea una oportunidad para celebrar nuestros logros, pero tambi\u00e9n para reflexionar sobre los desaf\u00edos que enfrentamos y reafirmar nuestro compromiso con una prensa libre, responsable y comprometida con el bienestar de la sociedad dominicana. El Congreso Hispanoamericano de Prensa, hace un llamado para seguir trabajando juntos por un periodismo \u00e9tico, responsable y comprometido con nuestras sociedades.<\/p>\n\n\n\n<figure class=\"wp-block-gallery has-nested-images columns-default is-cropped wp-block-gallery-2 is-layout-flex wp-block-gallery-is-layout-flex\">\n<figure class=\"wp-block-image size-large\"><img loading=\"lazy\" decoding=\"async\" width=\"576\" height=\"1024\" data-id=\"521241\" src=\"https:\/\/diariodominicano.com\/wp-content\/uploads\/2024\/04\/Congreso-Prensa-Felicita-el-Dia-del-Periodista-Dominicano--576x1024.jpg\" alt=\"\" class=\"wp-image-521241\" srcset=\"https:\/\/diariodominicano.com\/wp-content\/uploads\/2024\/04\/Congreso-Prensa-Felicita-el-Dia-del-Periodista-Dominicano--576x1024.jpg 576w, https:\/\/diariodominicano.com\/wp-content\/uploads\/2024\/04\/Congreso-Prensa-Felicita-el-Dia-del-Periodista-Dominicano--169x300.jpg 169w, https:\/\/diariodominicano.com\/wp-content\/uploads\/2024\/04\/Congreso-Prensa-Felicita-el-Dia-del-Periodista-Dominicano--768x1365.jpg 768w, https:\/\/diariodominicano.com\/wp-content\/uploads\/2024\/04\/Congreso-Prensa-Felicita-el-Dia-del-Periodista-Dominicano--864x1536.jpg 864w, https:\/\/diariodominicano.com\/wp-content\/uploads\/2024\/04\/Congreso-Prensa-Felicita-el-Dia-del-Periodista-Dominicano--816x1451.jpg 816w, https:\/\/diariodominicano.com\/wp-content\/uploads\/2024\/04\/Congreso-Prensa-Felicita-el-Dia-del-Periodista-Dominicano-.jpg 900w\" sizes=\"auto, (max-width: 576px) 100vw, 576px\" \/><\/figure>\n<\/figure>\n\n\n\n<p>\u00a1Felicidades a todos los periodistas dominicanos en su d\u00eda! Que sigan siendo la voz de aquellos que no tienen voz, y que su labor contin\u00fae siendo un faro de luz en medio de la oscuridad. \u00a1Felicidades y que disfruten de este merecido d\u00eda con orgullo y alegr\u00eda! Estos son los deseos de los miembros del Congreso Hispanoamericano de Prensa, New York, USA.<\/p>\n\n\n\n<figure class=\"wp-block-gallery has-nested-images columns-default is-cropped wp-block-gallery-3 is-layout-flex wp-block-gallery-is-layout-flex\">\n<figure class=\"wp-block-image size-large\"><img loading=\"lazy\" decoding=\"async\" width=\"720\" height=\"497\" data-id=\"521240\" src=\"https:\/\/diariodominicano.com\/wp-content\/uploads\/2024\/04\/Congreso-de-Prensa-Felicita-el-Dia-del-Periodista-Dominicano-.jpg\" alt=\"\" class=\"wp-image-521240\" srcset=\"https:\/\/diariodominicano.com\/wp-content\/uploads\/2024\/04\/Congreso-de-Prensa-Felicita-el-Dia-del-Periodista-Dominicano-.jpg 720w, https:\/\/diariodominicano.com\/wp-content\/uploads\/2024\/04\/Congreso-de-Prensa-Felicita-el-Dia-del-Periodista-Dominicano--300x207.jpg 300w\" sizes=\"auto, (max-width: 720px) 100vw, 720px\" \/><\/figure>\n<\/figure>\n\n\n\n<p><strong><em>\u201cEl buen periodista es, ante todo, buena persona\u201d, Dr. Javier Dar\u00edo Restrepo<\/em><\/strong><\/p>\n\n\n\n<figure class=\"wp-block-gallery has-nested-images columns-default is-cropped wp-block-gallery-4 is-layout-flex wp-block-gallery-is-layout-flex\">\n<figure class=\"wp-block-image size-large\"><img loading=\"lazy\" decoding=\"async\" width=\"916\" height=\"913\" data-id=\"521238\" src=\"https:\/\/diariodominicano.com\/wp-content\/uploads\/2024\/04\/Congreso-Prensa-Felicita-el-Dia-del-Periodista-Dominicano.jpg\" alt=\"\" class=\"wp-image-521238\" srcset=\"https:\/\/diariodominicano.com\/wp-content\/uploads\/2024\/04\/Congreso-Prensa-Felicita-el-Dia-del-Periodista-Dominicano.jpg 916w, https:\/\/diariodominicano.com\/wp-content\/uploads\/2024\/04\/Congreso-Prensa-Felicita-el-Dia-del-Periodista-Dominicano-300x300.jpg 300w, https:\/\/diariodominicano.com\/wp-content\/uploads\/2024\/04\/Congreso-Prensa-Felicita-el-Dia-del-Periodista-Dominicano-150x150.jpg 150w, https:\/\/diariodominicano.com\/wp-content\/uploads\/2024\/04\/Congreso-Prensa-Felicita-el-Dia-del-Periodista-Dominicano-768x765.jpg 768w, https:\/\/diariodominicano.com\/wp-content\/uploads\/2024\/04\/Congreso-Prensa-Felicita-el-Dia-del-Periodista-Dominicano-88x88.jpg 88w, https:\/\/diariodominicano.com\/wp-content\/uploads\/2024\/04\/Congreso-Prensa-Felicita-el-Dia-del-Periodista-Dominicano-816x813.jpg 816w\" sizes=\"auto, (max-width: 916px) 100vw, 916px\" \/><\/figure>\n<\/figure>\n\n\n\n<p><em>&nbsp;<\/em>Dr. Am\u00edn Cruz, CEO, presidente y Fundador del Congreso Hispanoamericano de Prensa, Padre y Embajador de la Prensa latinoamericana, Diplom\u00e1tico ante la ONU, periodista, escritor en USA. <\/p>\n","protected":false},"excerpt":{"rendered":"<p>Por: Am\u00edn Cruz \u00abLa falta de identidad profesional es la mayor falta \u00e9tica del periodista\u00bb, Dr. Javier Dar\u00edo Restrepo Hoy 5 de abril, D\u00eda Nacional del Periodista Dominicano, es importante reflexionar sobre el papel fundamental que desempe\u00f1an los periodistas en nuestra sociedad. Son ellos quienes tienen la responsabilidad de informar, educar y sensibilizar a la [&hellip;]<\/p>\n","protected":false},"author":7,"featured_media":521239,"comment_status":"closed","ping_status":"","sticky":true,"template":"","format":"standard","meta":{"footnotes":""},"categories":[20,27],"tags":[],"class_list":["post-521234","post","type-post","status-publish","format-standard","has-post-thumbnail","hentry","category-dominicana-hoy","category-portada"],"_links":{"self":[{"href":"https:\/\/diariodominicano.com\/index.php?rest_route=\/wp\/v2\/posts\/521234","targetHints":{"allow":["GET"]}}],"collection":[{"href":"https:\/\/diariodominicano.com\/index.php?rest_route=\/wp\/v2\/posts"}],"about":[{"href":"https:\/\/diariodominicano.com\/index.php?rest_route=\/wp\/v2\/types\/post"}],"author":[{"embeddable":true,"href":"https:\/\/diariodominicano.com\/index.php?rest_route=\/wp\/v2\/users\/7"}],"replies":[{"embeddable":true,"href":"https:\/\/diariodominicano.com\/index.php?rest_route=%2Fwp%2Fv2%2Fcomments&post=521234"}],"version-history":[{"count":1,"href":"https:\/\/diariodominicano.com\/index.php?rest_route=\/wp\/v2\/posts\/521234\/revisions"}],"predecessor-version":[{"id":521245,"href":"https:\/\/diariodominicano.com\/index.php?rest_route=\/wp\/v2\/posts\/521234\/revisions\/521245"}],"wp:featuredmedia":[{"embeddable":true,"href":"https:\/\/diariodominicano.com\/index.php?rest_route=\/wp\/v2\/media\/521239"}],"wp:attachment":[{"href":"https:\/\/diariodominicano.com\/index.php?rest_route=%2Fwp%2Fv2%2Fmedia&parent=521234"}],"wp:term":[{"taxonomy":"category","embeddable":true,"href":"https:\/\/diariodominicano.com\/index.php?rest_route=%2Fwp%2Fv2%2Fcategories&post=521234"},{"taxonomy":"post_tag","embeddable":true,"href":"https:\/\/diariodominicano.com\/index.php?rest_route=%2Fwp%2Fv2%2Ftags&post=521234"}],"curies":[{"name":"wp","href":"https:\/\/api.w.org\/{rel}","templated":true}]}}