{"id":521230,"date":"2024-04-06T03:22:08","date_gmt":"2024-04-06T07:22:08","guid":{"rendered":"https:\/\/diariodominicano.com\/?p=521230"},"modified":"2024-04-06T03:22:08","modified_gmt":"2024-04-06T07:22:08","slug":"viceministro-asegura-la-politica-de-repatriacion-de-ilegales-es-derecho-soberano-de-los-dominicanos","status":"publish","type":"post","link":"https:\/\/diariodominicano.com\/?p=521230","title":{"rendered":"Viceministro asegura la pol\u00edtica de repatriaci\u00f3n de ilegales es derecho soberano de los dominicanos"},"content":{"rendered":"\n<p><strong>Santo Domingo. &#8211;<\/strong>&nbsp;El viceministro de Gesti\u00f3n Migratoria y Naturalizaci\u00f3n del Ministerio de Interior y Polic\u00eda, Juan Manuel Rosario, dijo que la Rep\u00fablica Dominicana es la que sufre, de manera reiterada, violaci\u00f3n al derecho soberano de aplicar su Pol\u00edtica Migratoria.<\/p>\n\n\n\n<p>Al ser cuestionado sobre las acusaciones de que la Rep\u00fablica Dominicana, supuestamente viola los derechos humanos de los extranjeros presentes en su territorio, el funcionario manifest\u00f3: \u00abFrecuentemente es conocido que los Organismos Internacionales, con el apoyo de sectores nacionales, no descansan en su manifiesta gesti\u00f3n de desconocer el derecho soberano de los dominicanos a aplicar su Pol\u00edtica Migratoria\u00bb<\/p>\n\n\n\n<p>Precis\u00f3 el funcionario que, incluso, esos sectores se mantienen con un \u00ablobby\u00bb permanente en la Rep\u00fablica Dominicana, orientado a incidir en las decisiones que tienen que ver con la implementaci\u00f3n de Pol\u00edtica Migratoria y de Nacionalidad del Estado dominicano.<\/p>\n\n\n\n<p>Rosario expres\u00f3 que \u00abAmnist\u00eda Internacional tiene que respetar el derecho del Estado dominicano a preservar sus prerrogativas soberanas como sujeto del derecho internacional y a la soberan\u00eda interna, que es atributo exclusivo del pueblo dominicano, en lo concerniente al territorio, su poblaci\u00f3n, las leyes y los preceptos constitucionales.\u00bb<\/p>\n\n\n\n<p>El viceministro de Gesti\u00f3n Migratoria y Naturalizaci\u00f3n reflexiona sobre las pr\u00e1cticas de convivencia internacional de los Estados, y expresa: \u00abLos Organismos Internacionales parece que, de manera deliberada, hacen esfuerzos por olvidar las reglas internacionales de interrelaci\u00f3n de los diversos sujetos internacionales\u2026\u00bb<\/p>\n\n\n\n<p>Recalca el funcionario: \u00abes saludable recordar lo que se estableci\u00f3 en la declaraci\u00f3n 40\/144 del 13 de diciembre del 1985 de la Asamblea General de las Naciones Unidas, sobre los derechos humanos de los extranjeros&#8230;\u00bb<\/p>\n\n\n\n<p>Contin\u00faa Rosario exponiendo que, \u201cdice en su art\u00edculo 2 esa declaraci\u00f3n: \u00abNinguna disposici\u00f3n de la presente Declaraci\u00f3n se interpretar\u00e1 en el sentido de legitimar la entrada ni la presencia ilegal de un extranjero en cualquier Estado. Tampoco se interpretar\u00e1 ninguna disposici\u00f3n de la presente Declaraci\u00f3n en el sentido de limitar el derecho de cualquier Estado a promulgar leyes y reglamentaciones relativas a la entrada de extranjeros y al plazo y las condiciones de su estancia en \u00e9l, o a establecer diferencias entre nacionales y extranjeros\u00bb.<\/p>\n\n\n\n<p>El viceministro termin\u00f3 reiterando que la pol\u00edtica migratoria es un derecho soberano de los dominicanos.<\/p>\n\n\n\n<p><br><img alt=\"Juan Manuel Rosario.jpeg\" width=\"452\" height=\"446\"><\/p>\n\n\n\n\n\n<p>&#8212;<br><em>Nellys del Orbe<\/em><\/p>\n\n\n\n<p>(809) 223-3639<\/p>\n\n\n\n<figure class=\"wp-block-embed\"><div class=\"wp-block-embed__wrapper\">\nhttps:\/\/www.instagram.com\/nellysdelorbe\/\n<\/div><\/figure>\n\n\n\n<p><a href=\"http:\/\/www.facebook.com\/nellysdelorbe\" target=\"_blank\" rel=\"noreferrer noopener\">http:\/\/www.facebook.com\/nellysdelorbe<\/a><\/p>\n\n\n\n<p>Twitter: @NellysdelOrbe<\/p>\n","protected":false},"excerpt":{"rendered":"<p>Santo Domingo. &#8211;&nbsp;El viceministro de Gesti\u00f3n Migratoria y Naturalizaci\u00f3n del Ministerio de Interior y Polic\u00eda, Juan Manuel Rosario, dijo que la Rep\u00fablica Dominicana es la que sufre, de manera reiterada, violaci\u00f3n al derecho soberano de aplicar su Pol\u00edtica Migratoria. Al ser cuestionado sobre las acusaciones de que la Rep\u00fablica Dominicana, supuestamente viola los derechos humanos [&hellip;]<\/p>\n","protected":false},"author":7,"featured_media":496397,"comment_status":"closed","ping_status":"","sticky":true,"template":"","format":"standard","meta":{"footnotes":""},"categories":[20,27],"tags":[],"class_list":["post-521230","post","type-post","status-publish","format-standard","has-post-thumbnail","hentry","category-dominicana-hoy","category-portada"],"_links":{"self":[{"href":"https:\/\/diariodominicano.com\/index.php?rest_route=\/wp\/v2\/posts\/521230","targetHints":{"allow":["GET"]}}],"collection":[{"href":"https:\/\/diariodominicano.com\/index.php?rest_route=\/wp\/v2\/posts"}],"about":[{"href":"https:\/\/diariodominicano.com\/index.php?rest_route=\/wp\/v2\/types\/post"}],"author":[{"embeddable":true,"href":"https:\/\/diariodominicano.com\/index.php?rest_route=\/wp\/v2\/users\/7"}],"replies":[{"embeddable":true,"href":"https:\/\/diariodominicano.com\/index.php?rest_route=%2Fwp%2Fv2%2Fcomments&post=521230"}],"version-history":[{"count":1,"href":"https:\/\/diariodominicano.com\/index.php?rest_route=\/wp\/v2\/posts\/521230\/revisions"}],"predecessor-version":[{"id":521249,"href":"https:\/\/diariodominicano.com\/index.php?rest_route=\/wp\/v2\/posts\/521230\/revisions\/521249"}],"wp:featuredmedia":[{"embeddable":true,"href":"https:\/\/diariodominicano.com\/index.php?rest_route=\/wp\/v2\/media\/496397"}],"wp:attachment":[{"href":"https:\/\/diariodominicano.com\/index.php?rest_route=%2Fwp%2Fv2%2Fmedia&parent=521230"}],"wp:term":[{"taxonomy":"category","embeddable":true,"href":"https:\/\/diariodominicano.com\/index.php?rest_route=%2Fwp%2Fv2%2Fcategories&post=521230"},{"taxonomy":"post_tag","embeddable":true,"href":"https:\/\/diariodominicano.com\/index.php?rest_route=%2Fwp%2Fv2%2Ftags&post=521230"}],"curies":[{"name":"wp","href":"https:\/\/api.w.org\/{rel}","templated":true}]}}