{"id":521229,"date":"2024-04-06T03:01:38","date_gmt":"2024-04-06T07:01:38","guid":{"rendered":"https:\/\/diariodominicano.com\/?p=521229"},"modified":"2024-04-06T03:21:59","modified_gmt":"2024-04-06T07:21:59","slug":"el-unico-festival-de-creatividad-abierta-del-pais-llega-a-su-cuarta-edicion","status":"publish","type":"post","link":"https:\/\/diariodominicano.com\/?p=521229","title":{"rendered":"El \u00fanico festival de creatividad abierta del pa\u00eds llega a su cuarta edici\u00f3n"},"content":{"rendered":"\n<p>El Elite Music Fest vuelve en su cuarta edici\u00f3n para fomentar el crecimiento art\u00edstico y cultural entre los j\u00f3venes de la regi\u00f3n. Este evento busca promover una competencia sana que enriquezca el conocimiento y el esp\u00edritu de los participantes, organizadores y el p\u00fablico en general.<\/p>\n\n\n\n<p>El EMF se ha convertido en un referente en la escena juvenil de Carabobo, y en esta edici\u00f3n se contar\u00e1 con la participaci\u00f3n de siete (7) destacados colegios de la ciudad.<\/p>\n\n\n\n<p>El festival ofrecer\u00e1 una plataforma para que los talentosos estudiantes<\/p>\n\n\n\n<p>demuestren sus habilidades musicales y art\u00edsticas en un ambiente de camarader\u00eda y respeto.<\/p>\n\n\n\n<p>El evento principal se llevar\u00e1 a cabo el s\u00e1bado 13 de Abril en el Hotel Hesperia. Durante la competencia, los participantes tendr\u00e1n la oportunidad de mostrar su talento en diversas categor\u00edas, como m\u00fasica, canto, baile y actuaci\u00f3n.<\/p>\n\n\n\n<p>El juradoestar\u00e1 compuesto por reconocidos profesionales del \u00e1mbito art\u00edstico, quienes evaluar\u00e1n la calidad y originalidad de las presentaciones.<\/p>\n\n\n\n<p>Despu\u00e9s del evento principal, se llevar\u00e1 a cabo un emocionante after-party intercolegial, donde se recibir\u00e1n a m\u00e1s alumnos y colegios valencianos. Esta celebraci\u00f3n adicional brindar\u00e1 la oportunidad de estrechar lazos entre los participantes y disfrutar de una noche llena de m\u00fasica, baile y diversi\u00f3n.<\/p>\n\n\n\n<p>El Elite Music Fest representa una importante plataforma para el desarrollo del talento juvenil en Carabobo, y se enorgullece de su contribuci\u00f3n al crecimiento art\u00edstico y cultural de la regi\u00f3n. El evento busca fomentar la creatividad, la pasi\u00f3n por el arte y el esp\u00edritu de superaci\u00f3n entre los j\u00f3venes, inspir\u00e1ndolos a seguir persiguiendo sus sue\u00f1os y metas.<\/p>\n\n\n\n<p>Para obtener m\u00e1s informaci\u00f3nsobre el Elite Music Fest y estar al tanto de las \u00faltimas novedades, visita su Instagram @emf.ve No te pierdas la oportunidad de presenciar el talento juvenil en acci\u00f3n y unirte a esta celebraci\u00f3n de la cultura y el arte en<\/p>\n\n\n\n<p>el Elite Music Fest. <\/p>\n","protected":false},"excerpt":{"rendered":"<p>El Elite Music Fest vuelve en su cuarta edici\u00f3n para fomentar el crecimiento art\u00edstico y cultural entre los j\u00f3venes de la regi\u00f3n. Este evento busca promover una competencia sana que enriquezca el conocimiento y el esp\u00edritu de los participantes, organizadores y el p\u00fablico en general. El EMF se ha convertido en un referente en la [&hellip;]<\/p>\n","protected":false},"author":7,"featured_media":521247,"comment_status":"closed","ping_status":"","sticky":true,"template":"","format":"standard","meta":{"footnotes":""},"categories":[25,27],"tags":[],"class_list":["post-521229","post","type-post","status-publish","format-standard","has-post-thumbnail","hentry","category-gente","category-portada"],"_links":{"self":[{"href":"https:\/\/diariodominicano.com\/index.php?rest_route=\/wp\/v2\/posts\/521229","targetHints":{"allow":["GET"]}}],"collection":[{"href":"https:\/\/diariodominicano.com\/index.php?rest_route=\/wp\/v2\/posts"}],"about":[{"href":"https:\/\/diariodominicano.com\/index.php?rest_route=\/wp\/v2\/types\/post"}],"author":[{"embeddable":true,"href":"https:\/\/diariodominicano.com\/index.php?rest_route=\/wp\/v2\/users\/7"}],"replies":[{"embeddable":true,"href":"https:\/\/diariodominicano.com\/index.php?rest_route=%2Fwp%2Fv2%2Fcomments&post=521229"}],"version-history":[{"count":1,"href":"https:\/\/diariodominicano.com\/index.php?rest_route=\/wp\/v2\/posts\/521229\/revisions"}],"predecessor-version":[{"id":521244,"href":"https:\/\/diariodominicano.com\/index.php?rest_route=\/wp\/v2\/posts\/521229\/revisions\/521244"}],"wp:featuredmedia":[{"embeddable":true,"href":"https:\/\/diariodominicano.com\/index.php?rest_route=\/wp\/v2\/media\/521247"}],"wp:attachment":[{"href":"https:\/\/diariodominicano.com\/index.php?rest_route=%2Fwp%2Fv2%2Fmedia&parent=521229"}],"wp:term":[{"taxonomy":"category","embeddable":true,"href":"https:\/\/diariodominicano.com\/index.php?rest_route=%2Fwp%2Fv2%2Fcategories&post=521229"},{"taxonomy":"post_tag","embeddable":true,"href":"https:\/\/diariodominicano.com\/index.php?rest_route=%2Fwp%2Fv2%2Ftags&post=521229"}],"curies":[{"name":"wp","href":"https:\/\/api.w.org\/{rel}","templated":true}]}}