{"id":521063,"date":"2024-04-05T15:38:27","date_gmt":"2024-04-05T19:38:27","guid":{"rendered":"https:\/\/diariodominicano.com\/?p=521063"},"modified":"2024-04-05T15:38:27","modified_gmt":"2024-04-05T19:38:27","slug":"regional-este-onesvie-avanza-en-la-tarea-de-reducir-el-impacto-de-la-vulnerabilidad-sismica-accion-beneficia-a-un-1-millon358-mil-971-habitantes","status":"publish","type":"post","link":"https:\/\/diariodominicano.com\/?p=521063","title":{"rendered":"Regional Este Onesvie avanza en la tarea de reducir el impacto de la vulnerabilidad s\u00edsmica; acci\u00f3n beneficia a un 1 mill\u00f3n,358 mil 971 habitantes\u00a0"},"content":{"rendered":"\n<p>La Romana. \u2013 La direcci\u00f3n general de la Oficina Nacional de Evaluaci\u00f3n S\u00edsmica y Vulnerabilidad de Infraestructura y Edificaciones (Onesvie), informa que avanza junto a su regional Este, en la tarea de reducir el impacto de la vulnerabilidad s\u00edsmica, en edificaciones, infraestructuras y l\u00edneas vitales y acercar los servicios de evaluaci\u00f3n visual r\u00e1pida y detallada a un 1 mill\u00f3n, 358 mil 971 habitantes residentes en la regi\u00f3n.&nbsp;<\/p>\n\n\n\n<figure class=\"wp-block-gallery has-nested-images columns-default is-cropped wp-block-gallery-1 is-layout-flex wp-block-gallery-is-layout-flex\">\n<figure class=\"wp-block-image size-large\"><img loading=\"lazy\" decoding=\"async\" width=\"1024\" height=\"683\" data-id=\"521167\" src=\"https:\/\/diariodominicano.com\/wp-content\/uploads\/2024\/04\/Regional-Este-Onesvie-avanza-en-la-tarea-de-reducir-el-impacto-de-la-vulnerabilidad-1024x683.jpg\" alt=\"\" class=\"wp-image-521167\" srcset=\"https:\/\/diariodominicano.com\/wp-content\/uploads\/2024\/04\/Regional-Este-Onesvie-avanza-en-la-tarea-de-reducir-el-impacto-de-la-vulnerabilidad-1024x683.jpg 1024w, https:\/\/diariodominicano.com\/wp-content\/uploads\/2024\/04\/Regional-Este-Onesvie-avanza-en-la-tarea-de-reducir-el-impacto-de-la-vulnerabilidad-300x200.jpg 300w, https:\/\/diariodominicano.com\/wp-content\/uploads\/2024\/04\/Regional-Este-Onesvie-avanza-en-la-tarea-de-reducir-el-impacto-de-la-vulnerabilidad-768x512.jpg 768w, https:\/\/diariodominicano.com\/wp-content\/uploads\/2024\/04\/Regional-Este-Onesvie-avanza-en-la-tarea-de-reducir-el-impacto-de-la-vulnerabilidad-1536x1024.jpg 1536w, https:\/\/diariodominicano.com\/wp-content\/uploads\/2024\/04\/Regional-Este-Onesvie-avanza-en-la-tarea-de-reducir-el-impacto-de-la-vulnerabilidad-2048x1365.jpg 2048w, https:\/\/diariodominicano.com\/wp-content\/uploads\/2024\/04\/Regional-Este-Onesvie-avanza-en-la-tarea-de-reducir-el-impacto-de-la-vulnerabilidad-816x544.jpg 816w\" sizes=\"auto, (max-width: 1024px) 100vw, 1024px\" \/><\/figure>\n\n\n\n<figure class=\"wp-block-image size-large\"><img loading=\"lazy\" decoding=\"async\" width=\"1024\" height=\"683\" data-id=\"521166\" src=\"https:\/\/diariodominicano.com\/wp-content\/uploads\/2024\/04\/Regional-Este-Onesvie-avanza-en-la-tarea-de-reducir-el-impacto-de-la-vulnerabilidad-sismica-accion-1024x683.jpg\" alt=\"\" class=\"wp-image-521166\" srcset=\"https:\/\/diariodominicano.com\/wp-content\/uploads\/2024\/04\/Regional-Este-Onesvie-avanza-en-la-tarea-de-reducir-el-impacto-de-la-vulnerabilidad-sismica-accion-1024x683.jpg 1024w, https:\/\/diariodominicano.com\/wp-content\/uploads\/2024\/04\/Regional-Este-Onesvie-avanza-en-la-tarea-de-reducir-el-impacto-de-la-vulnerabilidad-sismica-accion-300x200.jpg 300w, https:\/\/diariodominicano.com\/wp-content\/uploads\/2024\/04\/Regional-Este-Onesvie-avanza-en-la-tarea-de-reducir-el-impacto-de-la-vulnerabilidad-sismica-accion-768x512.jpg 768w, https:\/\/diariodominicano.com\/wp-content\/uploads\/2024\/04\/Regional-Este-Onesvie-avanza-en-la-tarea-de-reducir-el-impacto-de-la-vulnerabilidad-sismica-accion-1536x1024.jpg 1536w, https:\/\/diariodominicano.com\/wp-content\/uploads\/2024\/04\/Regional-Este-Onesvie-avanza-en-la-tarea-de-reducir-el-impacto-de-la-vulnerabilidad-sismica-accion-2048x1365.jpg 2048w, https:\/\/diariodominicano.com\/wp-content\/uploads\/2024\/04\/Regional-Este-Onesvie-avanza-en-la-tarea-de-reducir-el-impacto-de-la-vulnerabilidad-sismica-accion-816x544.jpg 816w\" sizes=\"auto, (max-width: 1024px) 100vw, 1024px\" \/><\/figure>\n\n\n\n<figure class=\"wp-block-image size-large\"><img loading=\"lazy\" decoding=\"async\" width=\"1024\" height=\"683\" data-id=\"521165\" src=\"https:\/\/diariodominicano.com\/wp-content\/uploads\/2024\/04\/Regional-Este-Onesvie-avanza-en-la-tarea-de-reducir-el-impacto-de-la-vulnerabilidad-sismica-accion-beneficia-a-un-1-millon358-mil-971-habitantes-1024x683.jpg\" alt=\"\" class=\"wp-image-521165\" srcset=\"https:\/\/diariodominicano.com\/wp-content\/uploads\/2024\/04\/Regional-Este-Onesvie-avanza-en-la-tarea-de-reducir-el-impacto-de-la-vulnerabilidad-sismica-accion-beneficia-a-un-1-millon358-mil-971-habitantes-1024x683.jpg 1024w, https:\/\/diariodominicano.com\/wp-content\/uploads\/2024\/04\/Regional-Este-Onesvie-avanza-en-la-tarea-de-reducir-el-impacto-de-la-vulnerabilidad-sismica-accion-beneficia-a-un-1-millon358-mil-971-habitantes-300x200.jpg 300w, https:\/\/diariodominicano.com\/wp-content\/uploads\/2024\/04\/Regional-Este-Onesvie-avanza-en-la-tarea-de-reducir-el-impacto-de-la-vulnerabilidad-sismica-accion-beneficia-a-un-1-millon358-mil-971-habitantes-768x512.jpg 768w, https:\/\/diariodominicano.com\/wp-content\/uploads\/2024\/04\/Regional-Este-Onesvie-avanza-en-la-tarea-de-reducir-el-impacto-de-la-vulnerabilidad-sismica-accion-beneficia-a-un-1-millon358-mil-971-habitantes-1536x1024.jpg 1536w, https:\/\/diariodominicano.com\/wp-content\/uploads\/2024\/04\/Regional-Este-Onesvie-avanza-en-la-tarea-de-reducir-el-impacto-de-la-vulnerabilidad-sismica-accion-beneficia-a-un-1-millon358-mil-971-habitantes-2048x1365.jpg 2048w, https:\/\/diariodominicano.com\/wp-content\/uploads\/2024\/04\/Regional-Este-Onesvie-avanza-en-la-tarea-de-reducir-el-impacto-de-la-vulnerabilidad-sismica-accion-beneficia-a-un-1-millon358-mil-971-habitantes-816x544.jpg 816w\" sizes=\"auto, (max-width: 1024px) 100vw, 1024px\" \/><\/figure>\n<\/figure>\n\n\n\n<p>Para cumplir con ese objetivo cuenta con un equipo de ingenieros y arquitectos que trabaja realizando evaluaciones en las provincias: San Pedro de Macor\u00eds, la Altagracia, la Romana, el Seibo y Hato Mayor.&nbsp;<\/p>\n\n\n\n<p>La nota establece que realizado el levantamiento de la informaci\u00f3n en las edificaciones en especial las pertenecientes al sector p\u00fablico, tendr\u00e1n la capacidad de emitir un informe detallado con las observaciones y recomendaciones que amerita cada caso.&nbsp;<\/p>\n\n\n\n<p>El ingeniero Flavio Garcia, encargado de la delegaci\u00f3n, refiri\u00f3 que las evaluaciones realizadas a instituciones p\u00fablicas de la regi\u00f3n han servido para que sus incumbentes conozcan las vulnerabilidades que les afectan y puedan realizar los correctivos de lugar.<\/p>\n\n\n\n<p>Precis\u00f3 que m\u00e1s del 90% de las edificaciones fueron evaluadas y entregados los informes con las recomendaciones y se\u00f1al\u00f3 que mantienen una relaci\u00f3n estrecha con el Colegio Dominicano de Ingenieros, Arquitectos y Agrimensores (CODIA).<\/p>\n\n\n\n<p>Finalmente puntualiz\u00f3 que fruto de las acciones preventivas realizadas han logrado que los tomadores de decisiones empiecen a mirar la realidad del riesgo y la vulnerabilidad s\u00edsmica y anunci\u00f3 la realizaci\u00f3n para el mes de abril del Diplomado en Evaluaci\u00f3n de Edificaciones en combinaci\u00f3n con el CODIA, en la Romana para profesionales de la zona.&nbsp;<\/p>\n\n\n\n<p>prensa@onesvie.gob.do <\/p>\n","protected":false},"excerpt":{"rendered":"<p>La Romana. \u2013 La direcci\u00f3n general de la Oficina Nacional de Evaluaci\u00f3n S\u00edsmica y Vulnerabilidad de Infraestructura y Edificaciones (Onesvie), informa que avanza junto a su regional Este, en la tarea de reducir el impacto de la vulnerabilidad s\u00edsmica, en edificaciones, infraestructuras y l\u00edneas vitales y acercar los servicios de evaluaci\u00f3n visual r\u00e1pida y detallada [&hellip;]<\/p>\n","protected":false},"author":7,"featured_media":521166,"comment_status":"closed","ping_status":"","sticky":true,"template":"","format":"standard","meta":{"footnotes":""},"categories":[20,27],"tags":[],"class_list":["post-521063","post","type-post","status-publish","format-standard","has-post-thumbnail","hentry","category-dominicana-hoy","category-portada"],"_links":{"self":[{"href":"https:\/\/diariodominicano.com\/index.php?rest_route=\/wp\/v2\/posts\/521063","targetHints":{"allow":["GET"]}}],"collection":[{"href":"https:\/\/diariodominicano.com\/index.php?rest_route=\/wp\/v2\/posts"}],"about":[{"href":"https:\/\/diariodominicano.com\/index.php?rest_route=\/wp\/v2\/types\/post"}],"author":[{"embeddable":true,"href":"https:\/\/diariodominicano.com\/index.php?rest_route=\/wp\/v2\/users\/7"}],"replies":[{"embeddable":true,"href":"https:\/\/diariodominicano.com\/index.php?rest_route=%2Fwp%2Fv2%2Fcomments&post=521063"}],"version-history":[{"count":1,"href":"https:\/\/diariodominicano.com\/index.php?rest_route=\/wp\/v2\/posts\/521063\/revisions"}],"predecessor-version":[{"id":521169,"href":"https:\/\/diariodominicano.com\/index.php?rest_route=\/wp\/v2\/posts\/521063\/revisions\/521169"}],"wp:featuredmedia":[{"embeddable":true,"href":"https:\/\/diariodominicano.com\/index.php?rest_route=\/wp\/v2\/media\/521166"}],"wp:attachment":[{"href":"https:\/\/diariodominicano.com\/index.php?rest_route=%2Fwp%2Fv2%2Fmedia&parent=521063"}],"wp:term":[{"taxonomy":"category","embeddable":true,"href":"https:\/\/diariodominicano.com\/index.php?rest_route=%2Fwp%2Fv2%2Fcategories&post=521063"},{"taxonomy":"post_tag","embeddable":true,"href":"https:\/\/diariodominicano.com\/index.php?rest_route=%2Fwp%2Fv2%2Ftags&post=521063"}],"curies":[{"name":"wp","href":"https:\/\/api.w.org\/{rel}","templated":true}]}}