{"id":521061,"date":"2024-04-05T15:45:31","date_gmt":"2024-04-05T19:45:31","guid":{"rendered":"https:\/\/diariodominicano.com\/?p=521061"},"modified":"2024-04-05T15:45:31","modified_gmt":"2024-04-05T19:45:31","slug":"ney-arias-lora-valorado-como-uno-de-los-principales-hospitales-de-rd-en-cumplimiento-de-programas-de-residencias-medicas-y-subespecialidades","status":"publish","type":"post","link":"https:\/\/diariodominicano.com\/?p=521061","title":{"rendered":"Ney Arias Lora valorado como uno de los principales hospitales de RD en cumplimiento de programas de residencias m\u00e9dicas y subespecialidades"},"content":{"rendered":"\n<p>SANTO DOMINGO.- El Hospital Universitario Docente Traumatol\u00f3gico Dr. Ney Arias Lora, fue valorado como uno de los principales hospitales del pa\u00eds en cumplir en un 95% los programas acad\u00e9micos de Residencias m\u00e9dicas, post grados y subespecialidades.<br>La valoraci\u00f3n del centro fue realizada por &nbsp;los &nbsp;doctores Hilario Reyes, director de Residencias M\u00e9dicas del Ministerio de Salud P\u00fablica; Carlos Rodr\u00edguez, coordinador, &nbsp;as\u00ed como por el doctor Jos\u00e9 Cuevas Ram\u00edrez, &nbsp;director de la UASD, Jos\u00e9 Cuevas Ram\u00edrez, &nbsp;quienes visitaron el centro de salud para dar seguimiento a los programas acad\u00e9micos, donde la Direcci\u00f3n Nacional de Residencias M\u00e9dicas expres\u00f3 su satisfacci\u00f3n por el nivel de cumplimiento, as\u00ed como los equipos, el personal humano, la infraestructura y los recursos acad\u00e9micos para realizar cualquier tipo de residencias m\u00e9dicas, necesarias en el pa\u00eds y garantiza una formaci\u00f3n adecuada al m\u00e1s alto nivel.<\/p>\n\n\n\n<figure class=\"wp-block-gallery has-nested-images columns-default is-cropped wp-block-gallery-1 is-layout-flex wp-block-gallery-is-layout-flex\">\n<figure class=\"wp-block-image size-large\"><img loading=\"lazy\" decoding=\"async\" width=\"1024\" height=\"576\" data-id=\"521175\" src=\"https:\/\/diariodominicano.com\/wp-content\/uploads\/2024\/04\/Ney-Arias-Lora-1024x576.jpg\" alt=\"\" class=\"wp-image-521175\" srcset=\"https:\/\/diariodominicano.com\/wp-content\/uploads\/2024\/04\/Ney-Arias-Lora-1024x576.jpg 1024w, https:\/\/diariodominicano.com\/wp-content\/uploads\/2024\/04\/Ney-Arias-Lora-300x169.jpg 300w, https:\/\/diariodominicano.com\/wp-content\/uploads\/2024\/04\/Ney-Arias-Lora-768x432.jpg 768w, https:\/\/diariodominicano.com\/wp-content\/uploads\/2024\/04\/Ney-Arias-Lora-816x459.jpg 816w, https:\/\/diariodominicano.com\/wp-content\/uploads\/2024\/04\/Ney-Arias-Lora.jpg 1280w\" sizes=\"auto, (max-width: 1024px) 100vw, 1024px\" \/><\/figure>\n\n\n\n<figure class=\"wp-block-image size-large\"><img loading=\"lazy\" decoding=\"async\" width=\"1024\" height=\"682\" data-id=\"521174\" src=\"https:\/\/diariodominicano.com\/wp-content\/uploads\/2024\/04\/Ney-Arias-Lora-valorado-como-uno-de-los-principales-hospitales-de-RD-en-cumplimiento-de-programas-de-residencias-medicas-y-subespecialidades-1-1024x682.jpg\" alt=\"\" class=\"wp-image-521174\" srcset=\"https:\/\/diariodominicano.com\/wp-content\/uploads\/2024\/04\/Ney-Arias-Lora-valorado-como-uno-de-los-principales-hospitales-de-RD-en-cumplimiento-de-programas-de-residencias-medicas-y-subespecialidades-1-1024x682.jpg 1024w, https:\/\/diariodominicano.com\/wp-content\/uploads\/2024\/04\/Ney-Arias-Lora-valorado-como-uno-de-los-principales-hospitales-de-RD-en-cumplimiento-de-programas-de-residencias-medicas-y-subespecialidades-1-300x200.jpg 300w, https:\/\/diariodominicano.com\/wp-content\/uploads\/2024\/04\/Ney-Arias-Lora-valorado-como-uno-de-los-principales-hospitales-de-RD-en-cumplimiento-de-programas-de-residencias-medicas-y-subespecialidades-1-768x512.jpg 768w, https:\/\/diariodominicano.com\/wp-content\/uploads\/2024\/04\/Ney-Arias-Lora-valorado-como-uno-de-los-principales-hospitales-de-RD-en-cumplimiento-de-programas-de-residencias-medicas-y-subespecialidades-1-1536x1023.jpg 1536w, https:\/\/diariodominicano.com\/wp-content\/uploads\/2024\/04\/Ney-Arias-Lora-valorado-como-uno-de-los-principales-hospitales-de-RD-en-cumplimiento-de-programas-de-residencias-medicas-y-subespecialidades-1-816x544.jpg 816w, https:\/\/diariodominicano.com\/wp-content\/uploads\/2024\/04\/Ney-Arias-Lora-valorado-como-uno-de-los-principales-hospitales-de-RD-en-cumplimiento-de-programas-de-residencias-medicas-y-subespecialidades-1.jpg 1600w\" sizes=\"auto, (max-width: 1024px) 100vw, 1024px\" \/><\/figure>\n<\/figure>\n\n\n\n<p>La gesti\u00f3n encabezada por el doctor Julio Landr\u00f3n, inici\u00f3 la apertura del Programa de Residencias M\u00e9dicas, donde se &nbsp;destacan las especialidades de &nbsp;Medicina de Emergencia y Desastres, Anestesiolog\u00eda y Reanimaci\u00f3n, as\u00ed como Medicina F\u00edsica y Rehabilitaci\u00f3n.<br>Asimismo, el centro hospitalario es el primero en el pa\u00eds en iniciar las subespecialidades de Artroscopia y Medicina Deportiva, Cirug\u00eda de Columna y Fijaci\u00f3n Externa y Reconstrucci\u00f3n \u00d3sea, las cuales son impartidas por los doctores V\u00edctor Rosario, Jos\u00e9 Luis D\u00edaz, Lizardi de la Cruz, Ysidro Rodr\u00edguez, Wendys Sepulveda y Martha Landa.<\/p>\n\n\n\n<p>El programa acad\u00e9mico fue dise\u00f1ado por un equipo de profesionales altamente capacitados tanto del hospital, as\u00ed como de la Universidad Aut\u00f3noma de Santo Domingo (UASD) y el Colegio M\u00e9dico Dominicano.<br>Asimismo, el centro de salud recibi\u00f3 del Ministerio de Educaci\u00f3n Superior Ciencia y Tecnolog\u00eda (MESCYT), la certificaci\u00f3n que o acredita como Universitario docente.<\/p>\n\n\n\n<p>De igual forma, durante el encuentro donde se le dio la bienvenida a los nuevos residentes, la direcci\u00f3n general, expresidentes de la Sociedad Dominicana de Ortopedia, dicha actividad estuvieron presentes adem\u00e1s de los residentes varios de los pasados presidentes de la Sociedad &nbsp;Dominicana de Ortopedia, presentaron la productividad del hospital, que se ha convertido en el &nbsp;principal centro de salud de referencia nacional e internacional, donde en el a\u00f1o 2023, &nbsp;se brind\u00f3 un mill\u00f3n 100 mil &nbsp; servicios, m\u00e1s de 15 mil cirug\u00edas, &nbsp;m\u00e1s de 108 mil &nbsp;consultas m\u00e9dicas.<\/p>\n\n\n\n<p>De su lado, el doctor &nbsp;Hilario Reyes P\u00e9rez, junto a la comisi\u00f3n presente valoraron el esfuerzo, sacrificio y el nivel acad\u00e9mico en que se encuentran los residentes y los sub especialistas en dicho hospital, que se ha convertido en un icono y principal referente de hospitales de trauma en el pa\u00eds.<\/p>\n\n\n\n<p>Los especialistas motivaron a el staff de profesores altamente calificados presentes en la actividad, continuar aportando sus conocimientos y experiencia a las futuras generaciones.<\/p>\n\n\n\n<p>&nbsp;As\u00ed se valor\u00f3 en el d\u00eda de hoy con la presencia del director &nbsp;nacional de residencias, el dr. Hilario Reyes P\u00e9rez, el asiste y encargado acad\u00e9mico de la Direcci\u00f3n Nacional de Residencias M\u00e9dicas dr. Carlos Rodr\u00edguez y el director m\u00e9dico de la Universidad Aut\u00f3noma de Santo Domingo (UASD) dr. ( ) Cuevas, recibieron la informaci\u00f3n, el nivel, la productividad y el nivel de capacitaci\u00f3n y cumplimiento de cada programa acad\u00e9mico de las Residencias y las Subespecialidades que iniciaron hace casi dos a\u00f1os en el Ney Arias Lora, como son: Emergenciolog\u00eda Anestesia, Fisiatr\u00eda y Rehabilitaci\u00f3n, Cirug\u00eda de Columna, Artroscopia y Medicina Deportiva, Fijaci\u00f3n Externa y reconstrucci\u00f3n \u00d3sea.<\/p>\n\n\n\n<p>Junto al doctor Landr\u00f3n estuvieron presentes los doctores V\u00edctor Rosario, &nbsp;subdirector m\u00e9dico; Rudolf Ferm\u00edn, jefe de ense\u00f1anza\u00b8 David Cuevas, subdirector acad\u00e9mico\u00b8 Juliana Fajardo, subdirectora de Planificaci\u00f3n de. Juliana Fajardo, subdirectora de planificaci\u00f3n.<br>&#8212;<\/p>\n\n\n\n<p><strong><br>HOSPITAL TRAUMATOL\u00d3GICO NEY ARIAS LORA<br>GERENCIA DE COMUNICACI\u00d3N Y RELACIONES P\u00daBLICAS<\/strong><\/p>\n","protected":false},"excerpt":{"rendered":"<p>SANTO DOMINGO.- El Hospital Universitario Docente Traumatol\u00f3gico Dr. Ney Arias Lora, fue valorado como uno de los principales hospitales del pa\u00eds en cumplir en un 95% los programas acad\u00e9micos de Residencias m\u00e9dicas, post grados y subespecialidades.La valoraci\u00f3n del centro fue realizada por &nbsp;los &nbsp;doctores Hilario Reyes, director de Residencias M\u00e9dicas del Ministerio de Salud P\u00fablica; [&hellip;]<\/p>\n","protected":false},"author":7,"featured_media":521174,"comment_status":"closed","ping_status":"","sticky":true,"template":"","format":"standard","meta":{"footnotes":""},"categories":[20,27],"tags":[],"class_list":["post-521061","post","type-post","status-publish","format-standard","has-post-thumbnail","hentry","category-dominicana-hoy","category-portada"],"_links":{"self":[{"href":"https:\/\/diariodominicano.com\/index.php?rest_route=\/wp\/v2\/posts\/521061","targetHints":{"allow":["GET"]}}],"collection":[{"href":"https:\/\/diariodominicano.com\/index.php?rest_route=\/wp\/v2\/posts"}],"about":[{"href":"https:\/\/diariodominicano.com\/index.php?rest_route=\/wp\/v2\/types\/post"}],"author":[{"embeddable":true,"href":"https:\/\/diariodominicano.com\/index.php?rest_route=\/wp\/v2\/users\/7"}],"replies":[{"embeddable":true,"href":"https:\/\/diariodominicano.com\/index.php?rest_route=%2Fwp%2Fv2%2Fcomments&post=521061"}],"version-history":[{"count":1,"href":"https:\/\/diariodominicano.com\/index.php?rest_route=\/wp\/v2\/posts\/521061\/revisions"}],"predecessor-version":[{"id":521176,"href":"https:\/\/diariodominicano.com\/index.php?rest_route=\/wp\/v2\/posts\/521061\/revisions\/521176"}],"wp:featuredmedia":[{"embeddable":true,"href":"https:\/\/diariodominicano.com\/index.php?rest_route=\/wp\/v2\/media\/521174"}],"wp:attachment":[{"href":"https:\/\/diariodominicano.com\/index.php?rest_route=%2Fwp%2Fv2%2Fmedia&parent=521061"}],"wp:term":[{"taxonomy":"category","embeddable":true,"href":"https:\/\/diariodominicano.com\/index.php?rest_route=%2Fwp%2Fv2%2Fcategories&post=521061"},{"taxonomy":"post_tag","embeddable":true,"href":"https:\/\/diariodominicano.com\/index.php?rest_route=%2Fwp%2Fv2%2Ftags&post=521061"}],"curies":[{"name":"wp","href":"https:\/\/api.w.org\/{rel}","templated":true}]}}