{"id":52106,"date":"2020-07-03T13:29:47","date_gmt":"2020-07-03T13:29:47","guid":{"rendered":"http:\/\/diariodominicano.ddns.net\/?p=52106"},"modified":"2020-07-03T13:29:47","modified_gmt":"2020-07-03T13:29:47","slug":"inafocam-inicia-maestria-en-educacion-especial-con-el-apoyo-de-unicaribe-y-la-nova-southeastern-university","status":"publish","type":"post","link":"https:\/\/diariodominicano.com\/?p=52106","title":{"rendered":"Inafocam inicia Maestr\u00eda en Educaci\u00f3n Especial con el apoyo de Unicaribe y la Nova Southeastern University&#13;"},"content":{"rendered":"<p><body><\/p>\n<p><img decoding=\"async\" src=\"img3\/Inafocam3-7-20.jpg\" \/>  <\/p>\n<p><span class=\"text1noticias\"> <\/span><\/p>\n<p><span class=\"text1noticias\">diariodominicano.com <\/span><\/p>\n<p><span class=\"text1noticias\"> <\/span><\/p>\n<p><span class=\"text1noticias\"> <\/span><\/p>\n<p><span class=\"text1noticias\">Santo Domingo, R. D., 3 de julio, 2020.- El Ministerio de Educaci\u00f3n (MINERD), a trav\u00e9s del Instituto Nacional de Formaci\u00f3n y Capacitaci\u00f3n del Magisterio (Inafocam) dio inicio a la Maestr\u00eda en Ciencias con Especializaci\u00f3n en Educaci\u00f3n Especial con el apoyo acad\u00e9mico de la Universidad del Caribe (Unicaribe) y la Nova Southeastern University, de La Florida <\/span><\/p>\n<p><span class=\"text1noticias\"> <\/span><\/p>\n<p><span class=\"text1noticias\"> Los docentes   participantes pertenecen a las \u00e1reas de Psicolog\u00eda y Orientaci\u00f3n Escolar, los cuales tendr\u00e1n la oportunidad de elevar sus capacidades con el objetivo de ser m\u00e1s efectivos en la ense\u00f1anza de los estudiantes con necesidades especiales para el aprendizaje. <\/span><\/p>\n<p><span class=\"text1noticias\"> <\/span><\/p>\n<p><span class=\"text1noticias\">El programa de Maestr\u00eda que est\u00e1 dirigido a 20 profesionales de la educaci\u00f3n en el \u00e1rea de la ense\u00f1anza en Educaci\u00f3n Especial en los niveles Inicial, Primario y Secundario del sistema escolar, contiene un plan de estudios de 36 cr\u00e9ditos y 12 asignaturas. Se desarrollar\u00e1 en dos a\u00f1os distribuidos en seis cuatrimestres, con carga m\u00e1xima por cuatrimestre de nueve cr\u00e9ditos. <\/span><\/p>\n<p><span class=\"text1noticias\"> <\/span><\/p>\n<p><span class=\"text1noticias\">Durante el desarrollo de este postgrado se pretende que los participantes adquieran habilidades para el liderazgo, dise\u00f1o de evaluaci\u00f3n, adaptaci\u00f3n curricular, aplicaci\u00f3n de nuevos conceptos did\u00e1cticos para la Educaci\u00f3n Especial y el uso adecuado de las tecnolog\u00edas de la informaci\u00f3n y la comunicaci\u00f3n, TIC. <\/span><\/p>\n<p><span class=\"text1noticias\"> <\/span><\/p>\n<p><span class=\"text1noticias\">Para su implementaci\u00f3n y como metodolog\u00eda de ense\u00f1anza se articular\u00e1 teor\u00eda y pr\u00e1ctica, as\u00ed como docencia e investigaci\u00f3n en los cuales se realizar\u00e1n trabajos, seminarios, presentaciones de proyectos, estudios de casos, elaboraci\u00f3n de informes y controles de lecturas.<\/span><\/p>\n<p><span class=\"text1noticias\"> <\/span><\/p>\n<p><span class=\"text1noticias\"> <\/span><\/p>\n<p><span class=\"text1noticias\">Asimismo, se espera que al concluir la maestr\u00eda los profesores beneficiarios del programa podr\u00e1n identificar y analizar problemas, al tiempo de proponer y justificar la soluci\u00f3n m\u00e1s apropiada a un problema en particular con su argumentaci\u00f3n, entre otros objetivos.<\/span><\/p>\n<p><span class=\"text1noticias\"> <\/span><\/p>\n<p><span class=\"text1noticias\"> <\/span><\/p>\n<p><span class=\"text1noticias\"> <\/span><\/p>\n<p><span class=\"text1noticias\">Las clases se estar\u00e1n desarrollando de forma virtual a trav\u00e9s de Internet y la plataforma CANVAS, que dispone Nova Southeastern University y las   presenciales se realizar\u00e1n en las instalaciones de Unicaribe, los d\u00edas s\u00e1bado y domingo, en horario de 8.30 a.m. a 4.30 p.m. cuando la pandemia del coronavirus, COVID ? 19 no represente peligro para los participantes. <\/span><\/p>\n<p><span class=\"text1noticias\"> <\/span><\/p>\n<p><span class=\"text1noticias\">  Luego, para socializar el proyecto final, se desarrollar\u00e1 una actividad de cierre del programa despu\u00e9s de haber concluido con las responsabilidades acad\u00e9micas y haber puesto en pr\u00e1ctica lo aprendido. <\/span><\/p>\n<p><span class=\"text1noticias\"> <\/span><\/p>\n<p><span class=\"text1noticias\">Esta \u00faltima actividad es concebida como evidencia de los cambios que se van generando en sus centros educativos como resultado de dicha formaci\u00f3n. <\/span><\/p>\n<p><span class=\"text1noticias\"> <\/span><\/p>\n<p><span class=\"text1noticias\">El acto de inauguraci\u00f3n de la maestr\u00eda se realiz\u00f3 a trav\u00e9s de la plataforma zoom Meeting y el mismo comenz\u00f3 y cerr\u00f3 con la entonaci\u00f3n de las gloriosas notas del Himno Nacional de la Rep\u00fablica Dominicana<\/span><\/p>\n<p><span class=\"text1noticias\">  <\/span><\/p>\n<p><span class=\"text1noticias\"> <\/span><\/p>\n<p><span class=\"text1noticias\">Fuente: <\/span>Prensa MINERD<\/p>\n<p><span class=\"text1noticias\">Direcci\u00f3n de Comunicaci\u00f3n y Relaciones P\u00fablicas <\/span><\/p>\n<p><span class=\"text1noticias\">01 de julio, 2020  <\/span><\/p>\n<p><span class=\"text1noticias\">Licda. Magdalena Nu\u00f1ez<\/span><\/p>\n<p><span class=\"text1noticias\">Enc. Relaciones P\u00fablicas<\/span><\/p>\n<\/p>\n<h6> 2020-07-03 13:29:47 <\/h6>\n<p><!--\n<link rel=\"stylesheet\" href=\"css\/bootstrap.min.css\">\n\n\n<ul class=\"pagination\">\n\t    \n\t\n\n<li >\n\t<a href='?page_no=447'>Previous<\/a>\n\t<\/li>\n\n\n       \n    \n\n<li><a href='?page_no=1'>1<\/a><\/li>\n\n\n\n<li><a href='?page_no=2'>2<\/a><\/li>\n\n\n\n<li><a>...<\/a><\/li>\n\n\n\n<li><a href='?page_no=446'>446<\/a><\/li>\n\n\n\n<li><a href='?page_no=447'>447<\/a><\/li>\n\n\n\n<li class='active'><a>448<\/a><\/li>\n\n\n\n<li><a href='?page_no=449'>449<\/a><\/li>\n\n\n\n<li><a href='?page_no=450'>450<\/a><\/li>\n\n\n\n<li><a>...<\/a><\/li>\n\n\n\n<li><a href='?page_no=22911'>22911<\/a><\/li>\n\n\n\n<li><a href='?page_no=22912'>22912<\/a><\/li>\n\n    \n\t\n\n<li >\n\t<a href='?page_no=449'>Next<\/a>\n\t<\/li>\n\n\n    \n\n<li><a href='?page_no=22912'>Last &rsaquo;&rsaquo;<\/a><\/li>\n\n<\/ul>\n\n\n--><br \/>\n<\/body><\/p>\n","protected":false},"excerpt":{"rendered":"<p>diariodominicano.com Santo Domingo, R. D., 3 de julio, 2020.- El Ministerio de Educaci\u00f3n (MINERD), a trav\u00e9s del Instituto Nacional de Formaci\u00f3n y Capacitaci\u00f3n del Magisterio (Inafocam) dio inicio a la Maestr\u00eda en Ciencias con Especializaci\u00f3n en Educaci\u00f3n Especial con el apoyo acad\u00e9mico de la Universidad del Caribe (Unicaribe) y la Nova Southeastern University, de La [&hellip;]<\/p>\n","protected":false},"author":3,"featured_media":0,"comment_status":"open","ping_status":"open","sticky":false,"template":"","format":"standard","meta":{"footnotes":""},"categories":[21],"tags":[],"class_list":["post-52106","post","type-post","status-publish","format-standard","hentry","category-cultura"],"_links":{"self":[{"href":"https:\/\/diariodominicano.com\/index.php?rest_route=\/wp\/v2\/posts\/52106","targetHints":{"allow":["GET"]}}],"collection":[{"href":"https:\/\/diariodominicano.com\/index.php?rest_route=\/wp\/v2\/posts"}],"about":[{"href":"https:\/\/diariodominicano.com\/index.php?rest_route=\/wp\/v2\/types\/post"}],"author":[{"embeddable":true,"href":"https:\/\/diariodominicano.com\/index.php?rest_route=\/wp\/v2\/users\/3"}],"replies":[{"embeddable":true,"href":"https:\/\/diariodominicano.com\/index.php?rest_route=%2Fwp%2Fv2%2Fcomments&post=52106"}],"version-history":[{"count":0,"href":"https:\/\/diariodominicano.com\/index.php?rest_route=\/wp\/v2\/posts\/52106\/revisions"}],"wp:attachment":[{"href":"https:\/\/diariodominicano.com\/index.php?rest_route=%2Fwp%2Fv2%2Fmedia&parent=52106"}],"wp:term":[{"taxonomy":"category","embeddable":true,"href":"https:\/\/diariodominicano.com\/index.php?rest_route=%2Fwp%2Fv2%2Fcategories&post=52106"},{"taxonomy":"post_tag","embeddable":true,"href":"https:\/\/diariodominicano.com\/index.php?rest_route=%2Fwp%2Fv2%2Ftags&post=52106"}],"curies":[{"name":"wp","href":"https:\/\/api.w.org\/{rel}","templated":true}]}}