{"id":521001,"date":"2024-04-05T01:14:56","date_gmt":"2024-04-05T05:14:56","guid":{"rendered":"https:\/\/diariodominicano.com\/?p=521001"},"modified":"2024-04-05T01:14:56","modified_gmt":"2024-04-05T05:14:56","slug":"dominicanos-residentes-en-ny-nj-pa-y-ct-afectados-por-tormentas-de-lluvias-y-vientos","status":"publish","type":"post","link":"https:\/\/diariodominicano.com\/?p=521001","title":{"rendered":"Dominicanos residentes en NY, NJ, PA, y CT afectados por tormentas de lluvias y vientos"},"content":{"rendered":"\n<p><strong>Por Ram\u00f3n Mercedes<\/strong><\/p>\n\n\n\n<p><strong>NUEVA YORK.-<\/strong>&nbsp;Dominicanos residentes en este Estado, Nueva Jersey y Pensilvania, entre otros aleda\u00f1os, donde reside m\u00e1s de un mill\u00f3n de ellos, al igual que millones de estadounidenses, fueron afectados por las fuertes lluvias y vientos que azotaron la costa Este de Estados Unidos el pasado mi\u00e9rcoles.<\/p>\n\n\n\n<p>La inclemencia del tiempo provoc\u00f3 la ca\u00edda de miles de \u00e1rboles, muriendo una mujer al caerle uno encima del veh\u00edculo que conduc\u00eda en NJ, de cables el\u00e9ctricos, escombros e inundaciones en las v\u00edas, establecimientos comerciales con penetraci\u00f3n de agua, veh\u00edculos inundados, y veintenas de hogares y negocios quedaron sin electricidad, entre otros inconvenientes.<\/p>\n\n\n\n<p>Todav\u00eda la noche de este jueves autoridades en las diferentes ciudades se mantenian trabajando para volver a la normalidad, al igual que Con Edison para restablecer el servicio el\u00e9ctrico en miles de hogares.<\/p>\n\n\n\n<p>Durante todo el pasado mi\u00e9rcoles hasta la madrugada de este jueves, los citados Estados se volvieron semi-intransitable por los fuentes vientos y aguaceros. El Manejo de Emergencias de NYC inst\u00f3 a los neoyorquinos a utilizar el transporte p\u00fablico.<\/p>\n\n\n\n<p>Seg\u00fan los meteor\u00f3logos, se acumularon hasta tres pulgadas de lluvia en algunos sectores de dichos lugares. Las r\u00e1fagas de vientos alcanzaron hasta 90 kil\u00f3metros por horas.<\/p>\n","protected":false},"excerpt":{"rendered":"<p>Por Ram\u00f3n Mercedes NUEVA YORK.-&nbsp;Dominicanos residentes en este Estado, Nueva Jersey y Pensilvania, entre otros aleda\u00f1os, donde reside m\u00e1s de un mill\u00f3n de ellos, al igual que millones de estadounidenses, fueron afectados por las fuertes lluvias y vientos que azotaron la costa Este de Estados Unidos el pasado mi\u00e9rcoles. La inclemencia del tiempo provoc\u00f3 la [&hellip;]<\/p>\n","protected":false},"author":28,"featured_media":521002,"comment_status":"closed","ping_status":"","sticky":true,"template":"","format":"standard","meta":{"footnotes":""},"categories":[20,23,27],"tags":[],"class_list":["post-521001","post","type-post","status-publish","format-standard","has-post-thumbnail","hentry","category-dominicana-hoy","category-internacional","category-portada"],"_links":{"self":[{"href":"https:\/\/diariodominicano.com\/index.php?rest_route=\/wp\/v2\/posts\/521001","targetHints":{"allow":["GET"]}}],"collection":[{"href":"https:\/\/diariodominicano.com\/index.php?rest_route=\/wp\/v2\/posts"}],"about":[{"href":"https:\/\/diariodominicano.com\/index.php?rest_route=\/wp\/v2\/types\/post"}],"author":[{"embeddable":true,"href":"https:\/\/diariodominicano.com\/index.php?rest_route=\/wp\/v2\/users\/28"}],"replies":[{"embeddable":true,"href":"https:\/\/diariodominicano.com\/index.php?rest_route=%2Fwp%2Fv2%2Fcomments&post=521001"}],"version-history":[{"count":1,"href":"https:\/\/diariodominicano.com\/index.php?rest_route=\/wp\/v2\/posts\/521001\/revisions"}],"predecessor-version":[{"id":521003,"href":"https:\/\/diariodominicano.com\/index.php?rest_route=\/wp\/v2\/posts\/521001\/revisions\/521003"}],"wp:featuredmedia":[{"embeddable":true,"href":"https:\/\/diariodominicano.com\/index.php?rest_route=\/wp\/v2\/media\/521002"}],"wp:attachment":[{"href":"https:\/\/diariodominicano.com\/index.php?rest_route=%2Fwp%2Fv2%2Fmedia&parent=521001"}],"wp:term":[{"taxonomy":"category","embeddable":true,"href":"https:\/\/diariodominicano.com\/index.php?rest_route=%2Fwp%2Fv2%2Fcategories&post=521001"},{"taxonomy":"post_tag","embeddable":true,"href":"https:\/\/diariodominicano.com\/index.php?rest_route=%2Fwp%2Fv2%2Ftags&post=521001"}],"curies":[{"name":"wp","href":"https:\/\/api.w.org\/{rel}","templated":true}]}}