{"id":520988,"date":"2024-04-05T00:16:11","date_gmt":"2024-04-05T04:16:11","guid":{"rendered":"https:\/\/diariodominicano.com\/?p=520988"},"modified":"2024-04-05T00:16:11","modified_gmt":"2024-04-05T04:16:11","slug":"arapf-promueve-educacion-sanitaria-en-el-dia-mundial-de-la-salud-2024","status":"publish","type":"post","link":"https:\/\/diariodominicano.com\/?p=520988","title":{"rendered":"ARAPF promueve educaci\u00f3n sanitaria en el D\u00eda Mundial de la Salud 2024"},"content":{"rendered":"\n<ul class=\"wp-block-list\">\n<li>El D\u00eda Mundial de la Salud se centra en el tema \u00abMi salud, mi derecho\u00bb, destacando la creciente amenaza a la salud de millones de personas en todo el mundo de acuerdo con la <a href=\"https:\/\/www.paho.org\/es\/eventos\/dia-mundial-salud-2024-mi-salud-mi-derecho\">OMS.<\/a><\/li>\n<\/ul>\n\n\n\n<p><strong>Santo Domingo, 4 de abril del 2024. <\/strong>En el contexto del D\u00eda Mundial de la Salud, la Asociaci\u00f3n de Representantes, Agentes y Productores Farmac\u00e9uticos, Inc. (ARAPF) se suma al lema propuesto por la Organizaci\u00f3n Mundial de la Salud (OMS): \u00abMi Salud, Mi Derecho\u00bb. Reconociendo la importancia del acceso universal a servicios de salud, educaci\u00f3n e informaci\u00f3n, as\u00ed como a condiciones b\u00e1sicas de una vida digna.<\/p>\n\n\n\n<p>Este a\u00f1o, el tema seleccionado para destacar el derecho de todas las personas, en cualquier lugar, a acceder a servicios de salud integrales, educaci\u00f3n sanitaria, condiciones ambientales seguras y justas, entre otros aspectos fundamentales para una vida plena, encuentra resonancia en el compromiso de ARAPF con los pacientes.<\/p>\n\n\n\n<p>ARAPF a trav\u00e9s de la \u00abGu\u00eda de Buenas Pr\u00e1cticas para la Seguridad del Paciente\u00bb, ha desempe\u00f1ado un papel activo en la promoci\u00f3n de comportamientos saludables y estilos de vida responsables al ofrecer informaci\u00f3n pr\u00e1ctica y relevante en el \u00e1mbito sanitario.<\/p>\n\n\n\n<p>\u00abEstamos comprometidos en promover la salud y la seguridad del paciente en todas sus facetas. Esta gu\u00eda no solo enfatiza la importancia de la correcta utilizaci\u00f3n de medicamentos e insumos m\u00e9dicos, sino que tambi\u00e9n promueve el autocuidado responsable y pr\u00e1cticas de seguridad en el \u00e1mbito de la salud\u00bb, afirm\u00f3 Juan Miguel Madera, vicepresidente ejecutivo de ARAPF.<\/p>\n\n\n\n<p>Este compromiso de la entidad con la salud dominicana se evidencia en otros materiales elaborados como el \u201cManual de Buenas Pr\u00e1cticas\u201d en el que resalta sus principios fundamentales con el sector, as\u00ed como el fomento de la cooperaci\u00f3n con los profesionales de la salud, autoridades y dem\u00e1s actores interesados en contribuir con la constante superaci\u00f3n en materia de salud en el pa\u00eds.<\/p>\n\n\n\n<p>De acuerdo con el Sr. Madera, los asociados de ARAPF contribuyen a la salud p\u00fablica ofreciendo productos de la m\u00e1s alta calidad; no solo en su composici\u00f3n, sino tambi\u00e9n en su forma de administraci\u00f3n en beneficio de los pacientes y consumidores.<\/p>\n\n\n\n<p>En un mundo en constante transformaci\u00f3n, donde los desaf\u00edos de salud p\u00fablica son cada vez m\u00e1s complejos, ARAPF reitera su compromiso con el bienestar y la salud de la comunidad. \u201cEs un buen momento para recordar que la salud es un derecho humano fundamental que debe ser protegido y promovido para el beneficio de todos\u201d, enfatiz\u00f3 Madera.<\/p>\n\n\n\n<p><strong><u>Sobre ARAPF<\/u><\/strong><\/p>\n\n\n\n<p>La Asociaci\u00f3n de Representantes, Agentes y Productores Farmac\u00e9uticos, Inc. (ARAPF), creada hace 75 a\u00f1os con la finalidad de agrupar y representar a las empresas del sector, as\u00ed como promover la constante actualizaci\u00f3n y mejoramiento de la actividad en el sector salud de Rep\u00fablica Dominicana, colaborando con el desarrollo del pa\u00eds, especialmente en el \u00e1mbito de la salud. Desde su fundaci\u00f3n, ARAPF ha convocado al sector para luchar contra el comercio il\u00edcito de medicamentos y productos vinculados a la salud, aunando esfuerzos con las autoridades dominicanas y a trav\u00e9s de sus asociados ser proveedores de productos de alta calidad para garantizar el bienestar de los dominicanos. En el desarrollo del comercio, ARAPF promueve la libertad de empresa, la libre competencia, el respeto al derecho de patente y la pr\u00e1ctica de la m\u00e1s elevada moralidad seg\u00fan lo hace constar en su Manual de Buenas Pr\u00e1cticas para la Industria Farmac\u00e9utica, y brinda su cooperaci\u00f3n en los programas de salud dise\u00f1ados por las autoridades nacionales.<\/p>\n\n\n\n<p>Yanibel Luna<\/p>\n\n\n\n<p><a target=\"_blank\" href=\"mailto:yanibel.luna@llyc.global\" rel=\"noreferrer noopener\">yanibel.luna@llyc.global<\/a><\/p>\n","protected":false},"excerpt":{"rendered":"<p>Santo Domingo, 4 de abril del 2024. En el contexto del D\u00eda Mundial de la Salud, la Asociaci\u00f3n de Representantes, Agentes y Productores Farmac\u00e9uticos, Inc. (ARAPF) se suma al lema propuesto por la Organizaci\u00f3n Mundial de la Salud (OMS): \u00abMi Salud, Mi Derecho\u00bb. Reconociendo la importancia del acceso universal a servicios de salud, educaci\u00f3n e [&hellip;]<\/p>\n","protected":false},"author":28,"featured_media":0,"comment_status":"closed","ping_status":"","sticky":true,"template":"","format":"standard","meta":{"footnotes":""},"categories":[20,27],"tags":[],"class_list":["post-520988","post","type-post","status-publish","format-standard","hentry","category-dominicana-hoy","category-portada"],"_links":{"self":[{"href":"https:\/\/diariodominicano.com\/index.php?rest_route=\/wp\/v2\/posts\/520988","targetHints":{"allow":["GET"]}}],"collection":[{"href":"https:\/\/diariodominicano.com\/index.php?rest_route=\/wp\/v2\/posts"}],"about":[{"href":"https:\/\/diariodominicano.com\/index.php?rest_route=\/wp\/v2\/types\/post"}],"author":[{"embeddable":true,"href":"https:\/\/diariodominicano.com\/index.php?rest_route=\/wp\/v2\/users\/28"}],"replies":[{"embeddable":true,"href":"https:\/\/diariodominicano.com\/index.php?rest_route=%2Fwp%2Fv2%2Fcomments&post=520988"}],"version-history":[{"count":1,"href":"https:\/\/diariodominicano.com\/index.php?rest_route=\/wp\/v2\/posts\/520988\/revisions"}],"predecessor-version":[{"id":520989,"href":"https:\/\/diariodominicano.com\/index.php?rest_route=\/wp\/v2\/posts\/520988\/revisions\/520989"}],"wp:attachment":[{"href":"https:\/\/diariodominicano.com\/index.php?rest_route=%2Fwp%2Fv2%2Fmedia&parent=520988"}],"wp:term":[{"taxonomy":"category","embeddable":true,"href":"https:\/\/diariodominicano.com\/index.php?rest_route=%2Fwp%2Fv2%2Fcategories&post=520988"},{"taxonomy":"post_tag","embeddable":true,"href":"https:\/\/diariodominicano.com\/index.php?rest_route=%2Fwp%2Fv2%2Ftags&post=520988"}],"curies":[{"name":"wp","href":"https:\/\/api.w.org\/{rel}","templated":true}]}}