{"id":520925,"date":"2024-04-04T16:38:09","date_gmt":"2024-04-04T20:38:09","guid":{"rendered":"https:\/\/diariodominicano.com\/?p=520925"},"modified":"2024-04-04T22:04:23","modified_gmt":"2024-04-05T02:04:23","slug":"codue-considera-irracional-y-mal-fundada-posicion-de-amnistia-internacional-contra-rd","status":"publish","type":"post","link":"https:\/\/diariodominicano.com\/?p=520925","title":{"rendered":"CODUE considera \u00abirracional y mal fundada\u00bb posici\u00f3n de Amnist\u00eda Internacional contra RD"},"content":{"rendered":"\n<p>diariodominicano.com<\/p>\n\n\n\n<p><strong>Santo Domingo, R. D.,<\/strong>\u2002<strong>4 de abril, 2024.-<\/strong> El Consejo Dominicano de Unidad Evang\u00e9lica (CODUE) considera que la postura asumida por la organizaci\u00f3n Amnist\u00eda Internacional en contra de la Rep\u00fablica Dominicana en relaci\u00f3n al denominado \u00abtrato racista\u00bb, carece de toda racionalidad y mal fundamento, y responde a la injerencia que tratan de imponer a la fuerza sus pretensiones, atentando contra la identidad y la soberan\u00eda nacional.<br><br>El pastor Feliciano Lacen Custodio, dijo que dichas acusaciones son injustas e inaceptables y que naciones, u organismos internacionales basado en caprichos y pruebas no comprobadas, quieran \u00abpasarse de contentos\u00bb y trazar las pol\u00edticas migratorias contrarias a la voluntad del gobierno y los intereses del pa\u00eds, el cual tienen la suma potestad de establecer por ley quienes ingresan o no al territorio nacional.<br><br>\u00abDebe llamarnos a preocupaci\u00f3n de los nobles dominicanos y dominicanas las presiones y el descr\u00e9dito constante que ejercen las agencias de las Naciones Unidas, que quieren obligarnos a recibir a los nacionales haitianos antes la situaci\u00f3n de caos y confrontaciones de violencia y muerte que prevalece en Hait\u00ed\u00bb, a\u00f1adi\u00f3 Lacen Custodio.<br><br>El presidente de CODUE, sostuvo que es partidario de que el gobierno dominicano contin\u00fae el proceso seg\u00fan la ley migratoria dentro del marco del respeto a la Constituci\u00f3n, las leyes, la dignidad humana, los derechos humanos y el buen trato de estas personas creadas \u00aba imagen y semejanza del Creador\u00bb. Por la cual, como comunidad de fe, estamos en oraci\u00f3n por su pueblo y ciudadanos para que tengan paz.<br><br>El Pastor Feliciano Lacen sostiene que Rep\u00fablica Dominicana bajo ninguna circunstancia puede asumir la deuda acumulada del pueblo haitiano, mientras que esas naciones y organismos que hoy acusan a RD, hist\u00f3ricamente nunca han hecho nada, por el contrario, se cruzan de brazos indolentes frente a esa tragedia de nuestros vecinos.<br><br>Creemos que, si realmente desean ayudarlos, podr\u00edan crear campamentos de refugiados en territorio haitiano, para proteger las personas indefensas, proveerles salud y alimento, creando un cord\u00f3n humanitario en su mismo territorio, recordando que el problema central est\u00e1 en Puerto Pr\u00edncipe.<br><br>El CODUE, entiende que la situaci\u00f3n de Rep\u00fablica Dominicana y Hait\u00ed, es un problema complejo en todo el sentido de la palabra, pero entiende que el gobierno de presidente Luis Abinader debe asumir una postura clara y decidida y \u00abponer en su sitio\u00bb a los promotores de estas campa\u00f1as de la falacia y el chantaje, e irrespeto para los dominicanos.<br><br>Feliciano Lacen Custodio sostuvo que debemos seguir trabajando desde los diferentes espacios de influencia el tema de la dignidad y la identidad nacional como elementos de car\u00e1cter sagrado e innegociable, y contrarrestar de manera firme las \u00abacciones irreverentes\u00bb de grupos econ\u00f3micos fuertes que quieren doblegar a la naci\u00f3n con acusaciones malintencionadas.<br><strong>Alexis Rprensa<\/strong> <\/p>\n","protected":false},"excerpt":{"rendered":"<p>diariodominicano.com Santo Domingo, R. D.,\u20024 de abril, 2024.- El Consejo Dominicano de Unidad Evang\u00e9lica (CODUE) considera que la postura asumida por la organizaci\u00f3n Amnist\u00eda Internacional en contra de la Rep\u00fablica Dominicana en relaci\u00f3n al denominado \u00abtrato racista\u00bb, carece de toda racionalidad y mal fundamento, y responde a la injerencia que tratan de imponer a la [&hellip;]<\/p>\n","protected":false},"author":5,"featured_media":520926,"comment_status":"closed","ping_status":"","sticky":true,"template":"","format":"standard","meta":{"footnotes":""},"categories":[20,27],"tags":[],"class_list":["post-520925","post","type-post","status-publish","format-standard","has-post-thumbnail","hentry","category-dominicana-hoy","category-portada"],"_links":{"self":[{"href":"https:\/\/diariodominicano.com\/index.php?rest_route=\/wp\/v2\/posts\/520925","targetHints":{"allow":["GET"]}}],"collection":[{"href":"https:\/\/diariodominicano.com\/index.php?rest_route=\/wp\/v2\/posts"}],"about":[{"href":"https:\/\/diariodominicano.com\/index.php?rest_route=\/wp\/v2\/types\/post"}],"author":[{"embeddable":true,"href":"https:\/\/diariodominicano.com\/index.php?rest_route=\/wp\/v2\/users\/5"}],"replies":[{"embeddable":true,"href":"https:\/\/diariodominicano.com\/index.php?rest_route=%2Fwp%2Fv2%2Fcomments&post=520925"}],"version-history":[{"count":3,"href":"https:\/\/diariodominicano.com\/index.php?rest_route=\/wp\/v2\/posts\/520925\/revisions"}],"predecessor-version":[{"id":520935,"href":"https:\/\/diariodominicano.com\/index.php?rest_route=\/wp\/v2\/posts\/520925\/revisions\/520935"}],"wp:featuredmedia":[{"embeddable":true,"href":"https:\/\/diariodominicano.com\/index.php?rest_route=\/wp\/v2\/media\/520926"}],"wp:attachment":[{"href":"https:\/\/diariodominicano.com\/index.php?rest_route=%2Fwp%2Fv2%2Fmedia&parent=520925"}],"wp:term":[{"taxonomy":"category","embeddable":true,"href":"https:\/\/diariodominicano.com\/index.php?rest_route=%2Fwp%2Fv2%2Fcategories&post=520925"},{"taxonomy":"post_tag","embeddable":true,"href":"https:\/\/diariodominicano.com\/index.php?rest_route=%2Fwp%2Fv2%2Ftags&post=520925"}],"curies":[{"name":"wp","href":"https:\/\/api.w.org\/{rel}","templated":true}]}}