{"id":520916,"date":"2024-04-04T16:01:20","date_gmt":"2024-04-04T20:01:20","guid":{"rendered":"https:\/\/diariodominicano.com\/?p=520916"},"modified":"2024-04-04T16:01:20","modified_gmt":"2024-04-04T20:01:20","slug":"con-la-presencia-de-la-vicepresidenta-raquel-pena-fenatrado-juramenta-su-nuevo-comite-ejecutivo","status":"publish","type":"post","link":"https:\/\/diariodominicano.com\/?p=520916","title":{"rendered":"Con la presencia de la vicepresidenta Raquel Pe\u00f1a, Fenatrado juramenta su nuevo Comit\u00e9 Ejecutivo"},"content":{"rendered":"\n<p>diariodominicano.com<\/p>\n\n\n\n<p>Santo Domingo, R. D., 4 de abril, 2024.- Con la presencia de la vicepresidenta\u00a0<strong>Raquel Pe\u00f1a<\/strong>, fue juramentado el nuevo Comit\u00e9 Ejecutivo de la\u00a0<strong>Federaci\u00f3n Nacional de Transporte Dominicano<\/strong>, que presidir\u00e1 nuevamente\u00a0<strong>Ricardo de los Santos<\/strong>\u00a0para el periodo 2024-2028.<\/p>\n\n\n\n<p>Durante la celebraci\u00f3n del&nbsp;<strong>XXIX Congreso Nacional Ordinario de Fenatrado,<\/strong>&nbsp;dedicado a Ram\u00f3n de Luna, mejor conocido como \u201cCoca Cola\u201d, los miembros del Comit\u00e9 Ejecutivo prometieron continuar con su&nbsp;<strong>dedicaci\u00f3n y sacrificio<\/strong>&nbsp;para contribuir con el impulso y el desarrollo del pa\u00eds.&nbsp;<\/p>\n\n\n\n<p>Tras ser juramentado por la Comisi\u00f3n Electoral, el presidente de Fenatrado, Ricardo de los Santos destac\u00f3&nbsp;<strong>la fortaleza del gremio y sus&nbsp; aportes a la democracia.<\/strong><\/p>\n\n\n\n<p><em>\u201cEn el marco de este XXIX Congreso de Fenatrado, hemos considerado los temas de la modernidad, la eficiencia, la seguridad, y la protecci\u00f3n del medio ambiente como ejes tem\u00e1ticos esenciales. Estos deben servirnos de gu\u00eda para mejorar la calidad de nuestro servicio al Estado, a la industria, al comercio, la miner\u00eda,&nbsp; la construcci\u00f3n y a todos los sectores, para el bienestar del pueblo dominicano\u201d.<\/em><\/p>\n\n\n<div class=\"wp-block-image\">\n<figure class=\"alignleft is-resized\"><img decoding=\"async\" src=\"https:\/\/presidencia.gob.do\/sites\/default\/files\/inline-images\/WhatsApp%20Image%202024-04-04%20at%202.34.26%20PM.jpeg\" alt=\"\" style=\"width:242px;height:auto\"\/><\/figure>\n<\/div>\n\n\n<p>De los Santos valor\u00f3 los esfuerzos que ha hecho el Gobierno para ayudar a&nbsp;<strong>modernizar el sector del transporte<\/strong>.&nbsp;<em>\u201cEn cuanto a la modernizaci\u00f3n de nuestro sector, el presidente de la Rep\u00fablica nos ha expresado su preocupaci\u00f3n en lo referente a la necesidad de la renovaci\u00f3n del parque vehicular, ya que la&nbsp; mejora de nuestras unidades influir\u00eda en la seguridad y eficiencia del servicio. A esos fines, nuestro Presidente ha estado pendiente a la posibilidad de usar un combustible menos contaminante y m\u00e1s econ\u00f3mico\u201d<\/em>, agreg\u00f3.<\/p>\n\n\n\n<p>El presidente de Fenatrado afirm\u00f3 que la federaci\u00f3n es una&nbsp;<strong>organizaci\u00f3n robusta<\/strong>&nbsp;con m\u00e1s de&nbsp;<strong>90,000 afiliados<\/strong>, organizados en&nbsp;<strong>217 sindicatos y asociaciones<\/strong>&nbsp;ubicados en toda la geograf\u00eda nacional y con una importante presencia a otros niveles sociales y pol\u00edticos.&nbsp;<\/p>\n\n\n\n<p>Precis\u00f3 que la Federaci\u00f3n Nacional de Transporte Dominicano tiene como principal objetivo mejorar su capacidad de gesti\u00f3n para ofrecer un mejor servicio a sus clientes y mantener una&nbsp;<strong>vinculaci\u00f3n permanente con el Gobierno y los diferentes&nbsp; sectores&nbsp; de la&nbsp; sociedad.<\/strong><\/p>\n\n\n\n<p>Dijo que como parte de ese compromiso con el desarrollo social contin\u00faan firmes en el prop\u00f3sito de ser parte en la din\u00e1mica del proceso de impulsar planes y programas que les permitan seguir avanzando en el desarrollo de la naci\u00f3n.&nbsp;<\/p>\n\n\n\n<p>En ese sentido, afirm\u00f3 que han asumido un&nbsp;<strong>rol proactivo<\/strong>&nbsp;al crear la&nbsp;<strong>Escuela Nacional de Choferes de Veh\u00edculos Pesados,<\/strong>&nbsp; para formar mejores camioneros y mejores ciudadanos, elevando el nivel c\u00edvico, la educaci\u00f3n vial y su compromiso social. Para esto ha sido clave el acuerdo establecido con el Instituto Nacional de Formaci\u00f3n T\u00e9cnico Profesional&nbsp;<strong>(Infotep)<\/strong>&nbsp;y con el Instituto Nacional de Tr\u00e1nsito y Transporte Terrestre&nbsp;<strong>(Intrant)<\/strong>.<\/p>\n\n\n\n<p>Junto con los dem\u00e1s miembros del Comit\u00e9 Ejecutivo y el Consejo de Disciplina, Ricardo de los Santos garantiz\u00f3 que continuar\u00e1n asumiendo con responsabilidad el compromiso con sus afiliados y con el pueblo dominicano.<\/p>\n\n\n\n<p>Al acto de juramentaci\u00f3n de la directiva de la entidad asistieron destacadas personalidades, entre estas,&nbsp;<strong>Hip\u00f3lito Mej\u00eda<\/strong>, expresidente de la Rep\u00fablica Dominicana;&nbsp;<strong>Carolina Mej\u00eda<\/strong>, alcaldesa del Distrito Nacional;&nbsp;<strong>Joel Santos<\/strong>, ministro de la Presidencia, y&nbsp;<strong>Luis Miguel De Camps<\/strong>, ministro de Trabajo.<\/p>\n\n\n\n<p>Tambi\u00e9n,&nbsp;<strong>V\u00edctor Bison\u00f3<\/strong>, ministro de Industria, Comercio y Mipymes;&nbsp;&nbsp;<strong>Rafael Santos<\/strong>, director general del Instituto Nacional de Formaci\u00f3n T\u00e9cnico Profesional (Infotep);&nbsp;<strong>Eduardo Sanz Lovat\u00f3n<\/strong>, director general de Aduanas, y&nbsp;&nbsp;<strong>Randolfo Rijo<\/strong>, director ejecutivo del Instituto Nacional de Tr\u00e1nsito y Transporte Terrestre (Intrant), y&nbsp;<strong>Guillermo Moreno<\/strong>, candidato a senador por el Distrito Nacional.&nbsp;<\/p>\n\n\n\n<p>Tambi\u00e9n asistieron\u00a0<strong>Jacobo Ramos<\/strong>, presidente de la CNTD;\u00a0\u00a0<strong>Gabriel del R\u00edo<\/strong>, presidente de la CASC;\u00a0\u00a0<strong>Rafael -Pepe- Abreu<\/strong>,\u00a0 de la CNUS;\u00a0<strong>Jean Carlos Marte<\/strong>, vicepresidente de Conatra;\u00a0\u00a0<strong>William Per\u00e9z<\/strong>\u00a0Figuereo, de CNTU, y\u00a0\u00a0<strong>Santiago Zamora<\/strong>,\u00a0 de los Taxistas de Turismo y otros representantes del sector del transporte.<\/p>\n\n\n\n<p>Fuente: Direcci\u00f3n de Estrategia y Comunicaci\u00f3n<\/p>\n\n\n\n<p>Ministerio Administrativo de la Presidencia de la Rep\u00fablica Dominicana<\/p>\n","protected":false},"excerpt":{"rendered":"<p>diariodominicano.com Santo Domingo, R. D., 4 de abril, 2024.- Con la presencia de la vicepresidenta\u00a0Raquel Pe\u00f1a, fue juramentado el nuevo Comit\u00e9 Ejecutivo de la\u00a0Federaci\u00f3n Nacional de Transporte Dominicano, que presidir\u00e1 nuevamente\u00a0Ricardo de los Santos\u00a0para el periodo 2024-2028. Durante la celebraci\u00f3n del&nbsp;XXIX Congreso Nacional Ordinario de Fenatrado,&nbsp;dedicado a Ram\u00f3n de Luna, mejor conocido como \u201cCoca Cola\u201d, [&hellip;]<\/p>\n","protected":false},"author":5,"featured_media":520917,"comment_status":"closed","ping_status":"","sticky":true,"template":"","format":"standard","meta":{"footnotes":""},"categories":[20,27],"tags":[],"class_list":["post-520916","post","type-post","status-publish","format-standard","has-post-thumbnail","hentry","category-dominicana-hoy","category-portada"],"_links":{"self":[{"href":"https:\/\/diariodominicano.com\/index.php?rest_route=\/wp\/v2\/posts\/520916","targetHints":{"allow":["GET"]}}],"collection":[{"href":"https:\/\/diariodominicano.com\/index.php?rest_route=\/wp\/v2\/posts"}],"about":[{"href":"https:\/\/diariodominicano.com\/index.php?rest_route=\/wp\/v2\/types\/post"}],"author":[{"embeddable":true,"href":"https:\/\/diariodominicano.com\/index.php?rest_route=\/wp\/v2\/users\/5"}],"replies":[{"embeddable":true,"href":"https:\/\/diariodominicano.com\/index.php?rest_route=%2Fwp%2Fv2%2Fcomments&post=520916"}],"version-history":[{"count":1,"href":"https:\/\/diariodominicano.com\/index.php?rest_route=\/wp\/v2\/posts\/520916\/revisions"}],"predecessor-version":[{"id":520918,"href":"https:\/\/diariodominicano.com\/index.php?rest_route=\/wp\/v2\/posts\/520916\/revisions\/520918"}],"wp:featuredmedia":[{"embeddable":true,"href":"https:\/\/diariodominicano.com\/index.php?rest_route=\/wp\/v2\/media\/520917"}],"wp:attachment":[{"href":"https:\/\/diariodominicano.com\/index.php?rest_route=%2Fwp%2Fv2%2Fmedia&parent=520916"}],"wp:term":[{"taxonomy":"category","embeddable":true,"href":"https:\/\/diariodominicano.com\/index.php?rest_route=%2Fwp%2Fv2%2Fcategories&post=520916"},{"taxonomy":"post_tag","embeddable":true,"href":"https:\/\/diariodominicano.com\/index.php?rest_route=%2Fwp%2Fv2%2Ftags&post=520916"}],"curies":[{"name":"wp","href":"https:\/\/api.w.org\/{rel}","templated":true}]}}