{"id":520876,"date":"2024-04-04T12:10:44","date_gmt":"2024-04-04T16:10:44","guid":{"rendered":"https:\/\/diariodominicano.com\/?p=520876"},"modified":"2024-04-04T12:19:54","modified_gmt":"2024-04-04T16:19:54","slug":"acroarte-dedicara-gala-del-premio-al-merito-periodistico-2024-al-locutor-ruben-camilo","status":"publish","type":"post","link":"https:\/\/diariodominicano.com\/?p=520876","title":{"rendered":"Acroarte dedicar\u00e1 gala del Premio al M\u00e9rito Period\u00edstico 2024 al locutor Rub\u00e9n Camilo"},"content":{"rendered":"\n<p>diariodominicano.com<\/p>\n\n\n\n<p><em>En esta edici\u00f3n tambi\u00e9n ser\u00e1n reconocidos los reconocidos cronistas Marino Guzm\u00e1n, de Santo Domingo; Isabel Cordero, de la filial de Florida, Birmania R\u00edos, de la Filial de Nueva York y Nelly Mirabal de la filial Santiago.<\/em><\/p>\n\n\n\n<p>Santo Domingo, R. D., 4 de abril, 2024.- La Asociaci\u00f3n de Cronistas de Arte (Acroarte) anunci\u00f3 la celebraci\u00f3n de la d\u00e9cimo tercera edici\u00f3n del \u201cPremio Acroarte al M\u00e9rito Period\u00edstico 2024\u201d, dedicada al miembro fundador y maestro de la locuci\u00f3n Rub\u00e9n Camilo.<\/p>\n\n\n\n<p>La ceremonia se llevar\u00e1 a cabo el martes 23 de abril en el Hotel Catalonia Santo Domingo donde tambi\u00e9n ser\u00e1n reconocidos por sus connotadas trayectorias profesionales otros reconocidos miembros del gremio period\u00edstico en las distintas filiales: el veterano comunicador Marino Guzm\u00e1n por Santo Domingo; Isabel Cordero por la filial de Florida, la presentadora de noticias Birmania R\u00edos, por la Filial de Nueva York, y la periodista Nelly Mirabal, por la filial de Santiago.<\/p>\n\n\n\n<p>La presidente de Acroarte, Wanda S\u00e1nchez, inform\u00f3 que estos cinco miembros han sido seleccionados tanto por su impronta personal como por su dilatada carrera profesional que prestigia los escenarios de la comunicaci\u00f3n, con una trayectoria apegada a los criterios de la excelencia y de los valores \u00e9ticos y morales.<\/p>\n\n\n\n<p>Con m\u00e1s de cuarenta a\u00f1os en los medios de comunicaci\u00f3n, Rub\u00e9n Camilo es una de las voces m\u00e1s importantes de la locuci\u00f3n dominicana. Este miembro fundador de Acroarte inici\u00f3 su carrera en la radio a principios del a\u00f1o 1969 y a mediados de los a\u00f1os 70 se convirti\u00f3 en el director m\u00e1s joven de una emisora en Radio Visi\u00f3n. En su exitosa carrera profesional, ha sido designado director de importantes estaciones como Radio Comercial, S\u00faper Q, Ritmo 96, Cadena Espacial, entre otras. Fue presidente de la Comisi\u00f3n Nacional de Espect\u00e1culos P\u00fablicos y Radiofon\u00eda a finales de los a\u00f1os 90 y ha sido merecedor de los premios m\u00e1s importantesa del \u00e1mbito de la locuci\u00f3n en la Rep\u00fablica Dominicana como Premios Casadra y el Gran Micr\u00f3fono de Oro.<\/p>\n\n\n\n<p>Mientras, Marino Guzm\u00e1n es uno de los comunicadores y locutores m\u00e1s destacados de los a\u00f1os 80.&nbsp; Fue fundador del prestigioso matutino radial de \u00abEl Gobierno de la Ma\u00f1ana\u00bb de la Z101 con Willy Rodr\u00edguez. Conocido popularmente como \u00abEl Mism\u00edsimo\u00bb fue uno de los locutores musicales m\u00e1s populares de Radio Universal.&nbsp; Fue voz en off del popular programa televisivo El Show del Mediod\u00eda. En su larga trayectoria ha recibido importantes reconocimientos como un premio El Dorado, en 1981.<\/p>\n\n\n\n<p>Birmania R\u00edos, con 30 a\u00f1os de experiencia en la televisi\u00f3n hispana de Estados Unidos lo cual la convirti\u00f3 en uno de los rostros m\u00e1s conocidos y queridos de los latinos que residen en la ciudad de Nueva York. Inici\u00f3 su carrera como presentadora del tiempo en Telemundo y luego se desempe\u00f1\u00f3 por m\u00e1s de dos d\u00e9cadas como presentadora de noticias de Univisi\u00f3n y corresponsal para el reconocido programa matutino Despierta Am\u00e9rica.<\/p>\n\n\n<div class=\"wp-block-image\">\n<figure class=\"alignright size-full is-resized\"><img loading=\"lazy\" decoding=\"async\" width=\"655\" height=\"960\" src=\"https:\/\/diariodominicano.com\/wp-content\/uploads\/2024\/04\/Isabel-Cordero-Filial-Acroarte-Florida4-4-24.jpeg\" alt=\"\" class=\"wp-image-520883\" style=\"width:216px;height:auto\" srcset=\"https:\/\/diariodominicano.com\/wp-content\/uploads\/2024\/04\/Isabel-Cordero-Filial-Acroarte-Florida4-4-24.jpeg 655w, https:\/\/diariodominicano.com\/wp-content\/uploads\/2024\/04\/Isabel-Cordero-Filial-Acroarte-Florida4-4-24-205x300.jpeg 205w\" sizes=\"auto, (max-width: 655px) 100vw, 655px\" \/><\/figure>\n<\/div>\n\n\n<p>Isabel Cordero fue la primera periodista de habla hispana que fund\u00f3 un peri\u00f3dico en Espa\u00f1ol en la Florida central. Es locutora, periodista y miembro fundador de Acroarte, cantautora y escritora. Por varios a\u00f1os trabaj\u00f3 como editora del peri\u00f3dico El Dominicano y fund\u00f3 el peri\u00f3dico El Mundo al d\u00eda. Es catedr\u00e1tica universitaria y escritora de varios libros considerados como 5 estrellas en Amazon.<\/p>\n\n\n\n<p>Desde la ciudad coraz\u00f3n, la periodista Nelly Mirabal posee una dilatada carrera profesional con un ejercicio muy completo en las tres ramas de la comunicaci\u00f3n: prensa escrita, televisi\u00f3n y radio. Fue fundadora del programa \u201cLa Chispa de la Ma\u00f1ana\u201d, junto al periodista y locutor Meraldo Ovalle. Labor\u00f3 para el peri\u00f3dico La Informaci\u00f3n y durante varios a\u00f1os fue conductora del popular programa \u201cUstedes y Nosotros\u201d. En la actualidad produce y conduce su programa \u201cEnt\u00e9rate con Nelly\u201d en Telemedios, Canal 25.<\/p>\n\n\n\n<p>&nbsp;\u201cSin dudas, estos son profesionales que prestigian nuestra instituci\u00f3n, de orgullo para nuestro pa\u00eds y que constituyen un ejemplo para las nuevas generaciones. Cada uno de ellos ha logrado dejar sus huellas en el sector que representa\u201d, destac\u00f3 Wanda S\u00e1nchez.<\/p>\n\n\n\n<p>La d\u00e9cimo tercera edici\u00f3n del Premio Acroarte al M\u00e9rito Period\u00edstico, fundado en el 2012, ser\u00e1 celebrado este pr\u00f3ximo 23 de abril con el patrocinio de Cervecer\u00eda Nacional Dominicana, el Ministerio de Turismo y el Banco Popular Dominicano.<\/p>\n\n\n\n<p>Jueves 4 de Abril 2024.<\/p>\n\n\n\n<p><strong>Asociaci\u00f3n de Cronistas de Arte&nbsp;<\/strong><strong>de la Rep\u00fablica Dominicana, Inc.<\/strong><\/p>\n","protected":false},"excerpt":{"rendered":"<p>diariodominicano.com En esta edici\u00f3n tambi\u00e9n ser\u00e1n reconocidos los reconocidos cronistas Marino Guzm\u00e1n, de Santo Domingo; Isabel Cordero, de la filial de Florida, Birmania R\u00edos, de la Filial de Nueva York y Nelly Mirabal de la filial Santiago. Santo Domingo, R. D., 4 de abril, 2024.- La Asociaci\u00f3n de Cronistas de Arte (Acroarte) anunci\u00f3 la celebraci\u00f3n [&hellip;]<\/p>\n","protected":false},"author":5,"featured_media":520877,"comment_status":"closed","ping_status":"","sticky":true,"template":"","format":"standard","meta":{"footnotes":""},"categories":[21,25,27],"tags":[],"class_list":["post-520876","post","type-post","status-publish","format-standard","has-post-thumbnail","hentry","category-cultura","category-gente","category-portada"],"_links":{"self":[{"href":"https:\/\/diariodominicano.com\/index.php?rest_route=\/wp\/v2\/posts\/520876","targetHints":{"allow":["GET"]}}],"collection":[{"href":"https:\/\/diariodominicano.com\/index.php?rest_route=\/wp\/v2\/posts"}],"about":[{"href":"https:\/\/diariodominicano.com\/index.php?rest_route=\/wp\/v2\/types\/post"}],"author":[{"embeddable":true,"href":"https:\/\/diariodominicano.com\/index.php?rest_route=\/wp\/v2\/users\/5"}],"replies":[{"embeddable":true,"href":"https:\/\/diariodominicano.com\/index.php?rest_route=%2Fwp%2Fv2%2Fcomments&post=520876"}],"version-history":[{"count":2,"href":"https:\/\/diariodominicano.com\/index.php?rest_route=\/wp\/v2\/posts\/520876\/revisions"}],"predecessor-version":[{"id":520884,"href":"https:\/\/diariodominicano.com\/index.php?rest_route=\/wp\/v2\/posts\/520876\/revisions\/520884"}],"wp:featuredmedia":[{"embeddable":true,"href":"https:\/\/diariodominicano.com\/index.php?rest_route=\/wp\/v2\/media\/520877"}],"wp:attachment":[{"href":"https:\/\/diariodominicano.com\/index.php?rest_route=%2Fwp%2Fv2%2Fmedia&parent=520876"}],"wp:term":[{"taxonomy":"category","embeddable":true,"href":"https:\/\/diariodominicano.com\/index.php?rest_route=%2Fwp%2Fv2%2Fcategories&post=520876"},{"taxonomy":"post_tag","embeddable":true,"href":"https:\/\/diariodominicano.com\/index.php?rest_route=%2Fwp%2Fv2%2Ftags&post=520876"}],"curies":[{"name":"wp","href":"https:\/\/api.w.org\/{rel}","templated":true}]}}