{"id":520860,"date":"2024-04-04T10:39:00","date_gmt":"2024-04-04T14:39:00","guid":{"rendered":"https:\/\/diariodominicano.com\/?p=520860"},"modified":"2024-04-04T10:39:00","modified_gmt":"2024-04-04T14:39:00","slug":"ee-uu-felicita-al-pueblo-de-senegal-con-ocasion-del-dia-nacional-de-senegal","status":"publish","type":"post","link":"https:\/\/diariodominicano.com\/?p=520860","title":{"rendered":"EE. UU. felicita al pueblo de Senegal con ocasi\u00f3n del D\u00eda Nacional de Senegal"},"content":{"rendered":"\n<p>04\/04\/2024 12:01 a.m.EDT<\/p>\n\n\n\n<p>Antony J. Blinken, Secretario de Estado<\/p>\n\n\n\n<p>En nombre de los Estados Unidos de Am\u00e9rica, felicito de todo coraz\u00f3n al pueblo de Senegal por celebrar su D\u00eda de la Independencia el 4 de abril.<\/p>\n\n\n\n<p>Aprovechamos esta ocasi\u00f3n especial para reafirmar nuestro apoyo al pueblo senegal\u00e9s y su compromiso duradero con las tradiciones democr\u00e1ticas de Senegal. Los fuertes v\u00ednculos entre Estados Unidos y Senegal, arraigados en nuestro deseo compartido de paz, seguridad y prosperidad, forman la base de nuestra estrecha asociaci\u00f3n y seguir\u00e1n si\u00e9ndolo en el futuro. Esperamos trabajar con el gobierno reci\u00e9n elegido de Senegal en las pr\u00f3ximas semanas.<\/p>\n\n\n\n<p>Mis mejores deseos para todos los senegaleses en este feliz d\u00eda.<\/p>\n\n\n\n<p>U.S. Department of State<\/p>\n\n\n\n<p><a target=\"_blank\" href=\"mailto:usstatebpa@public.govdelivery.com\" rel=\"noreferrer noopener\">usstatebpa@public.govdelivery.c<\/a><\/p>\n","protected":false},"excerpt":{"rendered":"<p>04\/04\/2024 12:01 a.m.EDT Antony J. Blinken, Secretario de Estado En nombre de los Estados Unidos de Am\u00e9rica, felicito de todo coraz\u00f3n al pueblo de Senegal por celebrar su D\u00eda de la Independencia el 4 de abril. Aprovechamos esta ocasi\u00f3n especial para reafirmar nuestro apoyo al pueblo senegal\u00e9s y su compromiso duradero con las tradiciones democr\u00e1ticas [&hellip;]<\/p>\n","protected":false},"author":28,"featured_media":482266,"comment_status":"closed","ping_status":"","sticky":false,"template":"","format":"standard","meta":{"footnotes":""},"categories":[26,23],"tags":[],"class_list":["post-520860","post","type-post","status-publish","format-standard","has-post-thumbnail","hentry","category-efemerides","category-internacional"],"_links":{"self":[{"href":"https:\/\/diariodominicano.com\/index.php?rest_route=\/wp\/v2\/posts\/520860","targetHints":{"allow":["GET"]}}],"collection":[{"href":"https:\/\/diariodominicano.com\/index.php?rest_route=\/wp\/v2\/posts"}],"about":[{"href":"https:\/\/diariodominicano.com\/index.php?rest_route=\/wp\/v2\/types\/post"}],"author":[{"embeddable":true,"href":"https:\/\/diariodominicano.com\/index.php?rest_route=\/wp\/v2\/users\/28"}],"replies":[{"embeddable":true,"href":"https:\/\/diariodominicano.com\/index.php?rest_route=%2Fwp%2Fv2%2Fcomments&post=520860"}],"version-history":[{"count":1,"href":"https:\/\/diariodominicano.com\/index.php?rest_route=\/wp\/v2\/posts\/520860\/revisions"}],"predecessor-version":[{"id":520861,"href":"https:\/\/diariodominicano.com\/index.php?rest_route=\/wp\/v2\/posts\/520860\/revisions\/520861"}],"wp:featuredmedia":[{"embeddable":true,"href":"https:\/\/diariodominicano.com\/index.php?rest_route=\/wp\/v2\/media\/482266"}],"wp:attachment":[{"href":"https:\/\/diariodominicano.com\/index.php?rest_route=%2Fwp%2Fv2%2Fmedia&parent=520860"}],"wp:term":[{"taxonomy":"category","embeddable":true,"href":"https:\/\/diariodominicano.com\/index.php?rest_route=%2Fwp%2Fv2%2Fcategories&post=520860"},{"taxonomy":"post_tag","embeddable":true,"href":"https:\/\/diariodominicano.com\/index.php?rest_route=%2Fwp%2Fv2%2Ftags&post=520860"}],"curies":[{"name":"wp","href":"https:\/\/api.w.org\/{rel}","templated":true}]}}