{"id":52084,"date":"2020-07-04T07:52:19","date_gmt":"2020-07-04T07:52:19","guid":{"rendered":"http:\/\/diariodominicano.ddns.net\/?p=52084"},"modified":"2020-07-04T07:52:19","modified_gmt":"2020-07-04T07:52:19","slug":"gobierno-espanol-de-la-anexion-fusila-a-francisco-del-rosario-sanchez-y-a-un-grupo-de-proceres","status":"publish","type":"post","link":"https:\/\/diariodominicano.com\/?p=52084","title":{"rendered":"Gobierno espa\u00f1ol de la Anexi\u00f3n fusila a Francisco del Rosario S\u00e1nchez y a un grupo de pr\u00f3ceres"},"content":{"rendered":"<p><body><\/p>\n<p><img decoding=\"async\" src=\"img3\/Francisco del Rosario Sanchez.jpg\" \/>  <\/p>\n<p><strong><span class=\"text1noticias\">Diariodominicano.com<\/span><\/strong><\/p>\n<p><strong><span class=\"text1noticias\">Gobierno espa\u00f1ol de la Anexi\u00f3n fusila a Francisco del Rosario S\u00e1nchez y a un grupo de pr\u00f3ceres<\/span><\/strong><\/p>\n<p><span class=\"text1noticias\">La sentencia del tribunal militar fue ejecutada el  d\u00eda 4 de julio de 1861, cuando S\u00e1nchez y sus compa\u00f1eros fueron fusilados en El Cercado.<\/span><\/p>\n<p><span class=\"text1noticias\">Por H\u00e9ctor Tineo Nolasco<\/span><\/p>\n<p><span class=\"text1noticias\">Diariodominicano.com<\/span><\/p>\n<\/p>\n<p><strong><span class=\"text1noticias\">SANTO DOMINGO, el  4 de julio de 1861, <\/span><\/strong><span class=\"text1noticias\">El Gobierno de Espa\u00f1a de la Anexi\u00f3n, fusil\u00f3 en El Cercado, San Juan de la Maguana, al pr\u00f3cer Francisco del Rosario S\u00e1nchez, y a un grupo de patriotas que lo acompa\u00f1aron en una incursi\u00f3n a Rep\u00fablica Dominicana en junio de 1861, para luchar contra la Anexi\u00f3n de la Rep\u00fablica Dominicana a Espa\u00f1a. Entraron por la fronteriza Rep\u00fablica de Hait\u00ed.<\/span><\/p>\n<\/p>\n<p><span class=\"text1noticias\">   <strong> Francisco del Rosario S\u00e1nchez, hab\u00eda sido herido el d\u00eda anterior al caer en una emboscada.<\/strong><\/span><\/p>\n<p><span class=\"text1noticias\"><strong>El  mismo d\u00eda 3 de julio de 1861, un Consejo de Guerra, encabezado por el general Domingo Lazala, conden\u00f3 a muerte a S\u00e1nchez y al  grupo de patriotas  que lo acompa\u00f1\u00f3. Adem\u00e1s de  S\u00e1nchez, fueron condenados a la pena capital  Juan Erazo, Benigno del Castillo, Francisco (Cefiro) Mart\u00ednez, Jos\u00e9 Antonio Figueroa,  Juan Drag\u00f3n, Le\u00f3n Garc\u00eda, Segundo Alc\u00e1ntara, Jos\u00e9 Corpor\u00e1n, Pedro Zorrilla, Jos\u00e9 de Jes\u00fas Paredes y Juan Gregorio Rinc\u00f3n.<\/strong><\/span><\/p>\n<p><span class=\"text1noticias\">  Tambi\u00e9n  Rudecindo de Le\u00f3n,  Manuel Baldemora,  Epifanio Jim\u00e9nez,  Romualdo (Tani) Montero, Domingo Pi\u00f1eyro y F\u00e9lix Mota. Francisco del Rosario S\u00e1nchez hab\u00eda entrado al pa\u00eds por el valle de San Juan  de la Maguana, en junio de 1861, para luchar contra la anexi\u00f3n de la Rep\u00fablica a Espa\u00f1a.<\/span><\/p>\n<p><span class=\"text1noticias\">    El general Jos\u00e9 Mar\u00eda Cabral, quien formaba parte del plan de S\u00e1nchez, logr\u00f3 huir y se refugi\u00f3 en la vecina Rep\u00fablica de Hait\u00ed.<\/span><\/p>\n<p><span class=\"text1noticias\">     La sentencia del tribunal militar fue ejecutada el  d\u00eda 4 de julio de 1861, cuando S\u00e1nchez y sus compa\u00f1eros fueron fusilados en El Cercado.<\/span><\/p>\n<p><span class=\"text1noticias\">   Desde que se enter\u00f3 de los planes del Presidente Pedro Santana  para anexar el pa\u00eds a Espa\u00f1a, Francisco del Rosario S\u00e1nchez inici\u00f3 un movimiento con el prop\u00f3sito de impedirlo. Luego dej\u00f3 su exilio en Saint Thomas y lleg\u00f3 a Hait\u00ed, para desde all\u00ed entrar al territorio nacional.<\/span><\/p>\n<p><span class=\"text1noticias\"><strong>El 20 de enero de 1861, el pr\u00f3cer dirigi\u00f3 una proclama al pueblo dominicano, en la que denunci\u00f3:<\/strong><\/span><\/p>\n<p><span class=\"text1noticias\"><strong>\u00abEl d\u00e9spota Pedro Santana, el enemigo de nuestras libertades, el plagiario de todos los tiranos, el esc\u00e1ndalo de la civilizaci\u00f3n, quiere eternizar su nombre y sellar para siempre nuestro bald\u00f3n, con un crimen casi nuevo en la historia. Este crimen es la muerte de la patria. La Rep\u00fablica est\u00e1 vendida al extranjero y el pabell\u00f3n de la cruz, muy presto, no tremolar\u00e1 m\u00e1s sobre vuestros alc\u00e1zares\u00bb.<\/strong><\/span><\/p>\n<\/p>\n<p><strong><span class=\"text1noticias\">    Asimismo, Francisco del Rosario S\u00e1nchez anot\u00f3: <\/span><\/strong><\/p>\n<\/p>\n<p><span class=\"text1noticias\">\u00abHe cre\u00eddo cumplir con un deber sagrado, poni\u00e9ndome al frente de la reacci\u00f3n que impida la ejecuci\u00f3n de tan criminales proyectos y deb\u00e9is concebir, desde luego, que en este movimiento revolucionario, ning\u00fan riesgo corren la independencia  ni vuestras libertades cuando lo organiza el instrumento de que se vali\u00f3 la providencia para enarbolar la primera bandera dominicana\u00bb.<\/span><\/p>\n<\/p>\n<p><strong><span class=\"text1noticias\">    En la proclama S\u00e1nchez llam\u00f3 la atenci\u00f3n de los dominicanos:<\/span><\/strong><\/p>\n<\/p>\n<p><span class=\"text1noticias\">\u00abHe pisado el territorio de la Rep\u00fablica entrando por Hait\u00ed, porque no pod\u00eda entrar por otra parte, exigi\u00e9ndolo as\u00ed, adem\u00e1s, la buena combinaci\u00f3n, y porque estoy persuadido, que esta Rep\u00fablica, con quien ayer cuando era imperio, combat\u00edamos por nuestra nacionalidad, est\u00e1 hoy tan empe\u00f1ada como nosotros porque la conservemos merced a la pol\u00edtica de un gabinete republicano, sabio y justo\u00bb.<\/span><\/p>\n<p><span class=\"text1noticias\">   \u00abM\u00e1s, si la maledicencia buscare pretextos para mancillar mi conducta, responder\u00e9is a cualquier cargo, diciendo en alta voz, aunque sin jactancia, que Yo Soy la Bandera Dominicana\u00bb.<\/span><\/p>\n<p><span class=\"text1noticias\">    S\u00e1nchez lleg\u00f3 a Hait\u00ed en abril de 1861 y logr\u00f3 reclutar a dominicanos exiliados y obtener recursos para formar una fuerza expedicionaria de 500 hombres\u00bb.<\/span><\/p>\n<p><span class=\"text1noticias\">     Tan pronto se produjo la Anexi\u00f3n de la Rep\u00fablica a Espa\u00f1a, el 18 de marzo de 1861,  surgieron protestas en distintas comunidades del pa\u00eds.<\/span><\/p>\n<p><span class=\"text1noticias\">    El 2 de mayo Jos\u00e9 Contreras con y un  grupo de ciudadanos de Moca, tomaron el cuartel militar de la comunidad, pero luego fueron detenidos y fusilados por las fuerzas militares del Gobierno anexionista.<\/span><\/p>\n<p><span class=\"text1noticias\">   Los actos de represi\u00f3n no lograron acabar con el movimiento que culmin\u00f3 con el grito de Capotillo, con el que se proclam\u00f3 la Restauraci\u00f3n de la Rep\u00fablica, el 16 de agosto de 1863.<\/span><\/p>\n<p><span class=\"text1noticias\">    El 10 de julio de 1865  se inici\u00f3 la  salida de los remanentes militares espa\u00f1oles que permanec\u00edan en el pa\u00eds.<\/span><\/p>\n<p><span class=\"text1noticias\">    Francisco del Rosario S\u00e1nchez se distingui\u00f3 por su valor y patriotismo. Su sacrificio m\u00e1s que una nota desalentadora, se convirti\u00f3 en una causa para luchar sin tregua contra la Anexi\u00f3n.<\/span><\/p>\n<\/p>\n<\/p>\n<\/p>\n<\/p>\n<h6> 2020-07-04 07:52:19 <\/h6>\n<p><!--\n<link rel=\"stylesheet\" href=\"css\/bootstrap.min.css\">\n\n\n<ul class=\"pagination\">\n\t    \n\t\n\n<li >\n\t<a href='?page_no=445'>Previous<\/a>\n\t<\/li>\n\n\n       \n    \n\n<li><a href='?page_no=1'>1<\/a><\/li>\n\n\n\n<li><a href='?page_no=2'>2<\/a><\/li>\n\n\n\n<li><a>...<\/a><\/li>\n\n\n\n<li><a href='?page_no=444'>444<\/a><\/li>\n\n\n\n<li><a href='?page_no=445'>445<\/a><\/li>\n\n\n\n<li class='active'><a>446<\/a><\/li>\n\n\n\n<li><a href='?page_no=447'>447<\/a><\/li>\n\n\n\n<li><a href='?page_no=448'>448<\/a><\/li>\n\n\n\n<li><a>...<\/a><\/li>\n\n\n\n<li><a href='?page_no=22911'>22911<\/a><\/li>\n\n\n\n<li><a href='?page_no=22912'>22912<\/a><\/li>\n\n    \n\t\n\n<li >\n\t<a href='?page_no=447'>Next<\/a>\n\t<\/li>\n\n\n    \n\n<li><a href='?page_no=22912'>Last &rsaquo;&rsaquo;<\/a><\/li>\n\n<\/ul>\n\n\n--><br \/>\n<\/body><\/p>\n","protected":false},"excerpt":{"rendered":"<p>Diariodominicano.com Gobierno espa\u00f1ol de la Anexi\u00f3n fusila a Francisco del Rosario S\u00e1nchez y a un grupo de pr\u00f3ceres La sentencia del tribunal militar fue ejecutada el d\u00eda 4 de julio de 1861, cuando S\u00e1nchez y sus compa\u00f1eros fueron fusilados en El Cercado. Por H\u00e9ctor Tineo Nolasco Diariodominicano.com SANTO DOMINGO, el 4 de julio de 1861, [&hellip;]<\/p>\n","protected":false},"author":3,"featured_media":0,"comment_status":"open","ping_status":"open","sticky":false,"template":"","format":"standard","meta":{"footnotes":""},"categories":[21],"tags":[],"class_list":["post-52084","post","type-post","status-publish","format-standard","hentry","category-cultura"],"_links":{"self":[{"href":"https:\/\/diariodominicano.com\/index.php?rest_route=\/wp\/v2\/posts\/52084","targetHints":{"allow":["GET"]}}],"collection":[{"href":"https:\/\/diariodominicano.com\/index.php?rest_route=\/wp\/v2\/posts"}],"about":[{"href":"https:\/\/diariodominicano.com\/index.php?rest_route=\/wp\/v2\/types\/post"}],"author":[{"embeddable":true,"href":"https:\/\/diariodominicano.com\/index.php?rest_route=\/wp\/v2\/users\/3"}],"replies":[{"embeddable":true,"href":"https:\/\/diariodominicano.com\/index.php?rest_route=%2Fwp%2Fv2%2Fcomments&post=52084"}],"version-history":[{"count":0,"href":"https:\/\/diariodominicano.com\/index.php?rest_route=\/wp\/v2\/posts\/52084\/revisions"}],"wp:attachment":[{"href":"https:\/\/diariodominicano.com\/index.php?rest_route=%2Fwp%2Fv2%2Fmedia&parent=52084"}],"wp:term":[{"taxonomy":"category","embeddable":true,"href":"https:\/\/diariodominicano.com\/index.php?rest_route=%2Fwp%2Fv2%2Fcategories&post=52084"},{"taxonomy":"post_tag","embeddable":true,"href":"https:\/\/diariodominicano.com\/index.php?rest_route=%2Fwp%2Fv2%2Ftags&post=52084"}],"curies":[{"name":"wp","href":"https:\/\/api.w.org\/{rel}","templated":true}]}}