{"id":520839,"date":"2024-04-04T09:14:59","date_gmt":"2024-04-04T13:14:59","guid":{"rendered":"https:\/\/diariodominicano.com\/?p=520839"},"modified":"2024-04-04T09:14:59","modified_gmt":"2024-04-04T13:14:59","slug":"segundo-tribunal-de-santiago-condena-a-10-anos-de-prision-a-uno-de-dos-que-violaron-sexualmente-adolescente","status":"publish","type":"post","link":"https:\/\/diariodominicano.com\/?p=520839","title":{"rendered":"Segundo Tribunal de Santiago  condena a 10 a\u00f1os de prisi\u00f3n a uno de dos que violaron sexualmente adolescente"},"content":{"rendered":"\n<p>diariodominicano.com<\/p>\n\n\n\n<p>Santiago, R. D.,\u20024 de abril, 2024.- En atenci\u00f3n a la solicitud hecha por la Fiscal\u00eda de Santiago, los jueces del Segundo Tribunal Colegiado de esta demarcaci\u00f3n judicial impusieron contra un hombre una condena de 10 a\u00f1os de prisi\u00f3n, tras hallarle culpable de violar sexualmente a una adolescente de 13 a\u00f1os de edad.\u00a0<\/p>\n\n\n\n<p>El condenado Albert Dar\u00edo Imbert Garc\u00eda viol\u00f3 sexualmente a la menor de edad, cuyo nombre se omite por razones legales, cuando, tras sugestionarla, la invit\u00f3, bajo enga\u00f1o, a subir al segundo nivel de una residencia de esta localidad, donde le esperaba su c\u00f3mplice, solo conocido con el alias de Pocholo, a\u00fan pr\u00f3fugo.<\/p>\n\n\n\n<p>El expediente detalla que cuando los hoy procesados caminaban por el pasillo interior de la vivienda, junto a la v\u00edctima, la sentaron en una silla y comenzaron a despojarla de su ropa. Indica que mientras la adolescente se opon\u00eda al hecho&nbsp;y preguntaba qu\u00e9 le har\u00edan, los acusados la mandaron a callarse y a no resistirse al abuso.&nbsp;<\/p>\n\n\n\n<p>El litigante de la fiscal\u00eda, Pedro Mart\u00ednez, leyendo la teor\u00eda f\u00e1ctica de los hechos, expuso al tribunal que la v\u00edctima vivi\u00f3 horrorizada el abuso, en tanto que no pod\u00eda resistirse, ni gritar, por miedo a que la golpearan.&nbsp;<\/p>\n\n\n\n<p>La violencia con que fue atacada, imped\u00eda a la menor levantarse del suelo, mientras que los agresores huyeron, dej\u00e1ndola desnuda y adolorida.&nbsp;<\/p>\n\n\n\n<p>Minutos despu\u00e9s, narra el litigante, la adolescente, logra ponerse de pie y bajar al segundo nivel del lugar, donde se encuentra con la madre del pr\u00f3fugo.&nbsp;<\/p>\n\n\n\n<p>D\u00edas despu\u00e9s, bajo la orden n\u00famero 7246-2014, se ejecuta el arresto de Imbert Garc\u00eda, quien fue procesado por los cargos de violaci\u00f3n a los art\u00edculos 309-1 y 331 del C\u00f3digo Penal Dominicano, modificado por la Ley 24-97 de Violencia de G\u00e9nero.<\/p>\n\n\n\n<p>Adem\u00e1s se le atribuye violar el art\u00edculo 396, letras A, B y C de la Ley 136-03, que crea el C\u00f3digo para el Sistema de Protecci\u00f3n y los Derechos Fundamentales de Ni\u00f1os, Ni\u00f1as y Adolescentes, por la violaci\u00f3n sexual, violencia de g\u00e9nero y abuso psicol\u00f3gico perpetrados contra la v\u00edctima.&nbsp;<\/p>\n\n\n\n<p>El tribunal estuvo integrado por los jueces Osvaldo Castillo, Esther Reyes y Luis Ernesto Torres.<\/p>\n\n\n\n<p><strong>Direcci\u00f3n General de Comunicaci\u00f3n, Prensa, y RRPP<\/strong><strong><\/strong><\/p>\n\n\n\n<p>Ministerio P\u00fablico. R.D.<\/p>\n\n\n\n<p>Jueves, 4 de abril de 2024.<\/p>\n","protected":false},"excerpt":{"rendered":"<p>diariodominicano.com Santiago, R. D.,\u20024 de abril, 2024.- En atenci\u00f3n a la solicitud hecha por la Fiscal\u00eda de Santiago, los jueces del Segundo Tribunal Colegiado de esta demarcaci\u00f3n judicial impusieron contra un hombre una condena de 10 a\u00f1os de prisi\u00f3n, tras hallarle culpable de violar sexualmente a una adolescente de 13 a\u00f1os de edad.\u00a0 El condenado [&hellip;]<\/p>\n","protected":false},"author":5,"featured_media":290218,"comment_status":"closed","ping_status":"","sticky":true,"template":"","format":"standard","meta":{"footnotes":""},"categories":[24,27],"tags":[],"class_list":["post-520839","post","type-post","status-publish","format-standard","has-post-thumbnail","hentry","category-justicia-y-derecho","category-portada"],"_links":{"self":[{"href":"https:\/\/diariodominicano.com\/index.php?rest_route=\/wp\/v2\/posts\/520839","targetHints":{"allow":["GET"]}}],"collection":[{"href":"https:\/\/diariodominicano.com\/index.php?rest_route=\/wp\/v2\/posts"}],"about":[{"href":"https:\/\/diariodominicano.com\/index.php?rest_route=\/wp\/v2\/types\/post"}],"author":[{"embeddable":true,"href":"https:\/\/diariodominicano.com\/index.php?rest_route=\/wp\/v2\/users\/5"}],"replies":[{"embeddable":true,"href":"https:\/\/diariodominicano.com\/index.php?rest_route=%2Fwp%2Fv2%2Fcomments&post=520839"}],"version-history":[{"count":1,"href":"https:\/\/diariodominicano.com\/index.php?rest_route=\/wp\/v2\/posts\/520839\/revisions"}],"predecessor-version":[{"id":520840,"href":"https:\/\/diariodominicano.com\/index.php?rest_route=\/wp\/v2\/posts\/520839\/revisions\/520840"}],"wp:featuredmedia":[{"embeddable":true,"href":"https:\/\/diariodominicano.com\/index.php?rest_route=\/wp\/v2\/media\/290218"}],"wp:attachment":[{"href":"https:\/\/diariodominicano.com\/index.php?rest_route=%2Fwp%2Fv2%2Fmedia&parent=520839"}],"wp:term":[{"taxonomy":"category","embeddable":true,"href":"https:\/\/diariodominicano.com\/index.php?rest_route=%2Fwp%2Fv2%2Fcategories&post=520839"},{"taxonomy":"post_tag","embeddable":true,"href":"https:\/\/diariodominicano.com\/index.php?rest_route=%2Fwp%2Fv2%2Ftags&post=520839"}],"curies":[{"name":"wp","href":"https:\/\/api.w.org\/{rel}","templated":true}]}}