{"id":520729,"date":"2024-04-04T00:51:12","date_gmt":"2024-04-04T04:51:12","guid":{"rendered":"https:\/\/diariodominicano.com\/?p=520729"},"modified":"2024-04-04T00:51:24","modified_gmt":"2024-04-04T04:51:24","slug":"el-tercer-tribunal-colegiado-de-santiago-condena-a-15-anos-de-carcel-a-hombre-por-trafico-de-migrantes-y-falsificacion-de-documentos-publicos-y-privados","status":"publish","type":"post","link":"https:\/\/diariodominicano.com\/?p=520729","title":{"rendered":"El Tercer Tribunal Colegiado de Santiago condena a 15 a\u00f1os de c\u00e1rcel a hombre por tr\u00e1fico de migrantes y falsificaci\u00f3n de documentos p\u00fablicos y privados\u00a0"},"content":{"rendered":"\n<p>SANTIAGO, Rep\u00fablica Dominicana.- El Tercer Tribunal Colegiado de este distrito judicial de Santiago, conden\u00f3 a 15 a\u00f1os de prisi\u00f3n a un hombre acusado de traficar con migrantes y de falsificaci\u00f3n de documentos p\u00fablicos y privados.\u00a0<\/p>\n\n\n\n<p>El condenado es Amaury Amado Tejada de la Cruz, contra quien la Fiscal\u00eda de Santiago inici\u00f3 una investigaci\u00f3n desde el a\u00f1o 2014, cuando obtuvo informaci\u00f3n confidencial de que se dedicaba al tr\u00e1fico il\u00edcito de migrantes y a la falsificaci\u00f3n de documentos p\u00fablicos y privados, entre estos documentos de viaje de identidad, de propiedad, pasaportes y visas de distintos pa\u00edses, incluyendo Estados Unidos Espa\u00f1a, Panam\u00e1, Venezuela, Chile y Costa Rica, entre otros.&nbsp;<\/p>\n\n\n\n<p>Ante el Colegiado, y en su exposici\u00f3n sobre los hechos, la representante de la Fiscal\u00eda, la fiscal Aida Mediano Gonell, dijo que la mafia que lideraba Tejada de la Cruz tambi\u00e9n falsificaba sellos consulares, de migraci\u00f3n y otros organismos castrenses, lo que, sostuvo, constituye una grave amenaza a la seguridad jur\u00eddica, a la soberan\u00eda y una desestabilizaci\u00f3n de las relaciones internacionales con otras naciones.&nbsp;<\/p>\n\n\n\n<p>En su expediente, el \u00f3rgano investigador, plantea, que, para la falsificaci\u00f3n de estos documentos, el acusado habilit\u00f3 un laboratorio clandestino que fue allanado mediante orden judicial 1407- 2014, encontr\u00e1ndose en el mismo cientos de documentos falsificados.&nbsp;<\/p>\n\n\n\n<p>Las v\u00edctimas, el gobierno de los Estados Unidos, representado por la misi\u00f3n consular, debidamente acreditada en el pa\u00eds a trav\u00e9s de la Embajada de Estados Unidos en la Rep\u00fablica Dominicana, y el Estado dominicano, se vieron severamente lesionados por estos delitos, en tanto que el tr\u00e1fico de migrantes constituye en s\u00ed mismo una violaci\u00f3n a los derechos de las personas, y la falsificaci\u00f3n de documentos p\u00fablicos y privados una amenaza a la seguridad jur\u00eddica.&nbsp;<\/p>\n\n\n\n<p>Las juezas Ingrid Liberato, Deyanira M\u00e9ndez y Dayana Pe\u00f1al\u00f3, tuvieron bajo su responsabilidad el an\u00e1lisis y ponderaci\u00f3n de cientos de elementos probatorios, documentos y otros recursos audiovisuales, que la Fiscal\u00eda recab\u00f3 contra el traficante.&nbsp;<\/p>\n\n\n\n<p>Una vez evidenciada la gravedad de los il\u00edcitos, el tribunal se pronunci\u00f3 condenando al procesado a 15 a\u00f1os de prisi\u00f3n que deber\u00e1 cumplir en el Centro de Correcci\u00f3n y Rehabilitaci\u00f3n (CCR) Rafey Hombres de Santiago. Adem\u00e1s, deber\u00e1 pagar una multa de $200,000 pesos en efectivo.&nbsp;<\/p>\n\n\n\n<p><strong>Condenado en Costa Rica<\/strong><\/p>\n\n\n\n<p>En medio de las diligencias de investigaci\u00f3n y procurando evadir su responsabilidad penal en Rep\u00fablica Dominicana, el acusado huy\u00f3 a Costa Rica, naci\u00f3n que desde 2011 hab\u00eda iniciado una investigaci\u00f3n en su contra comprobando que condujo y transport\u00f3 personas desde Paso Canoas y la zona fronteriza con Panam\u00e1 para que ingresaran ilegalmente a territorio costarricense.&nbsp;<\/p>\n\n\n\n<p>En el a\u00f1o 2017 el Tribunal de Juicio del Primer Circuito Judicial de San Jos\u00e9 lo conden\u00f3 a 5 a\u00f1os de prisi\u00f3n, seg\u00fan consta en la sentencia 29\/2017.&nbsp;<\/p>\n\n\n\n<p>Tras cumplir la sentencia en esa naci\u00f3n, el acusado ingresa a Rep\u00fablica Dominicana utilizando una identidad falsa y aqu\u00ed nueva vez conforma una organizaci\u00f3n criminal de car\u00e1cter transnacional, sobre la cual las autoridades ya ten\u00edan conocimiento, produci\u00e9ndose el arresto del condenado.&nbsp;<\/p>\n\n\n\n<p>En virtud de las pruebas recabadas, la Fiscal\u00eda present\u00f3 contra Tejada de la Cruz cargos penales por violaci\u00f3n a los art\u00edculos 1, letras F y H; 2, 5 y 7, letras C, D, E, G, I, H de la Ley 137-03 sobre Tr\u00e1fico Il\u00edcito de Migrantes y Trata de Personas, as\u00ed, tambi\u00e9n, los art\u00edculos 139, 147, 148, 150, 151, 153, 265 y 266 del C\u00f3digo Penal Dominicano, que tipifican, entre otros, la falsedad de documentos p\u00fablicos y privados, en perjuicio del gobierno de los Estados Unidos de Am\u00e9rica y del Estado dominicano.<\/p>\n\n\n\n<p><strong>Direcci\u00f3n General de Comunicaci\u00f3n, Prensa, y RRPP<\/strong><strong><\/strong><\/p>\n\n\n\n<p>Ministerio P\u00fablico. R.D.<\/p>\n\n\n\n<p>Mi\u00e9rcoles, 3 de abril de 2024.<\/p>\n","protected":false},"excerpt":{"rendered":"<p>SANTIAGO, Rep\u00fablica Dominicana.- El Tercer Tribunal Colegiado de este distrito judicial de Santiago, conden\u00f3 a 15 a\u00f1os de prisi\u00f3n a un hombre acusado de traficar con migrantes y de falsificaci\u00f3n de documentos p\u00fablicos y privados.\u00a0 El condenado es Amaury Amado Tejada de la Cruz, contra quien la Fiscal\u00eda de Santiago inici\u00f3 una investigaci\u00f3n desde el [&hellip;]<\/p>\n","protected":false},"author":28,"featured_media":427834,"comment_status":"closed","ping_status":"","sticky":true,"template":"","format":"standard","meta":{"footnotes":""},"categories":[24,29,27],"tags":[],"class_list":["post-520729","post","type-post","status-publish","format-standard","has-post-thumbnail","hentry","category-justicia-y-derecho","category-policiasucesos","category-portada"],"_links":{"self":[{"href":"https:\/\/diariodominicano.com\/index.php?rest_route=\/wp\/v2\/posts\/520729","targetHints":{"allow":["GET"]}}],"collection":[{"href":"https:\/\/diariodominicano.com\/index.php?rest_route=\/wp\/v2\/posts"}],"about":[{"href":"https:\/\/diariodominicano.com\/index.php?rest_route=\/wp\/v2\/types\/post"}],"author":[{"embeddable":true,"href":"https:\/\/diariodominicano.com\/index.php?rest_route=\/wp\/v2\/users\/28"}],"replies":[{"embeddable":true,"href":"https:\/\/diariodominicano.com\/index.php?rest_route=%2Fwp%2Fv2%2Fcomments&post=520729"}],"version-history":[{"count":1,"href":"https:\/\/diariodominicano.com\/index.php?rest_route=\/wp\/v2\/posts\/520729\/revisions"}],"predecessor-version":[{"id":520730,"href":"https:\/\/diariodominicano.com\/index.php?rest_route=\/wp\/v2\/posts\/520729\/revisions\/520730"}],"wp:featuredmedia":[{"embeddable":true,"href":"https:\/\/diariodominicano.com\/index.php?rest_route=\/wp\/v2\/media\/427834"}],"wp:attachment":[{"href":"https:\/\/diariodominicano.com\/index.php?rest_route=%2Fwp%2Fv2%2Fmedia&parent=520729"}],"wp:term":[{"taxonomy":"category","embeddable":true,"href":"https:\/\/diariodominicano.com\/index.php?rest_route=%2Fwp%2Fv2%2Fcategories&post=520729"},{"taxonomy":"post_tag","embeddable":true,"href":"https:\/\/diariodominicano.com\/index.php?rest_route=%2Fwp%2Fv2%2Ftags&post=520729"}],"curies":[{"name":"wp","href":"https:\/\/api.w.org\/{rel}","templated":true}]}}