{"id":520696,"date":"2024-04-04T00:13:11","date_gmt":"2024-04-04T04:13:11","guid":{"rendered":"https:\/\/diariodominicano.com\/?p=520696"},"modified":"2024-04-04T00:14:27","modified_gmt":"2024-04-04T04:14:27","slug":"aperturan-nuevas-oficinas-del-ministerio-publico-en-el-municipio-tenares","status":"publish","type":"post","link":"https:\/\/diariodominicano.com\/?p=520696","title":{"rendered":"Aperturan nuevas oficinas del Ministerio P\u00fablico en el municipio Tenares"},"content":{"rendered":"\n<p>HERMANAS MIRABAL, Rep\u00fablica Dominicana.- La Fiscal\u00eda de la provincia Hermanas Mirabal puso en funcionamiento las nuevas instalaciones que albergar\u00e1n el Ministerio P\u00fablico en el municipio Tenares, un espacio que permitir\u00e1 a esa laboriosa comunidad, la prestaci\u00f3n de servicios de calidad, con calidez y prontitud a los usuarios que demandan de los diferentes servicios que se ofrecen a la poblaci\u00f3n, inform\u00f3 la Procuradur\u00eda General.<\/p>\n\n\n\n<figure class=\"wp-block-image size-full\"><img loading=\"lazy\" decoding=\"async\" width=\"395\" height=\"593\" src=\"https:\/\/diariodominicano.com\/wp-content\/uploads\/2024\/04\/67020c64-ee9f-46c3-b6be-d499ab5d8238.jpg\" alt=\"\" class=\"wp-image-520699\" srcset=\"https:\/\/diariodominicano.com\/wp-content\/uploads\/2024\/04\/67020c64-ee9f-46c3-b6be-d499ab5d8238.jpg 395w, https:\/\/diariodominicano.com\/wp-content\/uploads\/2024\/04\/67020c64-ee9f-46c3-b6be-d499ab5d8238-200x300.jpg 200w\" sizes=\"auto, (max-width: 395px) 100vw, 395px\" \/><\/figure>\n\n\n\n<p>En un breve acto, la fiscal titular de Hermanas Mirabal, Zoila Agustina Rodr\u00edguez Ynfante, al pronunciar las palabras de apertura, manifest\u00f3 que, con la puesta en funcionamiento de estas oficinas, Tenares cuenta con un espacio que ofrecer\u00e1 a la ciudadan\u00eda un servicio m\u00e1s cercano, c\u00f3modo y dotado de un personal id\u00f3neo.&nbsp;<\/p>\n\n\n\n<figure class=\"wp-block-image size-full\"><img loading=\"lazy\" decoding=\"async\" width=\"890\" height=\"593\" src=\"https:\/\/diariodominicano.com\/wp-content\/uploads\/2024\/04\/1b6aaf44-25c9-418b-810a-a4f29fe4327c.jpg\" alt=\"\" class=\"wp-image-520701\" srcset=\"https:\/\/diariodominicano.com\/wp-content\/uploads\/2024\/04\/1b6aaf44-25c9-418b-810a-a4f29fe4327c.jpg 890w, https:\/\/diariodominicano.com\/wp-content\/uploads\/2024\/04\/1b6aaf44-25c9-418b-810a-a4f29fe4327c-300x200.jpg 300w, https:\/\/diariodominicano.com\/wp-content\/uploads\/2024\/04\/1b6aaf44-25c9-418b-810a-a4f29fe4327c-768x512.jpg 768w, https:\/\/diariodominicano.com\/wp-content\/uploads\/2024\/04\/1b6aaf44-25c9-418b-810a-a4f29fe4327c-816x544.jpg 816w\" sizes=\"auto, (max-width: 890px) 100vw, 890px\" \/><\/figure>\n\n\n\n<p>\u201cAgradezco todo el empe\u00f1o de la magistrada Miriam Germ\u00e1n Brito, por hacer posible la habilitaci\u00f3n de este nuevo local en Tenares, un gesto que pone de manifiesto su compromiso para conectar con la gente de esta provincia, que a partir de ahora cuentan con un espacio dotado de nuevos mobiliarios para que tanto servidores p\u00fablicos de la instituci\u00f3n como usuarios se sientan m\u00e1s c\u00f3modo\u201d, manifest\u00f3 Rodriguez Ynfante en su intervenci\u00f3n.<\/p>\n\n\n\n<p>En ese mismo orden, la representante del Ministerio P\u00fablico en esta demarcaci\u00f3n sostuvo que el traslado a un nuevo local es una oportunidad para acercarse m\u00e1s a la gente, ya que cuentan con un lugar m\u00e1s c\u00e9ntrico, que facilita un mejor acceso de los ciudadanos a la instituci\u00f3n.<\/p>\n\n\n\n<p>De su lado, al dirigirse a los presentes, el procurador adjunto Jos\u00e9 Vitervo Cabral Gonz\u00e1lez, quien represent\u00f3 a la procuradora general de la Rep\u00fablica, magistrada Miriam Germ\u00e1n Brito, manifest\u00f3 que con estas instalaciones se ha hecho realidad un sue\u00f1o de contar con un espacio m\u00e1s c\u00f3modo y en \u00f3ptimas condiciones, en el marco del proceso que impulsa la gesti\u00f3n de una hija de esta tierra, que siempre apuesta a un servicio&nbsp; conectado con la ciudadan\u00eda,&nbsp; para brindar un servicio de calidad a la poblaci\u00f3n mirabalense.<\/p>\n\n\n\n<p>\u201cLa magistrada Germ\u00e1n es una abanderada de la eficiencia, la transparencia y trabaja d\u00eda a d\u00eda para garantizar espacios \u00f3ptimos para el servicio, por lo que hoy, con esta entrega se reafirma ese compromiso con los ciudadanos de este municipio, dijo Cabral Gonz\u00e1lez, en sus palabras de corte de cinta.<\/p>\n\n\n\n<p>El acto estuvo encabezado por la fiscal titular de Hermanas Mirabal, Zoila Agustina Rodr\u00edguez Ynfante; Jos\u00e9 Vitervo Cabral Gonz\u00e1lez, procurador adjunto e inspector del Ministerio P\u00fablico; Saturnino de Jes\u00fas Mu\u00f1oz, procurador de la Corte de San Francisco de Macor\u00eds, provincia Duarte; la gobernadora civil de esta provincia, Lisette Nicasio de Adames; el comandante de la Polic\u00eda Nacional, Ren\u00e9 Luna Kunhart, as\u00ed como la fiscalizadora Cristina Ortiz, coordinadora de la nueva oficina y el equipo de colaboradores que le acompa\u00f1an.&nbsp;&nbsp;<\/p>\n\n\n\n<p>Dichas instalaciones cuentan con las \u00e1reas de recepci\u00f3n, denuncias, conciliaci\u00f3n, oficinas de Fiscalizador, oficina de abogados, cocina, ba\u00f1o, espacios que fueron habilitados por la Procuradur\u00eda General de la Rep\u00fablica, atiendo a requisitos internos establecidos en materia de mejoras de infraestructura.<\/p>\n\n\n\n<p>Las nuevas instalaciones se encuentran ubicadas en la calle S\u00e1nchez, n\u00famero 158, esquina Duarte, municipio Tenares, y brindan servicio en horario de 8:00 de la ma\u00f1ana hasta las 4:30 de la tarde, de lunes a viernes, desde donde se trabajar\u00e1 para facilitarle a la ciudadan\u00eda un acceso oportuno y de calidad.<\/p>\n\n\n\n<p><strong>Direcci\u00f3n General de Comunicaci\u00f3n, Prensa, y RRPP<\/strong><strong><\/strong><\/p>\n\n\n\n<p>Ministerio P\u00fablico. R.D.<\/p>\n\n\n\n<p>Mi\u00e9rcoles, 3 de abril de 2024.<\/p>\n","protected":false},"excerpt":{"rendered":"<p>HERMANAS MIRABAL, Rep\u00fablica Dominicana.- La Fiscal\u00eda de la provincia Hermanas Mirabal puso en funcionamiento las nuevas instalaciones que albergar\u00e1n el Ministerio P\u00fablico en el municipio Tenares, un espacio que permitir\u00e1 a esa laboriosa comunidad, la prestaci\u00f3n de servicios de calidad, con calidez y prontitud a los usuarios que demandan de los diferentes servicios que se [&hellip;]<\/p>\n","protected":false},"author":28,"featured_media":520697,"comment_status":"closed","ping_status":"","sticky":true,"template":"","format":"standard","meta":{"footnotes":""},"categories":[20,24,29,27],"tags":[],"class_list":["post-520696","post","type-post","status-publish","format-standard","has-post-thumbnail","hentry","category-dominicana-hoy","category-justicia-y-derecho","category-policiasucesos","category-portada"],"_links":{"self":[{"href":"https:\/\/diariodominicano.com\/index.php?rest_route=\/wp\/v2\/posts\/520696","targetHints":{"allow":["GET"]}}],"collection":[{"href":"https:\/\/diariodominicano.com\/index.php?rest_route=\/wp\/v2\/posts"}],"about":[{"href":"https:\/\/diariodominicano.com\/index.php?rest_route=\/wp\/v2\/types\/post"}],"author":[{"embeddable":true,"href":"https:\/\/diariodominicano.com\/index.php?rest_route=\/wp\/v2\/users\/28"}],"replies":[{"embeddable":true,"href":"https:\/\/diariodominicano.com\/index.php?rest_route=%2Fwp%2Fv2%2Fcomments&post=520696"}],"version-history":[{"count":3,"href":"https:\/\/diariodominicano.com\/index.php?rest_route=\/wp\/v2\/posts\/520696\/revisions"}],"predecessor-version":[{"id":520702,"href":"https:\/\/diariodominicano.com\/index.php?rest_route=\/wp\/v2\/posts\/520696\/revisions\/520702"}],"wp:featuredmedia":[{"embeddable":true,"href":"https:\/\/diariodominicano.com\/index.php?rest_route=\/wp\/v2\/media\/520697"}],"wp:attachment":[{"href":"https:\/\/diariodominicano.com\/index.php?rest_route=%2Fwp%2Fv2%2Fmedia&parent=520696"}],"wp:term":[{"taxonomy":"category","embeddable":true,"href":"https:\/\/diariodominicano.com\/index.php?rest_route=%2Fwp%2Fv2%2Fcategories&post=520696"},{"taxonomy":"post_tag","embeddable":true,"href":"https:\/\/diariodominicano.com\/index.php?rest_route=%2Fwp%2Fv2%2Ftags&post=520696"}],"curies":[{"name":"wp","href":"https:\/\/api.w.org\/{rel}","templated":true}]}}