{"id":520673,"date":"2024-04-03T23:13:08","date_gmt":"2024-04-04T03:13:08","guid":{"rendered":"https:\/\/diariodominicano.com\/?p=520673"},"modified":"2024-04-03T23:15:33","modified_gmt":"2024-04-04T03:15:33","slug":"dominicano-retira-tubo-a-hijo-de-2-anos-tras-ser-afectado-por-incendio-otro-de-1-sigue-grave-hospital-nyc","status":"publish","type":"post","link":"https:\/\/diariodominicano.com\/?p=520673","title":{"rendered":"Dominicano retira tubo a hijo de 2 a\u00f1os tras ser afectado por incendio; otro de 1 sigue grave hospital NYC"},"content":{"rendered":"\n<p><strong>Por Ram\u00f3n Mercedes<\/strong><\/p>\n\n\n\n<p><strong>NUEVA YORK.-<\/strong>\u00a0El dominicano Francisco Corpor\u00e1n (Gus), de 48 a\u00f1os, padre de los menores Riley Corpor\u00e1n, 2 a\u00f1os, y Zayden Corpor\u00e1n, 1 a\u00f1o, que sufrieran graves quemaduras al incendiarse el apartamento donde resid\u00edan con su madre Skilyn Maldonado, de 23, en el Alto Manhattan, le desconect\u00f3 el soporte que manten\u00eda con vida al mayor de ambos.<\/p>\n\n\n\n<p><\/p>\n\n\n\n<p>El menor contin\u00faa en estado grave y entubado en el New York-Presbyterian Hospital Weill Cornell; el panorama es dram\u00e1tico. \u201cPresenta un cuadro similar de muerte cerebral. No hay movimiento, no hay nada. Si sobrevive ser\u00e1 b\u00e1sicamente un vegetal en una cama de hospital con cables y tubos el resto de su vida\u201d, dijo el padre.<\/p>\n\n\n\n<p>\u201cNo quiero que sufra. Es un ni\u00f1o peque\u00f1o, se supone que debe estar corriendo, no acostado en una cama con tubos y esas cosas\u201d, agreg\u00f3.<\/p>\n\n\n\n<p><\/p>\n\n\n\n<p>El fallecimiento del ni\u00f1o se produjo el pasado 25 de marzo, pero fue este martes que se dio a conocer la informaci\u00f3n. La comunidad dominicana en Washington Heights ha lamentado la tragedia.<\/p>\n\n\n\n<p>El padre expres\u00f3 que don\u00f3 los organos de su beb\u00e9. \u201cPuede que no est\u00e9 aqu\u00ed f\u00edsicamente, pero a\u00fan vive. Alguien m\u00e1s vive gracias a \u00e9l. Mi hijo todav\u00eda est\u00e1 aqu\u00ed, no conmigo, pero est\u00e1 ah\u00ed afuera. S\u00e9 que todav\u00eda est\u00e1 vivo porque su coraz\u00f3n todav\u00eda late en el cuerpo de otra persona. Las \u00faltimas semanas han sido las peores en mi vida\u201d, dijo entre sollozo el progenitor.<\/p>\n\n\n\n<p>El fuego ocurri\u00f3 en el quinto piso del edificio 206 de la avenida Audubon, con la calle 176, a eso de las 11:00 de la noche del pasado 20 de marzo, en el sector de Washington Heights cuando la madre de ambos menores sali\u00f3 a comprar cigarrillos.<\/p>\n\n\n\n<p>Se encuentra arrestada y acusada de poner en peligro el bienestar de un menor, al dejar a sus beb\u00e9s con su otra hija de 8 a\u00f1os solos en casa antes de que estallara el incendio mortal. La causa del fuego a\u00fan no ha sido determinada.<\/p>\n\n\n\n<p>Se necesitaron casi 60 bomberos por horas para controlar las llamas, que se extendieron en el edificio.<\/p>\n","protected":false},"excerpt":{"rendered":"<p>Por Ram\u00f3n Mercedes NUEVA YORK.-\u00a0El dominicano Francisco Corpor\u00e1n (Gus), de 48 a\u00f1os, padre de los menores Riley Corpor\u00e1n, 2 a\u00f1os, y Zayden Corpor\u00e1n, 1 a\u00f1o, que sufrieran graves quemaduras al incendiarse el apartamento donde resid\u00edan con su madre Skilyn Maldonado, de 23, en el Alto Manhattan, le desconect\u00f3 el soporte que manten\u00eda con vida al [&hellip;]<\/p>\n","protected":false},"author":28,"featured_media":520677,"comment_status":"open","ping_status":"","sticky":true,"template":"","format":"standard","meta":{"footnotes":""},"categories":[20,23,27],"tags":[],"class_list":["post-520673","post","type-post","status-publish","format-standard","has-post-thumbnail","hentry","category-dominicana-hoy","category-internacional","category-portada"],"_links":{"self":[{"href":"https:\/\/diariodominicano.com\/index.php?rest_route=\/wp\/v2\/posts\/520673","targetHints":{"allow":["GET"]}}],"collection":[{"href":"https:\/\/diariodominicano.com\/index.php?rest_route=\/wp\/v2\/posts"}],"about":[{"href":"https:\/\/diariodominicano.com\/index.php?rest_route=\/wp\/v2\/types\/post"}],"author":[{"embeddable":true,"href":"https:\/\/diariodominicano.com\/index.php?rest_route=\/wp\/v2\/users\/28"}],"replies":[{"embeddable":true,"href":"https:\/\/diariodominicano.com\/index.php?rest_route=%2Fwp%2Fv2%2Fcomments&post=520673"}],"version-history":[{"count":4,"href":"https:\/\/diariodominicano.com\/index.php?rest_route=\/wp\/v2\/posts\/520673\/revisions"}],"predecessor-version":[{"id":520678,"href":"https:\/\/diariodominicano.com\/index.php?rest_route=\/wp\/v2\/posts\/520673\/revisions\/520678"}],"wp:featuredmedia":[{"embeddable":true,"href":"https:\/\/diariodominicano.com\/index.php?rest_route=\/wp\/v2\/media\/520677"}],"wp:attachment":[{"href":"https:\/\/diariodominicano.com\/index.php?rest_route=%2Fwp%2Fv2%2Fmedia&parent=520673"}],"wp:term":[{"taxonomy":"category","embeddable":true,"href":"https:\/\/diariodominicano.com\/index.php?rest_route=%2Fwp%2Fv2%2Fcategories&post=520673"},{"taxonomy":"post_tag","embeddable":true,"href":"https:\/\/diariodominicano.com\/index.php?rest_route=%2Fwp%2Fv2%2Ftags&post=520673"}],"curies":[{"name":"wp","href":"https:\/\/api.w.org\/{rel}","templated":true}]}}