{"id":520642,"date":"2024-04-04T09:27:13","date_gmt":"2024-04-04T13:27:13","guid":{"rendered":"https:\/\/diariodominicano.com\/?p=520642"},"modified":"2024-04-04T09:27:13","modified_gmt":"2024-04-04T13:27:13","slug":"mariachi-buda-se-ha-consolidado-como-una-figura-relevante-en-la-radio-y-la-animacion-de-grandes-eventos","status":"publish","type":"post","link":"https:\/\/diariodominicano.com\/?p=520642","title":{"rendered":"Mariachi Buda se ha consolidado como una figura relevante en la radio y la animaci\u00f3n de grandes eventos"},"content":{"rendered":"\n<p>Santo Domingo &#8211; Aurys Pineda, conocido en la industria del entretenimiento como Mariachi Buda, se ha consolidado como una figura relevante en la animaci\u00f3n de grandes eventos musicales y como locutor de radio. Con una trayectoria s\u00f3lida y exitosa, este ganador del Latin Grammy ha demostrado su versatilidad y talento en diversos escenarios, tanto dentro como fuera de su natal Rep\u00fablica Dominicana.<\/p>\n\n\n\n<p>\u201cPara m\u00ed, la animaci\u00f3n de eventos es m\u00e1s que un trabajo, es una pasi\u00f3n. Me encanta conectar con el p\u00fablico y crear momentos inolvidables\u00bb, coment\u00f3 Mariachi Buda, quien es muy aclamado por su carisma y energ\u00eda en el escenario.<\/p>\n\n\n\n<figure class=\"wp-block-gallery has-nested-images columns-default is-cropped wp-block-gallery-1 is-layout-flex wp-block-gallery-is-layout-flex\">\n<figure class=\"wp-block-image size-large\"><img loading=\"lazy\" decoding=\"async\" width=\"681\" height=\"1024\" data-id=\"520771\" src=\"https:\/\/diariodominicano.com\/wp-content\/uploads\/2024\/04\/Mariachi-Buda-se-ha-consolidado-como-una-figura-relevante-en-la-radio-y-la-animacion-de-grandes-eventos-681x1024.jpg\" alt=\"\" class=\"wp-image-520771\" srcset=\"https:\/\/diariodominicano.com\/wp-content\/uploads\/2024\/04\/Mariachi-Buda-se-ha-consolidado-como-una-figura-relevante-en-la-radio-y-la-animacion-de-grandes-eventos-681x1024.jpg 681w, https:\/\/diariodominicano.com\/wp-content\/uploads\/2024\/04\/Mariachi-Buda-se-ha-consolidado-como-una-figura-relevante-en-la-radio-y-la-animacion-de-grandes-eventos-200x300.jpg 200w, https:\/\/diariodominicano.com\/wp-content\/uploads\/2024\/04\/Mariachi-Buda-se-ha-consolidado-como-una-figura-relevante-en-la-radio-y-la-animacion-de-grandes-eventos-768x1154.jpg 768w, https:\/\/diariodominicano.com\/wp-content\/uploads\/2024\/04\/Mariachi-Buda-se-ha-consolidado-como-una-figura-relevante-en-la-radio-y-la-animacion-de-grandes-eventos-1022x1536.jpg 1022w, https:\/\/diariodominicano.com\/wp-content\/uploads\/2024\/04\/Mariachi-Buda-se-ha-consolidado-como-una-figura-relevante-en-la-radio-y-la-animacion-de-grandes-eventos-1363x2048.jpg 1363w, https:\/\/diariodominicano.com\/wp-content\/uploads\/2024\/04\/Mariachi-Buda-se-ha-consolidado-como-una-figura-relevante-en-la-radio-y-la-animacion-de-grandes-eventos-816x1226.jpg 816w, https:\/\/diariodominicano.com\/wp-content\/uploads\/2024\/04\/Mariachi-Buda-se-ha-consolidado-como-una-figura-relevante-en-la-radio-y-la-animacion-de-grandes-eventos-scaled.jpg 1704w\" sizes=\"auto, (max-width: 681px) 100vw, 681px\" \/><\/figure>\n\n\n\n<figure class=\"wp-block-image size-large\"><img loading=\"lazy\" decoding=\"async\" width=\"768\" height=\"1024\" data-id=\"520770\" src=\"https:\/\/diariodominicano.com\/wp-content\/uploads\/2024\/04\/Mariachi-Buda-768x1024.jpg\" alt=\"\" class=\"wp-image-520770\" srcset=\"https:\/\/diariodominicano.com\/wp-content\/uploads\/2024\/04\/Mariachi-Buda-768x1024.jpg 768w, https:\/\/diariodominicano.com\/wp-content\/uploads\/2024\/04\/Mariachi-Buda-225x300.jpg 225w, https:\/\/diariodominicano.com\/wp-content\/uploads\/2024\/04\/Mariachi-Buda-1152x1536.jpg 1152w, https:\/\/diariodominicano.com\/wp-content\/uploads\/2024\/04\/Mariachi-Buda-816x1088.jpg 816w, https:\/\/diariodominicano.com\/wp-content\/uploads\/2024\/04\/Mariachi-Buda.jpg 1200w\" sizes=\"auto, (max-width: 768px) 100vw, 768px\" \/><\/figure>\n<\/figure>\n\n\n\n<p>Su reciente participaci\u00f3n en los conciertos de Las Terrenas y Juan Dolio durante la Semana Santa demostraron que es uno de los animadores m\u00e1s solicitados y admirados del pa\u00eds. Adem\u00e1s de su sobresaliente labor como animador, Mariachi Buda ha dejado una huella imborrable en la radio, donde ha brillado por su estilo \u00fanico y su capacidad para conectar con los oyentes. Su participaci\u00f3n en programas radiales de Alofoke Media Group y Telemicro ha cautivado a miles de personas que lo reconocen como una voz influyente y respetada en el mundo del entretenimiento.<\/p>\n\n\n\n<p>\u00abTrabajar con artistas de renombre internacional ha sido una experiencia incre\u00edble. Me siento afortunado de poder colaborar con talentos como Rosal\u00eda, J Balvin, Natti Natasha y Ozuna, entre otros\u00bb, afirm\u00f3 Mariachi Buda, destacando su trayectoria en eventos de alto calibre como los Premios Billboard, donde ha dejado gran impresi\u00f3n en el p\u00fablico y la cr\u00edtica especializada.<\/p>\n\n\n\n<p>Con su carisma, talento y dedicaci\u00f3n, Mariachi Buda se ha convertido en una figura de proyecci\u00f3n internacional en el mundo del espect\u00e1culo, dejando claro que su legado como animador y locutor radial est\u00e1 destinado a perdurar en el tiempo.<\/p>\n\n\n\n<p><strong>JOSE NOVA<\/strong>\u00a0&lt;creandomundos@gmail.com> <\/p>\n","protected":false},"excerpt":{"rendered":"<p>Santo Domingo &#8211; Aurys Pineda, conocido en la industria del entretenimiento como Mariachi Buda, se ha consolidado como una figura relevante en la animaci\u00f3n de grandes eventos musicales y como locutor de radio. Con una trayectoria s\u00f3lida y exitosa, este ganador del Latin Grammy ha demostrado su versatilidad y talento en diversos escenarios, tanto dentro [&hellip;]<\/p>\n","protected":false},"author":7,"featured_media":520771,"comment_status":"closed","ping_status":"","sticky":true,"template":"","format":"standard","meta":{"footnotes":""},"categories":[25,27],"tags":[],"class_list":["post-520642","post","type-post","status-publish","format-standard","has-post-thumbnail","hentry","category-gente","category-portada"],"_links":{"self":[{"href":"https:\/\/diariodominicano.com\/index.php?rest_route=\/wp\/v2\/posts\/520642","targetHints":{"allow":["GET"]}}],"collection":[{"href":"https:\/\/diariodominicano.com\/index.php?rest_route=\/wp\/v2\/posts"}],"about":[{"href":"https:\/\/diariodominicano.com\/index.php?rest_route=\/wp\/v2\/types\/post"}],"author":[{"embeddable":true,"href":"https:\/\/diariodominicano.com\/index.php?rest_route=\/wp\/v2\/users\/7"}],"replies":[{"embeddable":true,"href":"https:\/\/diariodominicano.com\/index.php?rest_route=%2Fwp%2Fv2%2Fcomments&post=520642"}],"version-history":[{"count":1,"href":"https:\/\/diariodominicano.com\/index.php?rest_route=\/wp\/v2\/posts\/520642\/revisions"}],"predecessor-version":[{"id":520843,"href":"https:\/\/diariodominicano.com\/index.php?rest_route=\/wp\/v2\/posts\/520642\/revisions\/520843"}],"wp:featuredmedia":[{"embeddable":true,"href":"https:\/\/diariodominicano.com\/index.php?rest_route=\/wp\/v2\/media\/520771"}],"wp:attachment":[{"href":"https:\/\/diariodominicano.com\/index.php?rest_route=%2Fwp%2Fv2%2Fmedia&parent=520642"}],"wp:term":[{"taxonomy":"category","embeddable":true,"href":"https:\/\/diariodominicano.com\/index.php?rest_route=%2Fwp%2Fv2%2Fcategories&post=520642"},{"taxonomy":"post_tag","embeddable":true,"href":"https:\/\/diariodominicano.com\/index.php?rest_route=%2Fwp%2Fv2%2Ftags&post=520642"}],"curies":[{"name":"wp","href":"https:\/\/api.w.org\/{rel}","templated":true}]}}