{"id":52062,"date":"2020-07-04T08:14:41","date_gmt":"2020-07-04T08:14:41","guid":{"rendered":"http:\/\/diariodominicano.ddns.net\/?p=52062"},"modified":"2020-07-04T08:14:41","modified_gmt":"2020-07-04T08:14:41","slug":"proclaman-en-santiago-duarte-presidente-de-la-republica","status":"publish","type":"post","link":"https:\/\/diariodominicano.com\/?p=52062","title":{"rendered":"Proclaman en Santiago Duarte Presidente de la Rep\u00fablica"},"content":{"rendered":"<p><body><\/p>\n<p><img decoding=\"async\" src=\"img3\/Duarte-Sanchez-Mella.jpg\" \/>  <\/p>\n<p>Proclaman en Santiago Duarte Presidente de la Rep\u00fablica<\/p>\n<\/p>\n<p><strong>A partir de ese momento se produjeron proclamas similares en otras comunidades, incluida la ciudad de Puerto Plata.<\/strong><\/p>\n<\/p>\n<p>Por HTN<\/p>\n<p>Diariodominicano.com<\/p>\n<\/p>\n<p><strong>SANTIAGO DE LOS CABALLEROS, el  4 de julio de 1844,<\/strong> un movimiento promovido por el pr\u00f3cer Mat\u00edas Ram\u00f3n Mella, proclam\u00f3 a Juan Pablo Duarte,  Presidente de la Rep\u00fablica, en un acto celebrado en la ciudad de Santiago de los Caballeros.<\/p>\n<p>    A partir de ese momento se produjeron proclamas similares en otras comunidades, incluida la ciudad de Puerto Plata.<\/p>\n<p>    El 4 de julio de 1844, cuando se produjo la proclama, Juan Pablo Duarte se encontraba en Santiago, como parte de un recorrido por el Cibao, ordenado por  la Junta Central Gubernativa,  el d\u00eda 10 de junio de 1844, luego de pasar a ser controlada por los trinitarios.<\/p>\n<p>     Ese d\u00eda  los trinitarios,  que hab\u00edan tomado   el control de la Junta Central  Gubernativa  el 9 de junio de 1844, aprobaron un plan para destituir al general Pedro Santana del mando del Ej\u00e9rcito del Sur.<\/p>\n<p>    En la ocasi\u00f3n, el Ej\u00e9rcito del Sur, era el principal cuerpo armado que ten\u00eda la naciente Rep\u00fablica. <\/p>\n<p>     La Junta Central Gubernativa, presidida por el pr\u00f3cer Francisco del Rosario S\u00e1nchez,  aprob\u00f3  enviar al general Juan Pablo Duarte a las provincias del Cibao, a fin de que orientara a la poblaci\u00f3n que se encontraba muy inquieta por las versiones  que daban cuenta de la existencia de  planes para  convertir el pa\u00eds en un protectorado de Francia.<\/p>\n<p>    Los planes en procura del protectorado de Francia, dividieron a los dominicanos.  En consecuencia, Juan Pablo Duarte ten\u00eda la misi\u00f3n en el Cibao de \u00abintervenir en las discordias intestinas  y restablecer la paz y el orden necesarios para la prosperidad  p\u00fablica\u00bb. <\/p>\n<p>    La salida del General  Duarte  al Cibao se produjo el 20 de junio de 1844.<\/p>\n<p>        Los trinitarios tomaron el poder el d\u00eda  9 de junio de 1844, cuando dieron  un golpe de Estado para quitar el poder a los conservadores que controlaban la Junta Central Gubernativa, presidida por Tom\u00e1s Bobadilla. El grupo deseaba  convertir la naciente Rep\u00fablica Dominicana en un Protectorado de Francia.<\/p>\n<p> Los trinitarios estimaban que Tom\u00e1s Bobadilla y los miembros de la Junta Central Gubernativa, Jos\u00e9 Mar\u00eda Caminero, Francisco Javier Abreu y Francisco Ru\u00edz, eran culpables de conspirar contra la soberan\u00eda nacional al mantener negociaciones encaminadas a obtener la protecci\u00f3n de los franceses.<\/p>\n<p>       Al consumarse el golpe de Estado contra la Junta Central  Gubernativa, el pr\u00f3cer Francisco  del Rosario S\u00e1nchez fue escogido Presidente en lugar de Tom\u00e1s Bobadilla.<\/p>\n<p>     Como dem\u00e1s miembros de la Junta Central Gubernativa fueron designados los trinitarios Pedro Alejandro Pina, Manuel Mar\u00eda Valverde y Juan Isidro P\u00e9rez.<\/p>\n<p>El   pr\u00f3cer Juan Pablo Duarte, quien ostentaba el rango de general, miembro de la Junta, fue designado Comandante Militar de Santo Domingo, la principal guarnici\u00f3n militar de Rep\u00fablica Dominicana.<\/p>\n<p>  Los trinitarios hab\u00edan iniciado el plan para derrocar a los miembros de la Junta Central Gubernativa, a finales de Mayo de 1844, por entender que pon\u00edan en peligro la soberan\u00eda nacional.<\/p>\n<\/p>\n<h6> 2020-07-04 08:14:41 <\/h6>\n<p><!--\n<link rel=\"stylesheet\" href=\"css\/bootstrap.min.css\">\n\n\n<ul class=\"pagination\">\n\t    \n\t\n\n<li >\n\t<a href='?page_no=443'>Previous<\/a>\n\t<\/li>\n\n\n       \n    \n\n<li><a href='?page_no=1'>1<\/a><\/li>\n\n\n\n<li><a href='?page_no=2'>2<\/a><\/li>\n\n\n\n<li><a>...<\/a><\/li>\n\n\n\n<li><a href='?page_no=442'>442<\/a><\/li>\n\n\n\n<li><a href='?page_no=443'>443<\/a><\/li>\n\n\n\n<li class='active'><a>444<\/a><\/li>\n\n\n\n<li><a href='?page_no=445'>445<\/a><\/li>\n\n\n\n<li><a href='?page_no=446'>446<\/a><\/li>\n\n\n\n<li><a>...<\/a><\/li>\n\n\n\n<li><a href='?page_no=22911'>22911<\/a><\/li>\n\n\n\n<li><a href='?page_no=22912'>22912<\/a><\/li>\n\n    \n\t\n\n<li >\n\t<a href='?page_no=445'>Next<\/a>\n\t<\/li>\n\n\n    \n\n<li><a href='?page_no=22912'>Last &rsaquo;&rsaquo;<\/a><\/li>\n\n<\/ul>\n\n\n--><br \/>\n<\/body><\/p>\n","protected":false},"excerpt":{"rendered":"<p>Proclaman en Santiago Duarte Presidente de la Rep\u00fablica A partir de ese momento se produjeron proclamas similares en otras comunidades, incluida la ciudad de Puerto Plata. Por HTN Diariodominicano.com SANTIAGO DE LOS CABALLEROS, el 4 de julio de 1844, un movimiento promovido por el pr\u00f3cer Mat\u00edas Ram\u00f3n Mella, proclam\u00f3 a Juan Pablo Duarte, Presidente de [&hellip;]<\/p>\n","protected":false},"author":3,"featured_media":0,"comment_status":"open","ping_status":"open","sticky":false,"template":"","format":"standard","meta":{"footnotes":""},"categories":[21],"tags":[],"class_list":["post-52062","post","type-post","status-publish","format-standard","hentry","category-cultura"],"_links":{"self":[{"href":"https:\/\/diariodominicano.com\/index.php?rest_route=\/wp\/v2\/posts\/52062","targetHints":{"allow":["GET"]}}],"collection":[{"href":"https:\/\/diariodominicano.com\/index.php?rest_route=\/wp\/v2\/posts"}],"about":[{"href":"https:\/\/diariodominicano.com\/index.php?rest_route=\/wp\/v2\/types\/post"}],"author":[{"embeddable":true,"href":"https:\/\/diariodominicano.com\/index.php?rest_route=\/wp\/v2\/users\/3"}],"replies":[{"embeddable":true,"href":"https:\/\/diariodominicano.com\/index.php?rest_route=%2Fwp%2Fv2%2Fcomments&post=52062"}],"version-history":[{"count":0,"href":"https:\/\/diariodominicano.com\/index.php?rest_route=\/wp\/v2\/posts\/52062\/revisions"}],"wp:attachment":[{"href":"https:\/\/diariodominicano.com\/index.php?rest_route=%2Fwp%2Fv2%2Fmedia&parent=52062"}],"wp:term":[{"taxonomy":"category","embeddable":true,"href":"https:\/\/diariodominicano.com\/index.php?rest_route=%2Fwp%2Fv2%2Fcategories&post=52062"},{"taxonomy":"post_tag","embeddable":true,"href":"https:\/\/diariodominicano.com\/index.php?rest_route=%2Fwp%2Fv2%2Ftags&post=52062"}],"curies":[{"name":"wp","href":"https:\/\/api.w.org\/{rel}","templated":true}]}}