{"id":520540,"date":"2024-04-03T18:03:48","date_gmt":"2024-04-03T22:03:48","guid":{"rendered":"https:\/\/diariodominicano.com\/?p=520540"},"modified":"2024-04-03T18:03:48","modified_gmt":"2024-04-03T22:03:48","slug":"el-tribunal-de-atencion-permanente-de-sde-impone-tres-meses-de-prision-preventiva-a-mujer-involucrada-en-el-asesinato-de-otra-en-el-sector-el-tamarindo","status":"publish","type":"post","link":"https:\/\/diariodominicano.com\/?p=520540","title":{"rendered":"El Tribunal de Atenci\u00f3n permanente de SDE impone tres meses de prisi\u00f3n preventiva a mujer involucrada en el asesinato de otra en el sector El Tamarindo\u00a0"},"content":{"rendered":"\n<p><strong>SANTO DOMINGO ESTE, Rep\u00fablica Dominicana &#8211;<\/strong>\u00a0 El Tribunal de Atenci\u00f3n permanente de este distrito judicial impuso tres meses de prisi\u00f3n preventiva, como medida de coerci\u00f3n, en contra de una mujer involucrada en el asesinato de otra, en un hecho ocurrido en el a\u00f1o 2022, en el sector El Tamarindo de este municipio.<\/p>\n\n\n\n<p>La medida le fue impuesta por el juez Leomar Cruz Quezada, de este tribunal, en contra de Mar\u00eda Escala Bautista, por los hechos cometidos en perjuicio de la occisa Mar\u00eda Elena Rojas.<\/p>\n\n\n\n<p>El expediente instrumentado por el fiscal investigador Wilson D\u00edaz, indica que, en el d\u00eda 17 de diciembre 2022, mientras la hoy occisa estaba en casa de su madre, ubicada en el sector M\u00f3nica Mota, El Tamarindo, se produjo una acalorada discusi\u00f3n entre ambas mujeres, en medio de la cual la imputada le propin\u00f3 a la v\u00edctima una estocada en el t\u00f3rax, herida que le produjo la muerte,<\/p>\n\n\n\n<p>Al cometer el hecho, la imputado inmediatamente emprendi\u00f3 la huida, manteni\u00e9ndose pr\u00f3fuga por dos a\u00f1os.<\/p>\n\n\n\n<p>Durante el conocimiento de la medida de coerci\u00f3n, el Ministerio Publico, representado por el fiscal litigante Florentino Zabala, present\u00f3 suficientes elementos probatorios que vinculan a la imputada con hechos, y que precisan una violaci\u00f3n a los 295 y 304 del C\u00f3digo Penal Dominicano, sobre homicidio.<\/p>\n\n\n\n<p>El \u00f3rgano persecutor, estableci\u00f3 el peligro de fuga que constituye que la imputada conozca el proceso con otra medida que no sea la prisi\u00f3n preventiva.<\/p>\n\n\n\n<p>La prisi\u00f3n preventiva deber\u00e1 ser cumplida por la imputada en el Centro de Correcci\u00f3n y Rehabilitaci\u00f3n Najayo Mujeres.<strong><\/strong><\/p>\n\n\n\n<p><strong>Direcci\u00f3n General de Comunicaci\u00f3n, Prensa, y RRPP<\/strong><strong><\/strong><\/p>\n\n\n\n<p>Ministerio P\u00fablico.&nbsp;R.D.<\/p>\n\n\n\n<p>Mi\u00e9rcoles, 3 de abril de 2024<\/p>\n\n\n\n<p>&#8230;<\/p>\n","protected":false},"excerpt":{"rendered":"<p>SANTO DOMINGO ESTE, Rep\u00fablica Dominicana &#8211;\u00a0 El Tribunal de Atenci\u00f3n permanente de este distrito judicial impuso tres meses de prisi\u00f3n preventiva, como medida de coerci\u00f3n, en contra de una mujer involucrada en el asesinato de otra, en un hecho ocurrido en el a\u00f1o 2022, en el sector El Tamarindo de este municipio. La medida le [&hellip;]<\/p>\n","protected":false},"author":28,"featured_media":329468,"comment_status":"closed","ping_status":"","sticky":true,"template":"","format":"standard","meta":{"footnotes":""},"categories":[24,29,27],"tags":[],"class_list":["post-520540","post","type-post","status-publish","format-standard","has-post-thumbnail","hentry","category-justicia-y-derecho","category-policiasucesos","category-portada"],"_links":{"self":[{"href":"https:\/\/diariodominicano.com\/index.php?rest_route=\/wp\/v2\/posts\/520540","targetHints":{"allow":["GET"]}}],"collection":[{"href":"https:\/\/diariodominicano.com\/index.php?rest_route=\/wp\/v2\/posts"}],"about":[{"href":"https:\/\/diariodominicano.com\/index.php?rest_route=\/wp\/v2\/types\/post"}],"author":[{"embeddable":true,"href":"https:\/\/diariodominicano.com\/index.php?rest_route=\/wp\/v2\/users\/28"}],"replies":[{"embeddable":true,"href":"https:\/\/diariodominicano.com\/index.php?rest_route=%2Fwp%2Fv2%2Fcomments&post=520540"}],"version-history":[{"count":1,"href":"https:\/\/diariodominicano.com\/index.php?rest_route=\/wp\/v2\/posts\/520540\/revisions"}],"predecessor-version":[{"id":520541,"href":"https:\/\/diariodominicano.com\/index.php?rest_route=\/wp\/v2\/posts\/520540\/revisions\/520541"}],"wp:featuredmedia":[{"embeddable":true,"href":"https:\/\/diariodominicano.com\/index.php?rest_route=\/wp\/v2\/media\/329468"}],"wp:attachment":[{"href":"https:\/\/diariodominicano.com\/index.php?rest_route=%2Fwp%2Fv2%2Fmedia&parent=520540"}],"wp:term":[{"taxonomy":"category","embeddable":true,"href":"https:\/\/diariodominicano.com\/index.php?rest_route=%2Fwp%2Fv2%2Fcategories&post=520540"},{"taxonomy":"post_tag","embeddable":true,"href":"https:\/\/diariodominicano.com\/index.php?rest_route=%2Fwp%2Fv2%2Ftags&post=520540"}],"curies":[{"name":"wp","href":"https:\/\/api.w.org\/{rel}","templated":true}]}}