{"id":520530,"date":"2024-04-03T17:40:56","date_gmt":"2024-04-03T21:40:56","guid":{"rendered":"https:\/\/diariodominicano.com\/?p=520530"},"modified":"2024-04-03T17:42:13","modified_gmt":"2024-04-03T21:42:13","slug":"es-tiempo-de-actuar-oea-aprueba-resolucion-en-apoyo-a-la-transicion-democratica-en-haiti","status":"publish","type":"post","link":"https:\/\/diariodominicano.com\/?p=520530","title":{"rendered":"\u201cEs tiempo de actuar\u201d: OEA aprueba resoluci\u00f3n en apoyo a la transici\u00f3n democr\u00e1tica en Hait\u00ed"},"content":{"rendered":"\n<p>Un auto de polic\u00eda blindado patrulla la zona del Hospital General, en Puerto Pr\u00edncipe, Hait\u00ed, el martes 2 de abril de 2024.<\/p>\n\n\n\n<p><\/p>\n\n\n\n<ul class=\"wp-block-list\">\n<li><a href=\"https:\/\/www.vozdeamerica.com\/author\/salome-ramirez-vargas\/qu_vo\">Salom\u00e9 Ram\u00edrez Vargas<\/a><\/li>\n<\/ul>\n\n\n\n<ul class=\"wp-block-list\">\n<li><a href=\"https:\/\/facebook.com\/sharer.php?u=https%3a%2f%2fwww.vozdeamerica.com%2fa%2foea-resolucion-apoyo-transicion-democratica-haiti%2f7555367.html\" target=\"_blank\" rel=\"noreferrer noopener\"><\/a><\/li>\n\n\n\n<li><a href=\"https:\/\/twitter.com\/share?url=https%3a%2f%2fwww.vozdeamerica.com%2fa%2foea-resolucion-apoyo-transicion-democratica-haiti%2f7555367.html&amp;text=%e2%80%9cEs+tiempo+de+actuar%e2%80%9d%3a+OEA+aprueba+resoluci%c3%b3n+en+apoyo+a+la+transici%c3%b3n+democr%c3%a1tica+en+Hait%c3%ad\" target=\"_blank\" rel=\"noreferrer noopener\"><\/a><\/li>\n\n\n\n<li><\/li>\n\n\n\n<li><a href=\"mailto:?body=https%3a%2f%2fwww.vozdeamerica.com%2fa%2foea-resolucion-apoyo-transicion-democratica-haiti%2f7555367.html&amp;subject=%E2%80%9CEs%20tiempo%20de%20actuar%E2%80%9D:%20OEA%20aprueba%20resoluci%C3%B3n%20en%20apoyo%20a%20la%20transici%C3%B3n%20democr%C3%A1tica%20en%20Hait%C3%AD\"><\/a><\/li>\n<\/ul>\n\n\n\n<p><a href=\"https:\/\/www.vozdeamerica.com\/a\/oea-resolucion-apoyo-transicion-democratica-haiti\/7555367.html#comments\">&nbsp;Vea comentarios<\/a><\/p>\n\n\n\n<p>Miembros de la Organizaci\u00f3n de los Estados Americanos aprobaron una resoluci\u00f3n que apoya la transici\u00f3n democr\u00e1tica en Hait\u00ed en un acto que aseguran \u201cenv\u00eda un mensaje claro\u201d sobre el compromiso internacional con la estabilidad en el pa\u00eds caribe\u00f1o.<\/p>\n\n\n\n<p>WASHINGTON \u2014&nbsp;<\/p>\n\n\n\n<p>El Consejo Permanente de la Organizaci\u00f3n de los Estados Americanos (OEA) adopt\u00f3 este mi\u00e9rcoles una resoluci\u00f3n en apoyo a la transici\u00f3n democr\u00e1tica en Hait\u00ed bajo la que buscan que los pa\u00edses miembros \u201credoblen sus esfuerzos\u201d para promover el desarrollo institucional, social y econ\u00f3mico del pa\u00eds caribe\u00f1o en medio de su&nbsp;<strong><em><a href=\"https:\/\/www.vozdeamerica.com\/a\/jefe-de-derechos-humanos-onu-deplora-magnitud-sin-precedentes-de-violaciones-en-haiti\/7553435.html\" target=\"_blank\" rel=\"noreferrer noopener\">crisis de seguridad.<\/a><\/em><\/strong><\/p>\n\n\n\n<p>La resoluci\u00f3n fue presentada por el embajador de EEUU ante la OEA, Francisco Mora, quien adem\u00e1s sirve como presidente interino del Grupo de Trabajo para Hait\u00ed del organismo.<\/p>\n\n\n\n<p>Mora resalt\u00f3 que esta \u201caplaude el compromiso de las partes interesadas haitianas con la gobernanza de transici\u00f3n, abogando por una transferencia pac\u00edfica del poder, la continuidad de la gobernanza y la celebraci\u00f3n de elecciones libres y justas dentro de un plazo razonable\u201d.<\/p>\n\n\n\n<p><\/p>\n\n\n\n<p>Por otro lado, hace un llamado a que la comunidad internacional impulse esa&nbsp;<a href=\"https:\/\/www.vozdeamerica.com\/a\/consejo-transicion-haiti-casi-listo-para-asumir-funciones\/7546380.html\" target=\"_blank\" rel=\"noreferrer noopener\"><em><strong>transici\u00f3n democr\u00e1tica<\/strong><\/em>&nbsp;<\/a>mediante apoyo financiero, asistencia t\u00e9cnica y contribuciones para apoyar la paz.<\/p>\n\n\n\n<p>Gandy Thomas, embajador interino de Hait\u00ed ante la OEA, asegur\u00f3 que la adopci\u00f3n de la resoluci\u00f3n \u201ces una se\u00f1al muy importante\u201d de compromiso hemisf\u00e9rico. \u201cLas vidas haitianas importan\u201d, repiti\u00f3 Thomas.<\/p>\n\n\n\n<p>\u201cLas pandillas se han apoderado de pr\u00e1cticamente todo el pa\u00eds. Y perm\u00edtanme decirles que si no se hace nada casi de inmediato, la cat\u00e1strofe ser\u00e1 sin precedentes. El pueblo haitiano est\u00e1 aterrorizado. Se sienten perdidos. Se sienten completamente olvidados\u201d, agreg\u00f3 el funcionario haitiano.<\/p>\n\n\n\n<p>El Grupo de Trabajo para Hait\u00ed se mostr\u00f3 particularmente preocupado por la forma en que la violencia de las bandas criminales afecta en forma m\u00e1s severa a mujeres, ni\u00f1as, ni\u00f1os y personas en situaci\u00f3n de vulnerabilidad\u201d.<\/p>\n\n\n\n<figure class=\"wp-block-image\"><img decoding=\"async\" src=\"https:\/\/gdb.voanews.com\/0d73f3e4-d840-4dcf-9970-7f8938def3c6_w250_r1.jpg\" alt=\"La ONU advierte un \u201ccataclismo\u201d por la violencia indiscriminada en Hait\u00ed\n\" title=\"La ONU advierte un \u201ccataclismo\u201d por la violencia indiscriminada en Hait\u00ed\n\"\/><\/figure>\n\n\n\n<p>&nbsp;INSERTAR&nbsp;SHARE<\/p>\n\n\n\n<h5 class=\"wp-block-heading\"><a href=\"https:\/\/www.vozdeamerica.com\/a\/7554811.html\" target=\"_blank\" rel=\"noreferrer noopener\">La ONU advierte un \u201ccataclismo\u201d por la violencia indiscriminada en Hait\u00ed<\/a><\/h5>\n\n\n\n<p><small>Por&nbsp;<a href=\"https:\/\/www.vozdeamerica.com\/\" target=\"_blank\" rel=\"noreferrer noopener\">Voz de Am\u00e9rica<\/a><\/small><\/p>\n\n\n\n<p>&nbsp;INSERTAR&nbsp;SHARE<\/p>\n\n\n\n<p>El c\u00f3digo se ha copiado en su portapapeles.<\/p>\n\n\n\n<p>The URL has been copied to your clipboard<\/p>\n\n\n\n<ul class=\"wp-block-list\">\n<li><a href=\"https:\/\/facebook.com\/sharer.php?u=https%3a%2f%2fwww.vozdeamerica.com%2fa%2f7554811.html\" target=\"_blank\" rel=\"noreferrer noopener\">Comparta en Facebook<\/a><\/li>\n\n\n\n<li><a href=\"https:\/\/twitter.com\/share?url=https%3a%2f%2fwww.vozdeamerica.com%2fa%2f7554811.html&amp;text=La+ONU+advierte+un+%e2%80%9ccataclismo%e2%80%9d+por+la+violencia+indiscriminada+en+Hait%c3%ad%0a\" target=\"_blank\" rel=\"noreferrer noopener\">Comparta en Twitter<\/a><\/li>\n<\/ul>\n\n\n\n<hr class=\"wp-block-separator has-alpha-channel-opacity\"\/>\n\n\n\n<p>No media source currently available<\/p>\n\n\n\n<p>0:001:490:00<\/p>\n\n\n\n<p>&nbsp;Descargar&nbsp;&nbsp;Pop-out player<\/p>\n\n\n\n<p>Los miembros de la OEA, entre ellos, Guyana y Rep\u00fablica Dominicana, reiteraron la importancia del establecimiento del consejo de transici\u00f3n presidencial que se encargar\u00e1 de seleccionar a un nuevo primer ministro, y as\u00ed tambi\u00e9n dar paso a la<strong><em>&nbsp;<\/em><\/strong><a href=\"https:\/\/www.vozdeamerica.com\/a\/presidente-biden-autoriza-ayuda-de-eeuu-a-las-fuerzas-de-seguridad-en-haiti-\/7549979.html\" target=\"_blank\" rel=\"noreferrer noopener\"><strong><em>misi\u00f3n de apoyo de seguridad nacional<\/em><\/strong>&nbsp;<\/a>aprobada por la Organizaci\u00f3n de las Naciones Unidas.<\/p>\n\n\n\n<p>\u201cEsta resoluci\u00f3n es un testimonio claro de nuestra solidaridad y apoyo a la poblaci\u00f3n haitiana en momentos dif\u00edciles. Para Rep\u00fablica Dominicana, la estabilidad pol\u00edtica de Hait\u00ed es un asunto de seguridad nacional\u201d, dijo Mayerlyn Cordero, embajadora del Rep\u00fablica Dominicana ante la OEA.<\/p>\n\n\n\n<p>Per\u00fa, Brasil, Bolivia, Canad\u00e1, Panam\u00e1, Ecuador, Colombia y M\u00e9xico fueron algunos de los pa\u00edses que se expresaron ante el consejo permanente en apoyo a la resoluci\u00f3n y compartiendo la preocupaci\u00f3n por las necesidades humanitarias en Hait\u00ed.<\/p>\n\n\n\n<p>En el caso de Uruguay, el embajador Washington Abdala resalt\u00f3 que aunque resoluciones como estas son importantes, las contribuciones de la OEA deben hacerse \u201cde manera m\u00e1s real y pragm\u00e1tica\u201d.<\/p>\n\n\n\n<p><a href=\"https:\/\/www.vozdeamerica.com\/a\/experto-de-la-onu-haiti-necesita-hasta-5-000-policias-adicionales-para-hacer-frente-a-la-violencia\/7548528.html\"><\/a><\/p>\n\n\n\n<p><a href=\"https:\/\/www.vozdeamerica.com\/a\/experto-de-la-onu-haiti-necesita-hasta-5-000-policias-adicionales-para-hacer-frente-a-la-violencia\/7548528.html\">TAMBI\u00c9N LEA<\/a><\/p>\n\n\n\n<h4 class=\"wp-block-heading\"><a href=\"https:\/\/www.vozdeamerica.com\/a\/experto-de-la-onu-haiti-necesita-hasta-5-000-policias-adicionales-para-hacer-frente-a-la-violencia\/7548528.html\">Experto de la ONU: Hait\u00ed necesita hasta 5.000 polic\u00edas adicionales para hacer frente a la violencia<\/a><\/h4>\n\n\n\n<p>\u201cNosotros llamamos a una misi\u00f3n multinacional que tiene que ir r\u00e1pido (a Hait\u00ed)&#8230; no creo que la OEA tenga la fuerza de impulsar la misi\u00f3n, pero quien lo que tenga que lo haga\u2026 porque minuto que pasa es minuto que hay m\u00e1s muerte y sangre en Hait\u00ed\u201d, agreg\u00f3 Abdala. \u201c\u00bfSeguiremos firmando declaraciones? No ser\u00eda buena cosa\u201d.<\/p>\n\n\n\n<p>Aunque la resoluci\u00f3n aprobada este mi\u00e9rcoles establece un proceso de seguimiento y bienvenida a las acciones para apoyar a Hait\u00ed, el Consejo Permanente de la OEA se reunir\u00e1 de nuevo en mayo para establecer una \u201cagenda de acci\u00f3n\u201d que detalle espec\u00edficamente una hoja de ruta para seguir.<\/p>\n\n\n\n<p>\u201cSabemos que es tiempo de actuar, de restablecer la paz y la seguridad en Hait\u00ed\u2026 la secretar\u00eda general sigue con gran preocupaci\u00f3n la situaci\u00f3n de inseguridad en el pa\u00eds y el terrible costo humano que sigue provocando\u201d, concluy\u00f3 Luis Almagro, secretario general de la OEA.<\/p>\n\n\n\n<p>Mientras tanto, la violencia ha causado que m\u00e1s de&nbsp;<strong><em><a href=\"https:\/\/www.vozdeamerica.com\/a\/violencia-haiti-desplaza-33000-personas-\/7538819.html\" target=\"_blank\" rel=\"noreferrer noopener\">53.000 personas huyan de la capital de Hait\u00ed<\/a><\/em><\/strong>&nbsp;en menos de tres semanas, seg\u00fan la ONU.<\/p>\n\n\n\n<p>De las 53.125 personas que huyeron de Puerto Pr\u00edncipe entre el 8 y el 27 de marzo, cerca del 70 % hab\u00edan sido obligadas a abandonar sus casas y estaban viviendo con familiares o en los hacinados e insalubres refugios improvisados instalados en diversas partes de la capital.<\/p>\n\n\n\n<p>VOA<\/p>\n","protected":false},"excerpt":{"rendered":"<p>Un auto de polic\u00eda blindado patrulla la zona del Hospital General, en Puerto Pr\u00edncipe, Hait\u00ed, el martes 2 de abril de 2024. &nbsp;Vea comentarios Miembros de la Organizaci\u00f3n de los Estados Americanos aprobaron una resoluci\u00f3n que apoya la transici\u00f3n democr\u00e1tica en Hait\u00ed en un acto que aseguran \u201cenv\u00eda un mensaje claro\u201d sobre el compromiso internacional [&hellip;]<\/p>\n","protected":false},"author":28,"featured_media":520531,"comment_status":"closed","ping_status":"","sticky":true,"template":"","format":"standard","meta":{"footnotes":""},"categories":[112,23,27],"tags":[],"class_list":["post-520530","post","type-post","status-publish","format-standard","has-post-thumbnail","hentry","category-haiti","category-internacional","category-portada"],"_links":{"self":[{"href":"https:\/\/diariodominicano.com\/index.php?rest_route=\/wp\/v2\/posts\/520530","targetHints":{"allow":["GET"]}}],"collection":[{"href":"https:\/\/diariodominicano.com\/index.php?rest_route=\/wp\/v2\/posts"}],"about":[{"href":"https:\/\/diariodominicano.com\/index.php?rest_route=\/wp\/v2\/types\/post"}],"author":[{"embeddable":true,"href":"https:\/\/diariodominicano.com\/index.php?rest_route=\/wp\/v2\/users\/28"}],"replies":[{"embeddable":true,"href":"https:\/\/diariodominicano.com\/index.php?rest_route=%2Fwp%2Fv2%2Fcomments&post=520530"}],"version-history":[{"count":4,"href":"https:\/\/diariodominicano.com\/index.php?rest_route=\/wp\/v2\/posts\/520530\/revisions"}],"predecessor-version":[{"id":520535,"href":"https:\/\/diariodominicano.com\/index.php?rest_route=\/wp\/v2\/posts\/520530\/revisions\/520535"}],"wp:featuredmedia":[{"embeddable":true,"href":"https:\/\/diariodominicano.com\/index.php?rest_route=\/wp\/v2\/media\/520531"}],"wp:attachment":[{"href":"https:\/\/diariodominicano.com\/index.php?rest_route=%2Fwp%2Fv2%2Fmedia&parent=520530"}],"wp:term":[{"taxonomy":"category","embeddable":true,"href":"https:\/\/diariodominicano.com\/index.php?rest_route=%2Fwp%2Fv2%2Fcategories&post=520530"},{"taxonomy":"post_tag","embeddable":true,"href":"https:\/\/diariodominicano.com\/index.php?rest_route=%2Fwp%2Fv2%2Ftags&post=520530"}],"curies":[{"name":"wp","href":"https:\/\/api.w.org\/{rel}","templated":true}]}}