{"id":52051,"date":"2020-07-04T23:40:14","date_gmt":"2020-07-04T23:40:14","guid":{"rendered":"http:\/\/diariodominicano.ddns.net\/?p=52051"},"modified":"2020-07-04T23:40:14","modified_gmt":"2020-07-04T23:40:14","slug":"llega-la-primera-mision-del-prd-a-republica-dominicana","status":"publish","type":"post","link":"https:\/\/diariodominicano.com\/?p=52051","title":{"rendered":"Llega la primera misi\u00f3n del  PRD a Rep\u00fablica Dominicana"},"content":{"rendered":"<p><body><\/p>\n<p><img decoding=\"async\" src=\"img3\/Angel miolan1961.jpg\" \/>  <\/p>\n<p><strong>Diariodominicano.com<\/strong><\/p>\n<p><strong>Llega la primera misi\u00f3n del  PRD a Rep\u00fablica Dominicana<\/strong><\/p>\n<p>La Comisi\u00f3n   vino con el prop\u00f3sito de iniciar las actividades en el pa\u00eds, en un momento que a\u00fan permanec\u00edan en el poder  los miembros de la familia y la estructura represiva  de la dictadura trujillista.<\/p>\n<p><strong>H\u00e9ctor Tineo Nolasco<\/strong><\/p>\n<p><strong>Diariodominicano.com<\/strong><\/p>\n<p><strong>  SANTO DOMINGO,  el 5 de julio de 1961,<\/strong> lleg\u00f3 a Rep\u00fablica Dominicana  la primera comisi\u00f3n del Partido Revolucionario Dominicano (PRD), que hab\u00eda sido fundado en la Habana en el a\u00f1o 1939.<\/p>\n<\/p>\n<p>La Comisi\u00f3n   vino con el prop\u00f3sito de iniciar las actividades en el pa\u00eds, en un momento que a\u00fan permanec\u00edan en el poder  los miembros de la familia y la estructura represiva  de la dictadura trujillista.<\/p>\n<\/p>\n<p>   El dictador Rafael Le\u00f3nidas Trujillo Molina  hab\u00eda sido  asesinado el 30 de mayo de 1961,  pero el 5 de julio de 1961, cuando lleg\u00f3 la comisi\u00f3n del PRD, formada por Nicol\u00e1s Silva, Ram\u00f3n Castillo y Angel Miol\u00e1n, en el pa\u00eds se viv\u00eda una situaci\u00f3n de terror.<\/p>\n<\/p>\n<p>   Varios de los participantes en la muerte de Trujillo hab\u00edan  sido torturados y asesinados, as\u00ed como familiares y amigos.<\/p>\n<\/p>\n<p>   Luego la comisi\u00f3n del PRD se entrevist\u00f3 con las autoridades de turno, incluido el hijo del dictador Rafael Le\u00f3nidas Trujillo Mart\u00ednez (RAMFIS), que era jefe del Estado Mayor Conjunto, el m\u00e1ximo aparato militar del pa\u00eds.<\/p>\n<\/p>\n<p>    Al PRD luego le tocar\u00eda luchar por la destrujillizaci\u00f3n del pa\u00eds.<\/p>\n<\/p>\n<p>   En las elecciones del 20 de diciembre de 1962, las primeras tras la ca\u00edda de la dictadura, result\u00f3 triunfante el PRD, con sus candidatos  el profesor Juan Bosch y  el doctor Segundo Armando  Gonz\u00e1lez Tamayo.<\/p>\n<\/p>\n<p>   El primer Gobierno perrede\u00edsta fue derrocado el 25 de septiembre de 1963, pero el PRD sigui\u00f3 su lucha hasta lograr el retorno a la constitucionalidad. <\/p>\n<p> El PRD hab\u00eda sido fundado por exiliados pol\u00edticos dominicanos  en la Habana, Cuba, el  21 de enero de 1939. Su primera reuni\u00f3n se produjo en  \u00abEl Cano\u00bb, en las  afueras de La Habana, en la residencia de Virgilio Mainardi  Reyna, y  se estructur\u00f3 en 194 en el Primer Congreso Constitutivo, con la participaci\u00f3n de las delegaciones de La Habana, Santiago de Cuba, Guant\u00e1namo, Bay\u00e1mo, Nueva York, Puerto Rico y Venezuela.  <\/p>\n<p>La actividad fue encabezada por  Juan Bosch Gavi\u00f1o,  Juan Isidro Jimenes Grull\u00f3n, y Enrique Cotubanam\u00e1 Henr\u00edquez.<\/p>\n<p>Entre los asistentes al acto  se encontraron  R\u00f3mulo Betancourt, de Acci\u00f3n Democr\u00e1tica de Venezuela, y Lu\u00eds Alberto S\u00e1nchez del APRA, del Per\u00fa.<\/p>\n<\/p>\n<h6> 2020-07-04 23:40:14 <\/h6>\n<p><!--\n<link rel=\"stylesheet\" href=\"css\/bootstrap.min.css\">\n\n\n<ul class=\"pagination\">\n\t    \n\t\n\n<li >\n\t<a href='?page_no=442'>Previous<\/a>\n\t<\/li>\n\n\n       \n    \n\n<li><a href='?page_no=1'>1<\/a><\/li>\n\n\n\n<li><a href='?page_no=2'>2<\/a><\/li>\n\n\n\n<li><a>...<\/a><\/li>\n\n\n\n<li><a href='?page_no=441'>441<\/a><\/li>\n\n\n\n<li><a href='?page_no=442'>442<\/a><\/li>\n\n\n\n<li class='active'><a>443<\/a><\/li>\n\n\n\n<li><a href='?page_no=444'>444<\/a><\/li>\n\n\n\n<li><a href='?page_no=445'>445<\/a><\/li>\n\n\n\n<li><a>...<\/a><\/li>\n\n\n\n<li><a href='?page_no=22911'>22911<\/a><\/li>\n\n\n\n<li><a href='?page_no=22912'>22912<\/a><\/li>\n\n    \n\t\n\n<li >\n\t<a href='?page_no=444'>Next<\/a>\n\t<\/li>\n\n\n    \n\n<li><a href='?page_no=22912'>Last &rsaquo;&rsaquo;<\/a><\/li>\n\n<\/ul>\n\n\n--><br \/>\n<\/body><\/p>\n","protected":false},"excerpt":{"rendered":"<p>Diariodominicano.com Llega la primera misi\u00f3n del PRD a Rep\u00fablica Dominicana La Comisi\u00f3n vino con el prop\u00f3sito de iniciar las actividades en el pa\u00eds, en un momento que a\u00fan permanec\u00edan en el poder los miembros de la familia y la estructura represiva de la dictadura trujillista. H\u00e9ctor Tineo Nolasco Diariodominicano.com SANTO DOMINGO, el 5 de julio [&hellip;]<\/p>\n","protected":false},"author":3,"featured_media":0,"comment_status":"open","ping_status":"open","sticky":false,"template":"","format":"standard","meta":{"footnotes":""},"categories":[21],"tags":[],"class_list":["post-52051","post","type-post","status-publish","format-standard","hentry","category-cultura"],"_links":{"self":[{"href":"https:\/\/diariodominicano.com\/index.php?rest_route=\/wp\/v2\/posts\/52051","targetHints":{"allow":["GET"]}}],"collection":[{"href":"https:\/\/diariodominicano.com\/index.php?rest_route=\/wp\/v2\/posts"}],"about":[{"href":"https:\/\/diariodominicano.com\/index.php?rest_route=\/wp\/v2\/types\/post"}],"author":[{"embeddable":true,"href":"https:\/\/diariodominicano.com\/index.php?rest_route=\/wp\/v2\/users\/3"}],"replies":[{"embeddable":true,"href":"https:\/\/diariodominicano.com\/index.php?rest_route=%2Fwp%2Fv2%2Fcomments&post=52051"}],"version-history":[{"count":0,"href":"https:\/\/diariodominicano.com\/index.php?rest_route=\/wp\/v2\/posts\/52051\/revisions"}],"wp:attachment":[{"href":"https:\/\/diariodominicano.com\/index.php?rest_route=%2Fwp%2Fv2%2Fmedia&parent=52051"}],"wp:term":[{"taxonomy":"category","embeddable":true,"href":"https:\/\/diariodominicano.com\/index.php?rest_route=%2Fwp%2Fv2%2Fcategories&post=52051"},{"taxonomy":"post_tag","embeddable":true,"href":"https:\/\/diariodominicano.com\/index.php?rest_route=%2Fwp%2Fv2%2Ftags&post=52051"}],"curies":[{"name":"wp","href":"https:\/\/api.w.org\/{rel}","templated":true}]}}