{"id":520497,"date":"2024-04-03T16:30:35","date_gmt":"2024-04-03T20:30:35","guid":{"rendered":"https:\/\/diariodominicano.com\/?p=520497"},"modified":"2024-04-03T16:33:53","modified_gmt":"2024-04-03T20:33:53","slug":"universidad-apec-lanza-radio-unapec-la-nueva-voz-universitaria-en-el-aire","status":"publish","type":"post","link":"https:\/\/diariodominicano.com\/?p=520497","title":{"rendered":"Universidad APEC lanza Radio Unapec: La nueva voz universitaria en el aire"},"content":{"rendered":"\n<p>Abad L\u00f3pez explica detalles de Radio Unapec<\/p>\n\n\n\n<figure class=\"wp-block-image size-full\"><img loading=\"lazy\" decoding=\"async\" width=\"882\" height=\"588\" src=\"https:\/\/diariodominicano.com\/wp-content\/uploads\/2024\/04\/Laura-Castellanos-2.jpg\" alt=\"\" class=\"wp-image-520502\" srcset=\"https:\/\/diariodominicano.com\/wp-content\/uploads\/2024\/04\/Laura-Castellanos-2.jpg 882w, https:\/\/diariodominicano.com\/wp-content\/uploads\/2024\/04\/Laura-Castellanos-2-300x200.jpg 300w, https:\/\/diariodominicano.com\/wp-content\/uploads\/2024\/04\/Laura-Castellanos-2-768x512.jpg 768w, https:\/\/diariodominicano.com\/wp-content\/uploads\/2024\/04\/Laura-Castellanos-2-816x544.jpg 816w\" sizes=\"auto, (max-width: 882px) 100vw, 882px\" \/><\/figure>\n\n\n\n<p>Se enmarca en la segunda&nbsp;Feria de Innovaci\u00f3n Universitaria Dominicana Innova 2024,&nbsp;que cuenta con el apoyo del&nbsp;Mescyt y la OGTIC, y es una muestra de innovaci\u00f3n, del avance de la comunicaci\u00f3n y de la transformaci\u00f3n digital que viene articul\u00e1ndose desde la casa de altos estudios<\/p>\n\n\n\n<p><strong>Santo Domingo, D.N<\/strong>.&nbsp;&nbsp;La Universidad APEC anunci\u00f3 la apertura de la emisora de radio, Radio Unapec, una plataforma din\u00e1mica, juvenil y de car\u00e1cter educativo-sociocultural, destinada a fomentar la difusi\u00f3n de conocimientos acad\u00e9micos, cient\u00edficos, culturales y sociales<\/p>\n\n\n\n<p>Radio Unapec se presenta como un espacio vital para la expresi\u00f3n estudiantil y del personal acad\u00e9mico, y su lanzamiento se inscribe en la Feria de Innovaci\u00f3n Universitaria Dominicana Innova 2024, que, en su segunda edici\u00f3n, abre en las instalaciones de Unapec, con el apoyo del Ministerio de Educaci\u00f3n Superior, Ciencia y Tecnolog\u00eda (MESCYT), y la Oficina Gubernamental&nbsp;de Tecnolog\u00edas de la Informaci\u00f3n y Comunicaci\u00f3n (OGTIC).<\/p>\n\n\n\n<p>La Feria de Innovaci\u00f3n es un evento anual que se realiza en todos los campus universitarios de la Rep\u00fablica Dominicana durante el mes de abril, coincidiendo con el D\u00eda Mundial de la Creatividad y la Innovaci\u00f3n; re\u00fane a diversos actores del \u00e1mbito acad\u00e9mico y empresarial, con el objetivo com\u00fan de inspirar el fomento de la innovaci\u00f3n y la creatividad.<\/p>\n\n\n\n<p>El acto de lanzamiento de Radio Unapec fue encabezado por el rector, Dr. Franklyn Holgu\u00edn Hach\u00e9\u00a0y el\u00a0viceministro de Ciencia y Tecnolog\u00eda del Ministerio de Educaci\u00f3n Superior, Ciencia y Tecnolog\u00eda (Mescyt), Genaro Rodr\u00edguez Mart\u00ednez.<\/p>\n\n\n\n<p><\/p>\n\n\n\n<p>Integraron asimismo la l\u00ednea anfitriona Elsa Mar\u00eda Moquete, vicerrectora Acad\u00e9mica Interina de Unapec; el Lic.&nbsp;Alejandro Moscoso Segarra, decano de la Facultad de Humanidades;&nbsp;Raysa P\u00e9rez, decana de Estudiantes;&nbsp;la Dra. Alicia \u00c1lvarez, directora de la Escuela de Artes y Comunicaciones;&nbsp;S\u00f3crates Aguasvivas, director del Centro de Apoyo al Estudiante, y&nbsp;el Licdo. Abad L\u00f3pez, coordinador de la licenciatura en Comunicaci\u00f3n Digital y encargado de la Radio Unapec.<\/p>\n\n\n\n<p>En sus palabras de apertura, el rector de Unapec, resalt\u00f3 que, con el lanzamiento de la emisora,&nbsp;Unapec reafirma su alcance nacional e internacional en un medio de masas dirigido a personas en el pa\u00eds y en otras latitudes, abierto a la comunidad universitaria para contribuir a su desarrollo e impacto.<\/p>\n\n\n\n<p>&lt;&lt; En primer lugar, la educaci\u00f3n, previendo la articulaci\u00f3n de espacios de debate sobre diversas tem\u00e1ticas de impacto de car\u00e1cter transversal y sectorial, as\u00ed como&nbsp;<em>trending topics<\/em>&nbsp;del momento, y, en segundo lugar, el entretenimiento, con una programaci\u00f3n musical y de entrevistas variadas, reflejando y visibilizando la vida universitaria de Unapec, y su amplio componente cultural y de extensi\u00f3n &gt;&gt;, enfatiz\u00f3.<\/p>\n\n\n\n<p>Agreg\u00f3, asimismo, que el recurso de la informaci\u00f3n tendr\u00e1 un espacio privilegiado, &lt;&lt; para que sea un medio de credibilidad, al transmitir informaciones veraces, y para dar a conocer a la sociedad, los programas, proyectos, innovaciones y alianzas de Unapec &gt;&gt;.<\/p>\n\n\n\n<p>&lt;&lt; Las funciones cl\u00e1sicas de las instituciones acad\u00e9micas est\u00e1n avanzando hacia una funci\u00f3n m\u00e1s social, m\u00e1s cercana a la ciudadan\u00eda, en la cual se proyecta la responsabilidad social universitaria, y precisamente ese es el perfil de&nbsp;Radio Unapec, espacio din\u00e1mico que trasciende la funci\u00f3n tradicional de las universidades, para fusionar el aprendizaje acad\u00e9mico con la creatividad, la cultura y la participaci\u00f3n social,&nbsp;&gt;&gt;, apunt\u00f3 el doctor Holgu\u00edn Hach\u00e9.<\/p>\n\n\n\n<p>La actividad cont\u00f3 con la participaci\u00f3n de Laura Castellanos, fundadora de Castellanos, Comunicaci\u00f3n Estrat\u00e9gica y creadora del&nbsp;<em>Podcast Gente Brava<\/em>, quien tuvo a su cargo la charla&nbsp;<em>La magia del Podcast: 10 historias, 10 lecciones<\/em>, en&nbsp;calidad de oradora invitada.<\/p>\n\n\n\n<p>Radio Unapec estar\u00e1 presente en varias plataformas digitales para garantizar un alcance amplio y diverso de los oyentes que podr\u00e1n sintonizar la emisora a trav\u00e9s de la landig page,&nbsp;<a href=\"http:\/\/radio.unapec.edu.do\/\" target=\"_blank\" rel=\"noreferrer noopener\">radio.unapec.edu.do<\/a>, as\u00ed como en plataformas populares como YouTube, Spotify, Apple Podcast y Amazon Music.&nbsp;<\/p>\n\n\n\n<p>As\u00ed lo explic\u00f3 Abad L\u00f3pez,&nbsp;coordinador de la licenciatura en Comunicaci\u00f3n Digital y encargado de la Radio Unapec, al poner de relieve&nbsp;que entre los&nbsp;objetivos espec\u00edficos de la radioemisora, figuran desarrollar podcast que promuevan la responsabilidad social, la sostenibilidad y el compromiso, complementando y enriqueciendo las propuestas curriculares de la universidad, mediante la difusi\u00f3n de la investigaci\u00f3n, creaci\u00f3n y producci\u00f3n cient\u00edfica, tecnol\u00f3gica, cultural y art\u00edstica generada internamente, as\u00ed como una programaci\u00f3n promotora de las diferentes expresiones culturales y art\u00edsticas de la comunidad.<\/p>\n\n\n\n<p>Del mismo modo, procura establecer un canal de comunicaci\u00f3n eficaz a base de una programaci\u00f3n que aborde y analice los acontecimientos actuales y su impacto en la sociedad y el mundo acad\u00e9mico.<\/p>\n\n\n\n<p>Tambi\u00e9n, se propone crear un espacio donde los estudiantes puedan desarrollar habilidades pr\u00e1cticas en \u00e1reas como la producci\u00f3n radial, locuci\u00f3n, periodismo audiovisual, entre otras, as\u00ed como instituir talleres y cursos relacionados con la producci\u00f3n de contenidos radiales y periodismo para mejorar las competencias de los participantes.<\/p>\n\n\n\n<p>Busca, asimismo, integrar plataformas digitales y redes sociales como mecanismos para ampliar el alcance de la emisora y fomentar la participaci\u00f3n de la comunidad.<\/p>\n\n\n\n<p>La actividad fue llevada a cabo en el Sal\u00f3n APEC de la Cultura Jos\u00e9 Mar\u00eda Bonetti Burgos, y conform\u00f3, adem\u00e1s, las participaciones del&nbsp;Ing. Jos\u00e9 Antonio Gil, decano de Ciencias Econ\u00f3micas y Empresariales de la Universidad APEC y el Ing. Em\u00edn Rivera, decano de Ciencias e Ingenier\u00edas de la Universidad APEC.<\/p>\n\n\n\n<p>Se dieron cita, asimismo, autoridades p\u00fablicas y privadas vinculadas al \u00e1rea del arte y de la radiofusi\u00f3n, representantes acad\u00e9micos, decanos y directores de Unapec, estudiantes y medios de comunicaci\u00f3n, entre otros actores del medio informativo y radiof\u00f3nico.<\/p>\n\n\n\n<p>&nbsp;Rosa Mar\u00eda Jim\u00e9nez<\/p>\n\n\n\n<p><a href=\"mailto:rmj.comunicaciones@gmail.com\" target=\"_blank\" rel=\"noreferrer noopener\">rmj.comunicaciones@gmail.com<\/a><\/p>\n","protected":false},"excerpt":{"rendered":"<p>Abad L\u00f3pez explica detalles de Radio Unapec Se enmarca en la segunda&nbsp;Feria de Innovaci\u00f3n Universitaria Dominicana Innova 2024,&nbsp;que cuenta con el apoyo del&nbsp;Mescyt y la OGTIC, y es una muestra de innovaci\u00f3n, del avance de la comunicaci\u00f3n y de la transformaci\u00f3n digital que viene articul\u00e1ndose desde la casa de altos estudios Santo Domingo, D.N.&nbsp;&nbsp;La Universidad [&hellip;]<\/p>\n","protected":false},"author":28,"featured_media":520500,"comment_status":"closed","ping_status":"","sticky":true,"template":"","format":"standard","meta":{"footnotes":""},"categories":[21,20,25,27],"tags":[],"class_list":["post-520497","post","type-post","status-publish","format-standard","has-post-thumbnail","hentry","category-cultura","category-dominicana-hoy","category-gente","category-portada"],"_links":{"self":[{"href":"https:\/\/diariodominicano.com\/index.php?rest_route=\/wp\/v2\/posts\/520497","targetHints":{"allow":["GET"]}}],"collection":[{"href":"https:\/\/diariodominicano.com\/index.php?rest_route=\/wp\/v2\/posts"}],"about":[{"href":"https:\/\/diariodominicano.com\/index.php?rest_route=\/wp\/v2\/types\/post"}],"author":[{"embeddable":true,"href":"https:\/\/diariodominicano.com\/index.php?rest_route=\/wp\/v2\/users\/28"}],"replies":[{"embeddable":true,"href":"https:\/\/diariodominicano.com\/index.php?rest_route=%2Fwp%2Fv2%2Fcomments&post=520497"}],"version-history":[{"count":4,"href":"https:\/\/diariodominicano.com\/index.php?rest_route=\/wp\/v2\/posts\/520497\/revisions"}],"predecessor-version":[{"id":520503,"href":"https:\/\/diariodominicano.com\/index.php?rest_route=\/wp\/v2\/posts\/520497\/revisions\/520503"}],"wp:featuredmedia":[{"embeddable":true,"href":"https:\/\/diariodominicano.com\/index.php?rest_route=\/wp\/v2\/media\/520500"}],"wp:attachment":[{"href":"https:\/\/diariodominicano.com\/index.php?rest_route=%2Fwp%2Fv2%2Fmedia&parent=520497"}],"wp:term":[{"taxonomy":"category","embeddable":true,"href":"https:\/\/diariodominicano.com\/index.php?rest_route=%2Fwp%2Fv2%2Fcategories&post=520497"},{"taxonomy":"post_tag","embeddable":true,"href":"https:\/\/diariodominicano.com\/index.php?rest_route=%2Fwp%2Fv2%2Ftags&post=520497"}],"curies":[{"name":"wp","href":"https:\/\/api.w.org\/{rel}","templated":true}]}}