{"id":520491,"date":"2024-04-03T16:23:40","date_gmt":"2024-04-03T20:23:40","guid":{"rendered":"https:\/\/diariodominicano.com\/?p=520491"},"modified":"2024-04-03T16:27:02","modified_gmt":"2024-04-03T20:27:02","slug":"mas-de-un-millon-dominicanos-afectados-en-ny-nj-y-ct-por-fuertes-lluvias-y-vientos","status":"publish","type":"post","link":"https:\/\/diariodominicano.com\/?p=520491","title":{"rendered":"M\u00e1s de un mill\u00f3n dominicanos afectados en NY, NJ, y CT por fuertes lluvias y vientos"},"content":{"rendered":"\n<p><strong>Por Ram\u00f3n Mercedes<\/strong><\/p>\n\n\n\n<p><strong>NUEVA YORK.-&nbsp;<\/strong>M\u00e1s de un mill\u00f3n de dominicanos residentes en los estados de Nueva York, Nueva Jersey, Connecticut y otros aledanos son afectados este mi\u00e9rcoles por las fuertes tormentas de lluvias y vientos.<\/p>\n\n\n\n<p>El Manejo de Emergencias de NYC insta a los neoyorquinos a utilizar el transporte p\u00fablico y dejar tiempo extra para viajar debido a las lluvias y las inundaciones esperadas, las que se mantendr\u00e1n hasta la ma\u00f1ana de este jueves.<\/p>\n\n\n\n<p>Seg\u00fan los meteor\u00f3logos, se esperan al menos dos o tres pulgadas de lluvia en la Gran Manzana. A veces ser\u00e1n posibles r\u00e1fagas de m\u00e1s de 55 mph (90 kil\u00f3metros por horas) que pueden derribar ramas de \u00e1rboles y provocar cortes de energ\u00eda.<\/p>\n\n\n\n<p>\u201cTenemos los ojos puestos en todo ahora mismo. Hemos estado ejecutando el proceso interinstitucional para asegurarnos de que la ciudad est\u00e9 preparada. En realidad se trata del viaje de la tarde. Si puede tomar el transporte p\u00fablico, h\u00e1galo\u201d, dijo el comisionado de Manejo de Emergencias de la ciudad de Nueva York, Zachary Iscol.<\/p>\n","protected":false},"excerpt":{"rendered":"<p>Por Ram\u00f3n Mercedes NUEVA YORK.-&nbsp;M\u00e1s de un mill\u00f3n de dominicanos residentes en los estados de Nueva York, Nueva Jersey, Connecticut y otros aledanos son afectados este mi\u00e9rcoles por las fuertes tormentas de lluvias y vientos. El Manejo de Emergencias de NYC insta a los neoyorquinos a utilizar el transporte p\u00fablico y dejar tiempo extra para [&hellip;]<\/p>\n","protected":false},"author":28,"featured_media":520492,"comment_status":"closed","ping_status":"","sticky":true,"template":"","format":"standard","meta":{"footnotes":""},"categories":[20,23,27],"tags":[],"class_list":["post-520491","post","type-post","status-publish","format-standard","has-post-thumbnail","hentry","category-dominicana-hoy","category-internacional","category-portada"],"_links":{"self":[{"href":"https:\/\/diariodominicano.com\/index.php?rest_route=\/wp\/v2\/posts\/520491","targetHints":{"allow":["GET"]}}],"collection":[{"href":"https:\/\/diariodominicano.com\/index.php?rest_route=\/wp\/v2\/posts"}],"about":[{"href":"https:\/\/diariodominicano.com\/index.php?rest_route=\/wp\/v2\/types\/post"}],"author":[{"embeddable":true,"href":"https:\/\/diariodominicano.com\/index.php?rest_route=\/wp\/v2\/users\/28"}],"replies":[{"embeddable":true,"href":"https:\/\/diariodominicano.com\/index.php?rest_route=%2Fwp%2Fv2%2Fcomments&post=520491"}],"version-history":[{"count":1,"href":"https:\/\/diariodominicano.com\/index.php?rest_route=\/wp\/v2\/posts\/520491\/revisions"}],"predecessor-version":[{"id":520493,"href":"https:\/\/diariodominicano.com\/index.php?rest_route=\/wp\/v2\/posts\/520491\/revisions\/520493"}],"wp:featuredmedia":[{"embeddable":true,"href":"https:\/\/diariodominicano.com\/index.php?rest_route=\/wp\/v2\/media\/520492"}],"wp:attachment":[{"href":"https:\/\/diariodominicano.com\/index.php?rest_route=%2Fwp%2Fv2%2Fmedia&parent=520491"}],"wp:term":[{"taxonomy":"category","embeddable":true,"href":"https:\/\/diariodominicano.com\/index.php?rest_route=%2Fwp%2Fv2%2Fcategories&post=520491"},{"taxonomy":"post_tag","embeddable":true,"href":"https:\/\/diariodominicano.com\/index.php?rest_route=%2Fwp%2Fv2%2Ftags&post=520491"}],"curies":[{"name":"wp","href":"https:\/\/api.w.org\/{rel}","templated":true}]}}