{"id":520453,"date":"2024-04-03T10:39:48","date_gmt":"2024-04-03T14:39:48","guid":{"rendered":"https:\/\/diariodominicano.com\/?p=520453"},"modified":"2024-04-03T10:39:48","modified_gmt":"2024-04-03T14:39:48","slug":"el-velatorio-de-jose-manuel-del-castillo-vanderlinder-sera-la-tarde-de-este-miercoles-pld","status":"publish","type":"post","link":"https:\/\/diariodominicano.com\/?p=520453","title":{"rendered":"El velatorio de Jos\u00e9 Manuel Del Castillo Vanderlinder ser\u00e1 la tarde de este mi\u00e9rcoles: PLD"},"content":{"rendered":"\n<p><strong>El Partido de la Liberaci\u00f3n Dominicana (PLD)<\/strong>&nbsp;con pesar lamenta el fallecimiento del joven&nbsp;<strong>Jos\u00e9 Manuel Del Castillo Vanderlinder<\/strong>, hijo de&nbsp;<strong>Jos\u00e9 Del Castillo, miembro de su Comit\u00e9 Pol\u00edtico<\/strong><\/p>\n\n\n\n<p><strong>El Partido de la Liberaci\u00f3n Dominicana (PLD)<\/strong>&nbsp;con pesar lament\u00f3 el fallecimiento del&nbsp;<strong>joven Jos\u00e9 Manuel Del Castillo,<\/strong>&nbsp;hijo del senador por la provincia Barahona,&nbsp;<strong>Jos\u00e9 Del Castillo Savi\u00f1\u00f3n, miembro de su Comit\u00e9 Pol\u00edtico.<\/strong><strong><\/strong><\/p>\n\n\n\n<p>Mediante mensajes usando las redes sociales y los diferentes grupos en aplicaciones de mensajer\u00eda digital, la direcci\u00f3n pelede\u00edsta se ha manifestado lamentando el deceso del joven.<\/p>\n\n\n\n<p>Una esquela publicada por la familia informa del fallecimiento de Jos\u00e9 Manuel Del Castillo Vanderlinder, precisando que su velatorio se realizar\u00e1 en la Funeraria Blandino de la avenida Abraham Lincoln en la ciudad capital este mi\u00e9rcoles a partir de las tres de la tarde.<\/p>\n\n\n\n<p>Junto a las notas de dolor de los compa\u00f1eros y compa\u00f1eras del organismo del Senador por Barahona, la direcci\u00f3n del PLD, por razones de duelo, suspendi\u00f3 las actividades que se programaron para este d\u00eda en su sede nacional.<\/p>\n\n\n\n<p>Jos\u00e9 Manuel Del Castillo Vanderlinder ten\u00eda 19 a\u00f1os al momento de su muerte.<\/p>\n\n\n\n<p>En los mensajes &nbsp;&nbsp;los miembros del Comit\u00e9 Pol\u00edtico y Comit\u00e9 Central al lamentar el deceso de Josi Manuel Del Castillo, se manifiestan consolando a su padre y a sus familiares.<\/p>\n\n\n\n<p>Que Descanse en Paz.<\/p>\n\n\n\n<p><strong>SECRETAR\u00cdA DE COMUNICACIONES<\/strong><\/p>\n\n\n\n<p><strong>03 DE ABRIL, 2024.- &nbsp;<\/strong><\/p>\n","protected":false},"excerpt":{"rendered":"<p>El Partido de la Liberaci\u00f3n Dominicana (PLD)&nbsp;con pesar lamenta el fallecimiento del joven&nbsp;Jos\u00e9 Manuel Del Castillo Vanderlinder, hijo de&nbsp;Jos\u00e9 Del Castillo, miembro de su Comit\u00e9 Pol\u00edtico El Partido de la Liberaci\u00f3n Dominicana (PLD)&nbsp;con pesar lament\u00f3 el fallecimiento del&nbsp;joven Jos\u00e9 Manuel Del Castillo,&nbsp;hijo del senador por la provincia Barahona,&nbsp;Jos\u00e9 Del Castillo Savi\u00f1\u00f3n, miembro de su Comit\u00e9 [&hellip;]<\/p>\n","protected":false},"author":28,"featured_media":520454,"comment_status":"closed","ping_status":"","sticky":true,"template":"","format":"standard","meta":{"footnotes":""},"categories":[20,27],"tags":[],"class_list":["post-520453","post","type-post","status-publish","format-standard","has-post-thumbnail","hentry","category-dominicana-hoy","category-portada"],"_links":{"self":[{"href":"https:\/\/diariodominicano.com\/index.php?rest_route=\/wp\/v2\/posts\/520453","targetHints":{"allow":["GET"]}}],"collection":[{"href":"https:\/\/diariodominicano.com\/index.php?rest_route=\/wp\/v2\/posts"}],"about":[{"href":"https:\/\/diariodominicano.com\/index.php?rest_route=\/wp\/v2\/types\/post"}],"author":[{"embeddable":true,"href":"https:\/\/diariodominicano.com\/index.php?rest_route=\/wp\/v2\/users\/28"}],"replies":[{"embeddable":true,"href":"https:\/\/diariodominicano.com\/index.php?rest_route=%2Fwp%2Fv2%2Fcomments&post=520453"}],"version-history":[{"count":1,"href":"https:\/\/diariodominicano.com\/index.php?rest_route=\/wp\/v2\/posts\/520453\/revisions"}],"predecessor-version":[{"id":520455,"href":"https:\/\/diariodominicano.com\/index.php?rest_route=\/wp\/v2\/posts\/520453\/revisions\/520455"}],"wp:featuredmedia":[{"embeddable":true,"href":"https:\/\/diariodominicano.com\/index.php?rest_route=\/wp\/v2\/media\/520454"}],"wp:attachment":[{"href":"https:\/\/diariodominicano.com\/index.php?rest_route=%2Fwp%2Fv2%2Fmedia&parent=520453"}],"wp:term":[{"taxonomy":"category","embeddable":true,"href":"https:\/\/diariodominicano.com\/index.php?rest_route=%2Fwp%2Fv2%2Fcategories&post=520453"},{"taxonomy":"post_tag","embeddable":true,"href":"https:\/\/diariodominicano.com\/index.php?rest_route=%2Fwp%2Fv2%2Ftags&post=520453"}],"curies":[{"name":"wp","href":"https:\/\/api.w.org\/{rel}","templated":true}]}}