{"id":520366,"date":"2024-04-02T23:42:29","date_gmt":"2024-04-03T03:42:29","guid":{"rendered":"https:\/\/diariodominicano.com\/?p=520366"},"modified":"2024-04-02T23:43:04","modified_gmt":"2024-04-03T03:43:04","slug":"mescyt-y-ogtic-inauguran-ii-edicion-feria-universitaria-de-innovacion-en-el-recinto-de-la-unapec","status":"publish","type":"post","link":"https:\/\/diariodominicano.com\/?p=520366","title":{"rendered":"Mescyt y Ogtic inauguran II Edici\u00f3n Feria Universitaria de Innovaci\u00f3n en el recinto de la UNAPEC"},"content":{"rendered":"\n<p><\/p>\n\n\n\n<p><em>Viceministro del Mescyt, <strong>Genaro Rodr\u00edguez Mart\u00ednez<\/strong>, resalta rol de la innovaci\u00f3n y tecnolog\u00eda en el desarrollo de la humanidad<\/em><\/p>\n\n\n\n<figure class=\"wp-block-image size-full\"><img loading=\"lazy\" decoding=\"async\" width=\"1024\" height=\"683\" src=\"https:\/\/diariodominicano.com\/wp-content\/uploads\/2024\/04\/feri-uni-2.jpg\" alt=\"\" class=\"wp-image-520369\" srcset=\"https:\/\/diariodominicano.com\/wp-content\/uploads\/2024\/04\/feri-uni-2.jpg 1024w, https:\/\/diariodominicano.com\/wp-content\/uploads\/2024\/04\/feri-uni-2-300x200.jpg 300w, https:\/\/diariodominicano.com\/wp-content\/uploads\/2024\/04\/feri-uni-2-768x512.jpg 768w, https:\/\/diariodominicano.com\/wp-content\/uploads\/2024\/04\/feri-uni-2-816x544.jpg 816w\" sizes=\"auto, (max-width: 1024px) 100vw, 1024px\" \/><\/figure>\n\n\n\n<p><strong>SANTO DOMINGO<\/strong>, RD. &#8211; El Ministerio de Educaci\u00f3n Superior, Ciencia y Tecnolog\u00eda (MESCyT) y la Oficina Gubernamental de la Tecnolog\u00eda de la Informaci\u00f3n y Comunicaci\u00f3n (OGTIC) inauguraron la II Feria Universitaria de Innovaci\u00f3n, durante un acto celebrado en la Universidad UNAPEC, a donde asistieron autoridades acad\u00e9micas, funcionarios y estudiantes.<\/p>\n\n\n\n<p>El viceministro del MESCyT, doctor Genaro Rodr\u00edguez Mart\u00ednez, en representaci\u00f3n de su titular, doctor Franklin Garc\u00eda Ferm\u00edn, sostuvo que la innovaci\u00f3n y la tecnolog\u00eda constituyen dos pilares que sustentan el progreso de la humanidad.<\/p>\n\n\n\n<p>Rodr\u00edguez indic\u00f3 que \u201cdesde las grandes obras de arte hasta los avances cient\u00edficos y tecnol\u00f3gicos, la creatividad y la innovaci\u00f3n han dado forma a nuestra historia y nos han llevado hacia un futuro m\u00e1s brillante\u201d.<\/p>\n\n\n\n<p>Se\u00f1al\u00f3 que la Feria, \u201cla cual denominamos un espacio id\u00f3neo para vertebrar el talento humano en la Rep\u00fablica Dominicana, trasciende las fronteras de nuestras instituciones de educaci\u00f3n superior\u201d.<\/p>\n\n\n\n<p>Record\u00f3 que en la pasada edici\u00f3n m\u00e1s de 300 acad\u00e9micos compartieron sus investigaciones, proyectos y visiones y se dieron cita cera de 15 mil participantes de todo el pa\u00eds.<\/p>\n\n\n\n<p>\u201cEsta masiva participaci\u00f3n demuestra que la creatividad y la innovaci\u00f3n no conocen l\u00edmites geogr\u00e1ficos ni disciplina\u201d, dijo.<\/p>\n\n\n\n<p>\u201cSon fuerzas universales que nos impulsan al desarrollo\u201d, precis\u00f3 Rodr\u00edguez.<\/p>\n\n\n\n<p>Explic\u00f3 que este a\u00f1o la Feria se centra en cinco temas fundamentales: Innovaci\u00f3n, Ciencia, Tecnolog\u00eda, Emprendimiento y vinculaci\u00f3n con las Instituciones de Educaci\u00f3n Superior (IES).<\/p>\n\n\n\n<p>\u201cLa vinculaci\u00f3n IES-Empresas permite transferir conocimientos, investigaciones y tecnolog\u00edas al sector privado\u201d, asegur\u00f3.<\/p>\n\n\n\n<p>Rodr\u00edguez sostuvo que es de \u201cnotar que el compromiso del gobierno del presidente Luis Abinader con la innovaci\u00f3n es innegable.<\/p>\n\n\n\n<p>De su lado, el rector de la Universidad UNAPEC, ingeniero Franklin Holgu\u00edn Hach\u00e9, agradeci\u00f3 a las autoridades del MESCyT y de la OGTIC por haber seleccionado a ese centro acad\u00e9mico para la celebraci\u00f3n de la Feria.<\/p>\n\n\n\n<p>Elogi\u00f3 el papel del MESCyT en el desarrollo expansi\u00f3n de la comunidad universitaria en la Rep\u00fablica Dominicana.<\/p>\n\n\n\n<p>Al evento asistieron la licenciada Elsa Mar\u00eda Moquete, vicerrectora acad\u00e9mica de UNAPEC; Alejandro Moscoso Segarra, decano de la Facultad de Humanidades; Jos\u00e9 Antonio Gil, decano de Ciencias Econ\u00f3micas y Empresariales, y Alicia \u00c1lvarez, directora de la Escuela de Arte, entre otros.<\/p>\n\n\n\n<p><strong>DIRECCION DE COMUNICACIONES<\/strong><\/p>\n\n\n\n<p><strong>DEPARTAMENTO DE PRENSA<\/strong><\/p>\n\n\n\n<p><a target=\"_blank\" href=\"mailto:comunicacion@riego.gob.do\" rel=\"noreferrer noopener\">comunicacion@riego.gob.do<\/a><\/p>\n","protected":false},"excerpt":{"rendered":"<p>Viceministro del Mescyt, Genaro Rodr\u00edguez Mart\u00ednez, resalta rol de la innovaci\u00f3n y tecnolog\u00eda en el desarrollo de la humanidad SANTO DOMINGO, RD. &#8211; El Ministerio de Educaci\u00f3n Superior, Ciencia y Tecnolog\u00eda (MESCyT) y la Oficina Gubernamental de la Tecnolog\u00eda de la Informaci\u00f3n y Comunicaci\u00f3n (OGTIC) inauguraron la II Feria Universitaria de Innovaci\u00f3n, durante un acto [&hellip;]<\/p>\n","protected":false},"author":28,"featured_media":520367,"comment_status":"closed","ping_status":"","sticky":true,"template":"","format":"standard","meta":{"footnotes":""},"categories":[36,20,27],"tags":[],"class_list":["post-520366","post","type-post","status-publish","format-standard","has-post-thumbnail","hentry","category-hombresmujeresycosas","category-dominicana-hoy","category-portada"],"_links":{"self":[{"href":"https:\/\/diariodominicano.com\/index.php?rest_route=\/wp\/v2\/posts\/520366","targetHints":{"allow":["GET"]}}],"collection":[{"href":"https:\/\/diariodominicano.com\/index.php?rest_route=\/wp\/v2\/posts"}],"about":[{"href":"https:\/\/diariodominicano.com\/index.php?rest_route=\/wp\/v2\/types\/post"}],"author":[{"embeddable":true,"href":"https:\/\/diariodominicano.com\/index.php?rest_route=\/wp\/v2\/users\/28"}],"replies":[{"embeddable":true,"href":"https:\/\/diariodominicano.com\/index.php?rest_route=%2Fwp%2Fv2%2Fcomments&post=520366"}],"version-history":[{"count":2,"href":"https:\/\/diariodominicano.com\/index.php?rest_route=\/wp\/v2\/posts\/520366\/revisions"}],"predecessor-version":[{"id":520370,"href":"https:\/\/diariodominicano.com\/index.php?rest_route=\/wp\/v2\/posts\/520366\/revisions\/520370"}],"wp:featuredmedia":[{"embeddable":true,"href":"https:\/\/diariodominicano.com\/index.php?rest_route=\/wp\/v2\/media\/520367"}],"wp:attachment":[{"href":"https:\/\/diariodominicano.com\/index.php?rest_route=%2Fwp%2Fv2%2Fmedia&parent=520366"}],"wp:term":[{"taxonomy":"category","embeddable":true,"href":"https:\/\/diariodominicano.com\/index.php?rest_route=%2Fwp%2Fv2%2Fcategories&post=520366"},{"taxonomy":"post_tag","embeddable":true,"href":"https:\/\/diariodominicano.com\/index.php?rest_route=%2Fwp%2Fv2%2Ftags&post=520366"}],"curies":[{"name":"wp","href":"https:\/\/api.w.org\/{rel}","templated":true}]}}