{"id":520334,"date":"2024-04-03T12:39:18","date_gmt":"2024-04-03T16:39:18","guid":{"rendered":"https:\/\/diariodominicano.com\/?p=520334"},"modified":"2024-04-03T12:54:46","modified_gmt":"2024-04-03T16:54:46","slug":"amin-cruz-memoria-viva-padre-y-embajador-de-periodismo-hispanoamericano-y-latinoamericano-2","status":"publish","type":"post","link":"https:\/\/diariodominicano.com\/?p=520334","title":{"rendered":"Procuradur\u00eda de Medio Ambiente inform\u00f3 paraliz\u00f3 actividades il\u00edcitas de tres granceras que explotan las arenas en Manoguayabo"},"content":{"rendered":"\n<p><em><u>Cita a las responsables de esas empresas que incumplen las normas ambientales sobre la protecci\u00f3n de los acu\u00edferos&nbsp;<\/u><\/em> <\/p>\n\n\n\n<p><strong>SANTO DOMINGO (Rep\u00fablica Dominicana).-<\/strong>\u00a0Durante un operativo realizado en el sector Managuayabo, Santo Domingo Oeste, la Procuradur\u00eda Especializada para la Defensa del Medio Ambiente y los Recursos Naturales (Proedemaren) inform\u00f3 paraliz\u00f3 las operaciones de tres granceras, tras ser sorprendidas en operaciones de extracci\u00f3n y comercializaci\u00f3n de agregados en el r\u00edo Manoguayabo, en violaci\u00f3n a los art\u00edculos 174, 175 y 176 la Ley 64-00 de sobre el Medio Ambiente y los Recursos Naturales.<\/p>\n\n\n\n<p>En un comunicado de prensa se\u00f1ala que \u00abTras la inspecci\u00f3n, encabezada por el procurador titular de Proedemaren, Francisco Contreras, fueron paralizadas las operaciones de las plantas de agregados, RHP, ubicada en la carretera Factor\u00eda esquina Circunvalaci\u00f3n, Trainsiverma, que est\u00e1 instalada dentro de la misma cuenca acu\u00edfera y donde se pudo observar el procesamiento de materiales agregados del Rio Haina, y otra que tambi\u00e9n operaba de manera il\u00edcita, de propiedad de un ciudadano de nombre \u201cNey\u201d.<\/p>\n\n\n\n<figure class=\"wp-block-gallery has-nested-images columns-default is-cropped wp-block-gallery-1 is-layout-flex wp-block-gallery-is-layout-flex\">\n<figure class=\"wp-block-image size-large\"><img loading=\"lazy\" decoding=\"async\" width=\"1024\" height=\"767\" data-id=\"520481\" src=\"https:\/\/diariodominicano.com\/wp-content\/uploads\/2024\/04\/Proedemaren-paraliza-actividades-ilicitas-tres-granceras-que-explotan-las-arenas-en-Manoguayabo-1024x767.jpeg\" alt=\"\" class=\"wp-image-520481\" srcset=\"https:\/\/diariodominicano.com\/wp-content\/uploads\/2024\/04\/Proedemaren-paraliza-actividades-ilicitas-tres-granceras-que-explotan-las-arenas-en-Manoguayabo-1024x767.jpeg 1024w, https:\/\/diariodominicano.com\/wp-content\/uploads\/2024\/04\/Proedemaren-paraliza-actividades-ilicitas-tres-granceras-que-explotan-las-arenas-en-Manoguayabo-300x225.jpeg 300w, https:\/\/diariodominicano.com\/wp-content\/uploads\/2024\/04\/Proedemaren-paraliza-actividades-ilicitas-tres-granceras-que-explotan-las-arenas-en-Manoguayabo-768x575.jpeg 768w, https:\/\/diariodominicano.com\/wp-content\/uploads\/2024\/04\/Proedemaren-paraliza-actividades-ilicitas-tres-granceras-que-explotan-las-arenas-en-Manoguayabo-816x611.jpeg 816w, https:\/\/diariodominicano.com\/wp-content\/uploads\/2024\/04\/Proedemaren-paraliza-actividades-ilicitas-tres-granceras-que-explotan-las-arenas-en-Manoguayabo.jpeg 1280w\" sizes=\"auto, (max-width: 1024px) 100vw, 1024px\" \/><\/figure>\n\n\n\n<figure class=\"wp-block-image size-large\"><img loading=\"lazy\" decoding=\"async\" width=\"1024\" height=\"767\" data-id=\"520480\" src=\"https:\/\/diariodominicano.com\/wp-content\/uploads\/2024\/04\/Proedemaren-paraliza-actividades-ilicitas-de-tres-granceras-que-explotan-arenas-en-Manoguayabo-1024x767.jpeg\" alt=\"\" class=\"wp-image-520480\" srcset=\"https:\/\/diariodominicano.com\/wp-content\/uploads\/2024\/04\/Proedemaren-paraliza-actividades-ilicitas-de-tres-granceras-que-explotan-arenas-en-Manoguayabo-1024x767.jpeg 1024w, https:\/\/diariodominicano.com\/wp-content\/uploads\/2024\/04\/Proedemaren-paraliza-actividades-ilicitas-de-tres-granceras-que-explotan-arenas-en-Manoguayabo-300x225.jpeg 300w, https:\/\/diariodominicano.com\/wp-content\/uploads\/2024\/04\/Proedemaren-paraliza-actividades-ilicitas-de-tres-granceras-que-explotan-arenas-en-Manoguayabo-768x575.jpeg 768w, https:\/\/diariodominicano.com\/wp-content\/uploads\/2024\/04\/Proedemaren-paraliza-actividades-ilicitas-de-tres-granceras-que-explotan-arenas-en-Manoguayabo-816x611.jpeg 816w, https:\/\/diariodominicano.com\/wp-content\/uploads\/2024\/04\/Proedemaren-paraliza-actividades-ilicitas-de-tres-granceras-que-explotan-arenas-en-Manoguayabo.jpeg 1280w\" sizes=\"auto, (max-width: 1024px) 100vw, 1024px\" \/><\/figure>\n\n\n\n<figure class=\"wp-block-image size-large\"><img loading=\"lazy\" decoding=\"async\" width=\"1024\" height=\"767\" data-id=\"520479\" src=\"https:\/\/diariodominicano.com\/wp-content\/uploads\/2024\/04\/Proedemaren-paraliza-actividades-ilicitas-de-tres-granceras-que-explotan-las-arenas-Manoguayabo-1024x767.jpeg\" alt=\"\" class=\"wp-image-520479\" srcset=\"https:\/\/diariodominicano.com\/wp-content\/uploads\/2024\/04\/Proedemaren-paraliza-actividades-ilicitas-de-tres-granceras-que-explotan-las-arenas-Manoguayabo-1024x767.jpeg 1024w, https:\/\/diariodominicano.com\/wp-content\/uploads\/2024\/04\/Proedemaren-paraliza-actividades-ilicitas-de-tres-granceras-que-explotan-las-arenas-Manoguayabo-300x225.jpeg 300w, https:\/\/diariodominicano.com\/wp-content\/uploads\/2024\/04\/Proedemaren-paraliza-actividades-ilicitas-de-tres-granceras-que-explotan-las-arenas-Manoguayabo-768x575.jpeg 768w, https:\/\/diariodominicano.com\/wp-content\/uploads\/2024\/04\/Proedemaren-paraliza-actividades-ilicitas-de-tres-granceras-que-explotan-las-arenas-Manoguayabo-816x611.jpeg 816w, https:\/\/diariodominicano.com\/wp-content\/uploads\/2024\/04\/Proedemaren-paraliza-actividades-ilicitas-de-tres-granceras-que-explotan-las-arenas-Manoguayabo.jpeg 1280w\" sizes=\"auto, (max-width: 1024px) 100vw, 1024px\" \/><\/figure>\n\n\n\n<figure class=\"wp-block-image size-large\"><img loading=\"lazy\" decoding=\"async\" width=\"1024\" height=\"767\" data-id=\"520478\" src=\"https:\/\/diariodominicano.com\/wp-content\/uploads\/2024\/04\/Proedemaren-paraliza-actividades-ilicitas-de-tres-granceras-que-explotan-las-arenas-en-Manoguayabo-1024x767.jpeg\" alt=\"\" class=\"wp-image-520478\" srcset=\"https:\/\/diariodominicano.com\/wp-content\/uploads\/2024\/04\/Proedemaren-paraliza-actividades-ilicitas-de-tres-granceras-que-explotan-las-arenas-en-Manoguayabo-1024x767.jpeg 1024w, https:\/\/diariodominicano.com\/wp-content\/uploads\/2024\/04\/Proedemaren-paraliza-actividades-ilicitas-de-tres-granceras-que-explotan-las-arenas-en-Manoguayabo-300x225.jpeg 300w, https:\/\/diariodominicano.com\/wp-content\/uploads\/2024\/04\/Proedemaren-paraliza-actividades-ilicitas-de-tres-granceras-que-explotan-las-arenas-en-Manoguayabo-768x575.jpeg 768w, https:\/\/diariodominicano.com\/wp-content\/uploads\/2024\/04\/Proedemaren-paraliza-actividades-ilicitas-de-tres-granceras-que-explotan-las-arenas-en-Manoguayabo-816x611.jpeg 816w, https:\/\/diariodominicano.com\/wp-content\/uploads\/2024\/04\/Proedemaren-paraliza-actividades-ilicitas-de-tres-granceras-que-explotan-las-arenas-en-Manoguayabo.jpeg 1280w\" sizes=\"auto, (max-width: 1024px) 100vw, 1024px\" \/><\/figure>\n<\/figure>\n\n\n\n<p>En consecuencia, la Proedemaren informa que  paraliz\u00f3 todas las actividades para as\u00ed evitar que se siga afectando el medio ambiente. Adem\u00e1s, los responsables de las tres minas fueron citados a la sede de esta dependencia del Ministerio P\u00fablico.\u00a0<\/p>\n\n\n\n<p>Se les hizo saber que con dicha acci\u00f3n se han violentado en principio los art\u00edculos 174, 175 y 176, sancionados por el art\u00edculo 183 y siguientes de la Ley General de Medio Ambiente y Recursos Naturales.<\/p>\n\n\n\n<p>Asimismo, que no podr\u00e1 alegarse la falta de una certeza cient\u00edfica absoluta como raz\u00f3n para no adoptar medidas preventivas y eficaces en todas las actividades que impacten negativamente al medio ambiente, conforme al principio de precauci\u00f3n.<\/p>\n\n\n\n<p>Contreras indic\u00f3 que estas granceras operaban, en franca violaci\u00f3n a la Ley 64-00, \u201ca la vista de todo el mundo durante las 24 horas en el cauce del rio de Manoguayabo\u201d.&nbsp;<\/p>\n\n\n\n<p>En cuanto a las plantas Trainsivermas y la del nombrado \u201cNey\u201d, que operaban dentro del cauce del rio, ambas con una supuesta licencia ambiental a nombre de Maciel de los Santos Jim\u00e9nez.<\/p>\n\n\n\n<p>Adem\u00e1s, fueron citadas a comparecer ante la Proedemaren las plantas de agregados JP, a nombre de Andr\u00e9s Fala Toribio y Sabelis P\u00e9rez Mateo, a las que el Ministerio P\u00fablico investiga sobre el proceder de los agregados que procesan y comercializan.<\/p>\n\n\n\n<p>Contreras inform\u00f3 que estas plantas se est\u00e1n supliendo del rio de Manoguayabo, en el sector Lecher\u00eda, Santo Domingo Oeste. Estos operativos en conjunto seguir\u00e1n en todo el territorio nacional, a fin de detener estas violaciones ambientales de la extracci\u00f3n de materiales en los cauces de los r\u00edos.<\/p>\n\n\n\n<p><strong>Direcci\u00f3n General de Comunicaci\u00f3n, Prensa, y RRPP<\/strong><strong><\/strong><\/p>\n\n\n\n<p>Ministerio P\u00fablico.&nbsp;R.D.<\/p>\n\n\n\n<p><\/p>\n\n\n\n<p><\/p>\n","protected":false},"excerpt":{"rendered":"<p>Cita a las responsables de esas empresas que incumplen las normas ambientales sobre la protecci\u00f3n de los acu\u00edferos&nbsp; SANTO DOMINGO (Rep\u00fablica Dominicana).-\u00a0Durante un operativo realizado en el sector Managuayabo, Santo Domingo Oeste, la Procuradur\u00eda Especializada para la Defensa del Medio Ambiente y los Recursos Naturales (Proedemaren) inform\u00f3 paraliz\u00f3 las operaciones de tres granceras, tras ser [&hellip;]<\/p>\n","protected":false},"author":7,"featured_media":520478,"comment_status":"closed","ping_status":"","sticky":true,"template":"","format":"standard","meta":{"footnotes":""},"categories":[24,27],"tags":[],"class_list":["post-520334","post","type-post","status-publish","format-standard","has-post-thumbnail","hentry","category-justicia-y-derecho","category-portada"],"_links":{"self":[{"href":"https:\/\/diariodominicano.com\/index.php?rest_route=\/wp\/v2\/posts\/520334","targetHints":{"allow":["GET"]}}],"collection":[{"href":"https:\/\/diariodominicano.com\/index.php?rest_route=\/wp\/v2\/posts"}],"about":[{"href":"https:\/\/diariodominicano.com\/index.php?rest_route=\/wp\/v2\/types\/post"}],"author":[{"embeddable":true,"href":"https:\/\/diariodominicano.com\/index.php?rest_route=\/wp\/v2\/users\/7"}],"replies":[{"embeddable":true,"href":"https:\/\/diariodominicano.com\/index.php?rest_route=%2Fwp%2Fv2%2Fcomments&post=520334"}],"version-history":[{"count":5,"href":"https:\/\/diariodominicano.com\/index.php?rest_route=\/wp\/v2\/posts\/520334\/revisions"}],"predecessor-version":[{"id":520487,"href":"https:\/\/diariodominicano.com\/index.php?rest_route=\/wp\/v2\/posts\/520334\/revisions\/520487"}],"wp:featuredmedia":[{"embeddable":true,"href":"https:\/\/diariodominicano.com\/index.php?rest_route=\/wp\/v2\/media\/520478"}],"wp:attachment":[{"href":"https:\/\/diariodominicano.com\/index.php?rest_route=%2Fwp%2Fv2%2Fmedia&parent=520334"}],"wp:term":[{"taxonomy":"category","embeddable":true,"href":"https:\/\/diariodominicano.com\/index.php?rest_route=%2Fwp%2Fv2%2Fcategories&post=520334"},{"taxonomy":"post_tag","embeddable":true,"href":"https:\/\/diariodominicano.com\/index.php?rest_route=%2Fwp%2Fv2%2Ftags&post=520334"}],"curies":[{"name":"wp","href":"https:\/\/api.w.org\/{rel}","templated":true}]}}