{"id":520333,"date":"2024-04-03T12:17:36","date_gmt":"2024-04-03T16:17:36","guid":{"rendered":"https:\/\/diariodominicano.com\/?p=520333"},"modified":"2024-04-03T12:31:51","modified_gmt":"2024-04-03T16:31:51","slug":"tres-dedos-el-ecuatoriano-de-moda-estrena-ep-tras-vina-del-mar-y-su-colaboracion-con-nacho","status":"publish","type":"post","link":"https:\/\/diariodominicano.com\/?p=520333","title":{"rendered":"Tres Dedos, el ecuatoriano de moda, estrena EP tras Vi\u00f1a del Mar y su colaboraci\u00f3n con Nacho"},"content":{"rendered":"\n<p>\u201cNo eres t\u00fa\u201d es el primer videoclip de la producci\u00f3n <\/p>\n\n\n\n<p>John Taleb (Tres Dedos), el ecuatoriano de moda en la m\u00fasica urbana, estren\u00f3 EP luego de su presentaci\u00f3n en Vi\u00f1a del Mar y de su remix con el venezolano Nacho. \u201cNo eres t\u00fa\u201d es la canci\u00f3n del primer videoclip. Le siguen \u201cChica Misterio\u201d, \u201cSin Cojones\u201d, \u201cBoca de la Loba\u201d y \u201cMar\u00eda Elisa\u201d (Ft. Nacho).<\/p>\n\n\n\n<p>\u201cEste es el a\u00f1o de la internacionalizaci\u00f3n con este EP, pero vamos a lanzar otro y estamos trabajando en un \u00e1lbum. Visitaremos nuevamente M\u00e9xico, y haremos presentaciones en EEUU y Ecuador, as\u00ed que pronto podr\u00e9 saludar en directo a todos mis fans\u201d, dijo Tres Dedos.<\/p>\n\n\n\n<figure class=\"wp-block-embed is-type-video is-provider-youtube wp-block-embed-youtube wp-embed-aspect-16-9 wp-has-aspect-ratio\"><div class=\"wp-block-embed__wrapper\">\n<iframe loading=\"lazy\" title=\"Tres Dedos - No eres T\u00fa (Video Oficial)\" width=\"616\" height=\"347\" src=\"https:\/\/www.youtube.com\/embed\/UBnQE3c29sM?feature=oembed\" frameborder=\"0\" allow=\"accelerometer; autoplay; clipboard-write; encrypted-media; gyroscope; picture-in-picture; web-share\" referrerpolicy=\"strict-origin-when-cross-origin\" allowfullscreen><\/iframe>\n<\/div><\/figure>\n\n\n\n<p>\u201cNo eres t\u00fa\u201d fue compuesta por John Taleb, Frank Santofimio, Yoel Henr\u00edquez, Juan School, Lauro y Ronny Rodr\u00edguez, con la producci\u00f3n de Frank Santofimio y Lauro.<\/p>\n\n\n\n<p>A principios de a\u00f1o, Tres Dedos lanz\u00f3 el tema \u201cMar\u00eda Elisa\u201d, en colaboraci\u00f3n con el cantante venezolano Nacho. Ambos hab\u00edan coincidido en diversos eventos en Ecuador, pero la casualidad los uni\u00f3 en el estudio La Cueva Record\u2019s, cuando Tres Dedos trabajaba en dos canciones al lado de los productores Mannel y Jhon Pa\u00fal \u201cEl Incre\u00edble\u201d. A Nacho le gust\u00f3 el tema de \u201cMar\u00eda Elisa\u201d y acept\u00f3 colaborar en la versi\u00f3n.<\/p>\n\n\n\n<figure class=\"wp-block-gallery has-nested-images columns-default is-cropped wp-block-gallery-1 is-layout-flex wp-block-gallery-is-layout-flex\">\n<figure class=\"wp-block-image size-large\"><img loading=\"lazy\" decoding=\"async\" width=\"1006\" height=\"1024\" data-id=\"520472\" src=\"https:\/\/diariodominicano.com\/wp-content\/uploads\/2024\/04\/Tres-Dedos-el-ecuatoriano-de-moda-estrena-EP-tras-Vina-del-Mar-y-su-colaboracion-con-Nacho-1006x1024.jpg\" alt=\"\" class=\"wp-image-520472\" srcset=\"https:\/\/diariodominicano.com\/wp-content\/uploads\/2024\/04\/Tres-Dedos-el-ecuatoriano-de-moda-estrena-EP-tras-Vina-del-Mar-y-su-colaboracion-con-Nacho-1006x1024.jpg 1006w, https:\/\/diariodominicano.com\/wp-content\/uploads\/2024\/04\/Tres-Dedos-el-ecuatoriano-de-moda-estrena-EP-tras-Vina-del-Mar-y-su-colaboracion-con-Nacho-295x300.jpg 295w, https:\/\/diariodominicano.com\/wp-content\/uploads\/2024\/04\/Tres-Dedos-el-ecuatoriano-de-moda-estrena-EP-tras-Vina-del-Mar-y-su-colaboracion-con-Nacho-768x782.jpg 768w, https:\/\/diariodominicano.com\/wp-content\/uploads\/2024\/04\/Tres-Dedos-el-ecuatoriano-de-moda-estrena-EP-tras-Vina-del-Mar-y-su-colaboracion-con-Nacho-1509x1536.jpg 1509w, https:\/\/diariodominicano.com\/wp-content\/uploads\/2024\/04\/Tres-Dedos-el-ecuatoriano-de-moda-estrena-EP-tras-Vina-del-Mar-y-su-colaboracion-con-Nacho-2012x2048.jpg 2012w, https:\/\/diariodominicano.com\/wp-content\/uploads\/2024\/04\/Tres-Dedos-el-ecuatoriano-de-moda-estrena-EP-tras-Vina-del-Mar-y-su-colaboracion-con-Nacho-816x831.jpg 816w\" sizes=\"auto, (max-width: 1006px) 100vw, 1006px\" \/><\/figure>\n<\/figure>\n\n\n\n<p>Tres Dedos debut\u00f3 profesionalmente en 2018 con su primer sencillo oficial \u201cFrente a Frente\u201d, n\u00famero uno en los diferentes charts de radios de Ecuador. Su segundo single, el hit \u201cPor Tu Culpa\u201d, triunf\u00f3 en Per\u00fa, se mantuvo 18 semanas en el #1 en Ecuador, estuvo en el top 100 de Apple Music y obtuvo cinco Discos de Platino.<\/p>\n\n\n\n<p>En 2020, fue invitado por Alejandro Sanz para cantar a d\u00fao en su tour por Ecuador. Particip\u00f3 en el Festival Internacional de Vi\u00f1a del Mar 2023, donde represent\u00f3 a su pa\u00eds en la categor\u00eda internacional con la canci\u00f3n \u201cLo Siento\u201d.<\/p>\n\n\n\n<p>Sobre Tres Dedos<\/p>\n\n\n\n<p>Nacido en Guayaquil, Ecuador, John Taleb, conocido como Tres Dedos, ha enfocado su carrera en la fusi\u00f3n del pop con diferentes g\u00e9neros para crear canciones que lleguen no solo a los corazones del p\u00fablico, sino que tambi\u00e9n los haga bailar. Con m\u00e1s de cinco a\u00f1os de carrera, se destaca por temas como \u201cPor Tu Culpa\u201d, \u201cYa Se Enter\u00f3\u201d, \u201cLo Siento\u201d y \u201cT\u00fa Que T\u00fa\u201d (feat. Lennox). Hasta la fecha, sus sencillos han superado los m\u00e1s de 40 millones de streams en Spotify.<\/p>\n\n\n\n<p>Instagram: @tresdedosmusic<\/p>\n\n\n\n<p>TikTok: @tresdedosmusic<\/p>\n\n\n\n<p>Facebook: Tres Dedos<\/p>\n\n\n\n<p>YouTube: Tres Dedos<\/p>\n","protected":false},"excerpt":{"rendered":"<p>\u201cNo eres t\u00fa\u201d es el primer videoclip de la producci\u00f3n John Taleb (Tres Dedos), el ecuatoriano de moda en la m\u00fasica urbana, estren\u00f3 EP luego de su presentaci\u00f3n en Vi\u00f1a del Mar y de su remix con el venezolano Nacho. \u201cNo eres t\u00fa\u201d es la canci\u00f3n del primer videoclip. Le siguen \u201cChica Misterio\u201d, \u201cSin Cojones\u201d, [&hellip;]<\/p>\n","protected":false},"author":7,"featured_media":520473,"comment_status":"closed","ping_status":"","sticky":true,"template":"","format":"standard","meta":{"footnotes":""},"categories":[25],"tags":[],"class_list":["post-520333","post","type-post","status-publish","format-standard","has-post-thumbnail","hentry","category-gente"],"_links":{"self":[{"href":"https:\/\/diariodominicano.com\/index.php?rest_route=\/wp\/v2\/posts\/520333","targetHints":{"allow":["GET"]}}],"collection":[{"href":"https:\/\/diariodominicano.com\/index.php?rest_route=\/wp\/v2\/posts"}],"about":[{"href":"https:\/\/diariodominicano.com\/index.php?rest_route=\/wp\/v2\/types\/post"}],"author":[{"embeddable":true,"href":"https:\/\/diariodominicano.com\/index.php?rest_route=\/wp\/v2\/users\/7"}],"replies":[{"embeddable":true,"href":"https:\/\/diariodominicano.com\/index.php?rest_route=%2Fwp%2Fv2%2Fcomments&post=520333"}],"version-history":[{"count":4,"href":"https:\/\/diariodominicano.com\/index.php?rest_route=\/wp\/v2\/posts\/520333\/revisions"}],"predecessor-version":[{"id":520475,"href":"https:\/\/diariodominicano.com\/index.php?rest_route=\/wp\/v2\/posts\/520333\/revisions\/520475"}],"wp:featuredmedia":[{"embeddable":true,"href":"https:\/\/diariodominicano.com\/index.php?rest_route=\/wp\/v2\/media\/520473"}],"wp:attachment":[{"href":"https:\/\/diariodominicano.com\/index.php?rest_route=%2Fwp%2Fv2%2Fmedia&parent=520333"}],"wp:term":[{"taxonomy":"category","embeddable":true,"href":"https:\/\/diariodominicano.com\/index.php?rest_route=%2Fwp%2Fv2%2Fcategories&post=520333"},{"taxonomy":"post_tag","embeddable":true,"href":"https:\/\/diariodominicano.com\/index.php?rest_route=%2Fwp%2Fv2%2Ftags&post=520333"}],"curies":[{"name":"wp","href":"https:\/\/api.w.org\/{rel}","templated":true}]}}