{"id":520294,"date":"2024-04-02T16:14:39","date_gmt":"2024-04-02T20:14:39","guid":{"rendered":"https:\/\/diariodominicano.com\/?p=520294"},"modified":"2024-04-02T16:16:35","modified_gmt":"2024-04-02T20:16:35","slug":"lou-conter-ultimo-superviviente-del-uss-arizona-del-ataque-a-pearl-harbor-muere-a-los-102-anos","status":"publish","type":"post","link":"https:\/\/diariodominicano.com\/?p=520294","title":{"rendered":"Lou Conter, \u00faltimo superviviente del USS Arizona del ataque a Pearl Harbor, muere a los 102 a\u00f1os"},"content":{"rendered":"\n<p>ARCHIVO &#8211; Lou Conter asiste a las ceremonias por el 75 aniversario del ataque japon\u00e9s a Pearl Harbor, el 7 de diciembre de 2016, en Honolulu.<\/p>\n\n\n\n<p>abril 02, 2024<\/p>\n\n\n\n<ul class=\"wp-block-list\">\n<li><a href=\"https:\/\/www.vozdeamerica.com\/author\/associated-press\/v_kyr\">Associated Press<\/a><\/li>\n<\/ul>\n\n\n\n<ul class=\"wp-block-list\">\n<li><a href=\"https:\/\/facebook.com\/sharer.php?u=https%3a%2f%2fwww.vozdeamerica.com%2fa%2flou-conter-ultimo-superviviente-del-uss-arizona-ataque-a-pearl-harbor-muere-a-los-102-anos%2f7553243.html\" target=\"_blank\" rel=\"noreferrer noopener\"><\/a><\/li>\n\n\n\n<li><a href=\"https:\/\/twitter.com\/share?url=https%3a%2f%2fwww.vozdeamerica.com%2fa%2flou-conter-ultimo-superviviente-del-uss-arizona-ataque-a-pearl-harbor-muere-a-los-102-anos%2f7553243.html&amp;text=Lou+Conter%2c+%c3%baltimo+superviviente+del+USS+Arizona+del+ataque+a+Pearl+Harbor%2c+muere+a+los+102+a%c3%b1os\" target=\"_blank\" rel=\"noreferrer noopener\"><\/a><\/li>\n\n\n\n<li><\/li>\n\n\n\n<li><a href=\"mailto:?body=https%3a%2f%2fwww.vozdeamerica.com%2fa%2flou-conter-ultimo-superviviente-del-uss-arizona-ataque-a-pearl-harbor-muere-a-los-102-anos%2f7553243.html&amp;subject=Lou%20Conter,%20%C3%BAltimo%20superviviente%20del%20USS%20Arizona%20del%20ataque%20a%20Pearl%20Harbor,%20muere%20a%20los%20102%20a%C3%B1os\"><\/a><\/li>\n<\/ul>\n\n\n\n<p><a href=\"https:\/\/www.vozdeamerica.com\/a\/lou-conter-ultimo-superviviente-del-uss-arizona-ataque-a-pearl-harbor-muere-a-los-102-anos\/7553243.html#comments\">&nbsp;Vea comentarios<\/a><\/p>\n\n\n\n<p>Lou Conter, el \u00faltimo sobreviviente vivo del acorazado USS Arizona que explot\u00f3 y se hundi\u00f3 durante el bombardeo japon\u00e9s de Pearl Harbor, muri\u00f3. Falleci\u00f3 el lunes a los 102 a\u00f1os en su casa de Grass Valley, California.<\/p>\n\n\n\n<p>HONOLULU, HAW\u00c1I, EEUU \u2014&nbsp;<\/p>\n\n\n\n<p>Lou Conter, el \u00faltimo superviviente vivo del acorazado USS Arizona que explot\u00f3 y se hundi\u00f3 durante el bombardeo japon\u00e9s de Pearl Harbor, ha muerto. Ten\u00eda 102 a\u00f1os.<\/p>\n\n\n\n<p>Conter falleci\u00f3 el lunes en su casa en Grass Valley, California, luego de una insuficiencia card\u00edaca congestiva, dijo su hija, Louann Daley, agregando que estaba a su lado junto con dos de sus hermanos, James y Jeff.<\/p>\n\n\n\n<p>El Arizona perdi\u00f3 1.177 marineros e infantes de marina en el ataque de 1941 que lanz\u00f3 a Estados Unidos a la Segunda Guerra Mundial. Los muertos del acorazado representan casi la mitad de los muertos en el ataque.<\/p>\n\n\n\n<p>Conter era intendente y estaba de pie en la cubierta principal del Arizona mientras los aviones japoneses sobrevolaban a las 7:55 a.m. del 7 de diciembre de ese a\u00f1o. Los marineros apenas comenzaban a izar colores o izar la bandera cuando comenz\u00f3 el asalto.<br>Conter record\u00f3 c\u00f3mo una bomba penetr\u00f3 las cubiertas de acero 13 minutos despu\u00e9s de la batalla y deton\u00f3 m\u00e1s de 1 mill\u00f3n de libras (450.000 kilogramos) de p\u00f3lvora almacenada debajo.<\/p>\n\n\n\n<p>La explosi\u00f3n levant\u00f3 el acorazado de 30 a 40 pies (9 a 12 metros) fuera del agua, dijo durante una entrevista de historia oral de 2008 almacenada en la Biblioteca del Congreso. Todo estaba en llamas desde el palo mayor hacia adelante, dijo.<\/p>\n\n\n\n<figure class=\"wp-block-image\"><img decoding=\"async\" src=\"https:\/\/gdb.voanews.com\/09410000-0a00-0242-d037-08dad71cb908_w650_r0_s.jpg\" alt=\"ARCHIVO - En esta fotograf\u00eda proporcionada por la Marina de EEUU, el destructor USS Shaw explota despu\u00e9s de ser alcanzado por bombas durante el ataque japon\u00e9s a Pearl Harbor, Haw\u00e1i, el 7 de diciembre de 1941.\"\/><figcaption class=\"wp-element-caption\">ARCHIVO &#8211; En esta fotograf\u00eda proporcionada por la Marina de EEUU, el destructor USS Shaw explota despu\u00e9s de ser alcanzado por bombas durante el ataque japon\u00e9s a Pearl Harbor, Haw\u00e1i, el 7 de diciembre de 1941.<\/figcaption><\/figure>\n\n\n\n<p>\u00abLos muchachos sal\u00edan corriendo del fuego e intentaban saltar por los lados\u00bb, indic\u00f3 Conter. \u00abEl petr\u00f3leo ard\u00eda por todo el mar\u00bb.<\/p>\n\n\n\n<p>Su autobiograf\u00eda \u201cLa historia de Lou Conter\u201d relata c\u00f3mo se uni\u00f3 a otros sobrevivientes para atender a los heridos, muchos de ellos ciegos y gravemente quemados. Los marineros s\u00f3lo abandonaron el barco cuando su oficial superior superviviente estuvo seguro de que hab\u00edan rescatado a todos los que a\u00fan estaban vivos.<\/p>\n\n\n\n<p>Los restos oxidados del Arizona a\u00fan se encuentran en el lugar donde se hundi\u00f3. M\u00e1s de 900 marineros e infantes de marina permanecen sepultados en su interior. S\u00f3lo sobrevivieron 335 miembros de la tripulaci\u00f3n del Arizona.<\/p>\n\n\n\n<p>Conter fue a la escuela de vuelo despu\u00e9s de Pearl Harbor, y obtuvo sus alas para volar bombarderos de patrulla PBY, que la Armada usaba para buscar submarinos y bombardear objetivos enemigos. Vol\u00f3 200 misiones de combate en el Pac\u00edfico con un escuadr\u00f3n de \u201cGatos Negros\u201d, que realizaba bombardeos en picado por la noche en aviones pintados de negro.<\/p>\n\n\n\n<figure class=\"wp-block-image\"><img decoding=\"async\" src=\"https:\/\/gdb.voanews.com\/022a0000-0aff-0242-4cb8-08dad71cafb4_w650_r0_s.jpg\" alt=\"ARCHIVO - Lou Conter, sobreviviente de Pearl Harbor, de 102 a\u00f1os, sostiene una r\u00e9plica enmarcada del Honolulu Star-Bulletin del 7 de diciembre de 1941 en su casa en Grass Valley, California, el 18 de noviembre de 2022.\"\/><figcaption class=\"wp-element-caption\">ARCHIVO &#8211; Lou Conter, sobreviviente de Pearl Harbor, de 102 a\u00f1os, sostiene una r\u00e9plica enmarcada del Honolulu Star-Bulletin del 7 de diciembre de 1941 en su casa en Grass Valley, California, el 18 de noviembre de 2022.<\/figcaption><\/figure>\n\n\n\n<p>En 1943, \u00e9l y su tripulaci\u00f3n fueron derribados en aguas cercanas a Nueva Guinea y tuvieron que evitar los tiburones. Un marinero expres\u00f3 dudas de que sobrevivir\u00edan, a lo que Conter respondi\u00f3: \u00abtonter\u00edas\u00bb.<\/p>\n\n\n\n<p>\u201cNunca entres en p\u00e1nico en ninguna situaci\u00f3n. Sobrevivir es lo primero que les dices. No entres en p\u00e1nico o est\u00e1s muerto\u201d, dijo. Estaban tranquilos y flotando en el agua hasta que lleg\u00f3 otro avi\u00f3n horas m\u00e1s tarde y les dej\u00f3 caer un bote salvavidas.<\/p>\n\n\n\n<p>A finales de la d\u00e9cada de 1950, fue nombrado el primer oficial SERE de la Marina, un acr\u00f3nimo de supervivencia, evasi\u00f3n, resistencia y escape. Pas\u00f3 la siguiente d\u00e9cada entrenando a pilotos y tripulantes de la Armada sobre c\u00f3mo sobrevivir si eran derribados en la jungla y capturados como prisioneros de guerra. Algunos de sus alumnos aprovecharon sus lecciones como prisioneros de guerra en Vietnam.<\/p>\n\n\n\n<p>Conter se retir\u00f3 en 1967 despu\u00e9s de 28 a\u00f1os en la Marina.<\/p>\n\n\n\n<p>Conter naci\u00f3 en Ojibwa, Wisconsin, el 13 de septiembre de 1921. M\u00e1s tarde, su familia se mud\u00f3 a Colorado, donde camin\u00f3 cinco millas (ocho kil\u00f3metros) de ida a la escuela en las afueras de Denver.<\/p>\n\n\n\n<p>Se alist\u00f3 en la Marina despu\u00e9s de cumplir 18 a\u00f1os, ganando 17 d\u00f3lares al mes y una hamaca para su litera en el campo de entrenamiento.<br>Conter se hab\u00eda ido debilitando cada vez m\u00e1s en los \u00faltimos meses y fue hospitalizado durante 10 d\u00edas en febrero, dijo su hija. Hab\u00eda estado en un centro de cuidados paliativos desde que regres\u00f3 a casa.<br>Le dijo a su familia que los amaba, les agradeci\u00f3 por estar con \u00e9l y cuidarlo en casa.<br>\u201cMe alegro de que est\u00e9 en paz. Me alegro de que no haya sufrido. S\u00e9 que cuando hizo la transici\u00f3n, hab\u00eda mucha gente esper\u00e1ndolo: su esposa Val, a quien amaba much\u00edsimo\u201d, dijo Daley.<br>A Conter tambi\u00e9n le sobreviven otro hijo, Tony, un hijastro, Ron Fudge, y muchos nietos, bisnietos, sobrinas y sobrinos. Los arreglos funerarios estaban pendientes. La familia planea enterrarlo en Grass Valley, junto a su difunta esposa Valerie, quien muri\u00f3 en 2016 despu\u00e9s de haber estado casados durante 45 a\u00f1os.<\/p>\n\n\n\n<p>Con la muerte de Conter, ahora quedan 19 sobrevivientes del ataque a Pearl Harbor, seg\u00fan Kathleen Farley, presidenta del estado de California de los Hijos e Hijas de los Sobrevivientes de Pearl Harbor. Alrededor de 87.000 militares se encontraban en Oahu el 7 de diciembre, seg\u00fan una estimaci\u00f3n aproximada compilada por el historiador militar J. Michael Wenger.<\/p>\n\n\n\n<p>En sus \u00faltimos a\u00f1os, Conter se convirti\u00f3 en un elemento habitual de las ceremonias conmemorativas anuales en Pearl Harbor que la Armada y el Servicio de Parques Nacionales organizaron conjuntamente en los aniversarios del ataque de 1941. Cuando no tuvo fuerzas para asistir en persona, grab\u00f3 mensajes en video para quienes se reunieron y observaron de forma remota desde su casa en California.<\/p>\n\n\n\n<p>En 2019, cuando ten\u00eda 98 a\u00f1os, dijo que le gustaba ir a recordar a quienes perdieron la vida.<\/p>\n\n\n\n<p>\u201cSiempre es bueno volver y mostrarles respeto y darles los m\u00e1ximos honores que se merecen\u201d, dijo.<\/p>\n\n\n\n<p>Aunque muchos trataron al cada vez m\u00e1s reducido grupo de supervivientes de Pearl Harbor como h\u00e9roes, Conter rechaz\u00f3 la etiqueta.<\/p>\n\n\n\n<p>\u201cLos 2.403 hombres que murieron son los h\u00e9roes. Y tenemos que honrarlos antes que a los dem\u00e1s. Y lo he dicho siempre, y creo que hay que recalcarlo\u201d, dijo Conter a The Associated Press en una entrevista de 2022 en su casa de California.<\/p>\n","protected":false},"excerpt":{"rendered":"<p>ARCHIVO &#8211; Lou Conter asiste a las ceremonias por el 75 aniversario del ataque japon\u00e9s a Pearl Harbor, el 7 de diciembre de 2016, en Honolulu. abril 02, 2024 &nbsp;Vea comentarios Lou Conter, el \u00faltimo sobreviviente vivo del acorazado USS Arizona que explot\u00f3 y se hundi\u00f3 durante el bombardeo japon\u00e9s de Pearl Harbor, muri\u00f3. Falleci\u00f3 [&hellip;]<\/p>\n","protected":false},"author":28,"featured_media":520298,"comment_status":"closed","ping_status":"","sticky":true,"template":"","format":"standard","meta":{"footnotes":""},"categories":[36,26,25,23],"tags":[],"class_list":["post-520294","post","type-post","status-publish","format-standard","has-post-thumbnail","hentry","category-hombresmujeresycosas","category-efemerides","category-gente","category-internacional"],"_links":{"self":[{"href":"https:\/\/diariodominicano.com\/index.php?rest_route=\/wp\/v2\/posts\/520294","targetHints":{"allow":["GET"]}}],"collection":[{"href":"https:\/\/diariodominicano.com\/index.php?rest_route=\/wp\/v2\/posts"}],"about":[{"href":"https:\/\/diariodominicano.com\/index.php?rest_route=\/wp\/v2\/types\/post"}],"author":[{"embeddable":true,"href":"https:\/\/diariodominicano.com\/index.php?rest_route=\/wp\/v2\/users\/28"}],"replies":[{"embeddable":true,"href":"https:\/\/diariodominicano.com\/index.php?rest_route=%2Fwp%2Fv2%2Fcomments&post=520294"}],"version-history":[{"count":1,"href":"https:\/\/diariodominicano.com\/index.php?rest_route=\/wp\/v2\/posts\/520294\/revisions"}],"predecessor-version":[{"id":520299,"href":"https:\/\/diariodominicano.com\/index.php?rest_route=\/wp\/v2\/posts\/520294\/revisions\/520299"}],"wp:featuredmedia":[{"embeddable":true,"href":"https:\/\/diariodominicano.com\/index.php?rest_route=\/wp\/v2\/media\/520298"}],"wp:attachment":[{"href":"https:\/\/diariodominicano.com\/index.php?rest_route=%2Fwp%2Fv2%2Fmedia&parent=520294"}],"wp:term":[{"taxonomy":"category","embeddable":true,"href":"https:\/\/diariodominicano.com\/index.php?rest_route=%2Fwp%2Fv2%2Fcategories&post=520294"},{"taxonomy":"post_tag","embeddable":true,"href":"https:\/\/diariodominicano.com\/index.php?rest_route=%2Fwp%2Fv2%2Ftags&post=520294"}],"curies":[{"name":"wp","href":"https:\/\/api.w.org\/{rel}","templated":true}]}}